{"id":30289,"date":"2022-11-25T12:29:24","date_gmt":"2022-11-25T18:29:24","guid":{"rendered":"https:\/\/eloficiodehistoriar.com.mx\/?p=30289"},"modified":"2022-11-25T12:29:24","modified_gmt":"2022-11-25T18:29:24","slug":"por-primera-vez-el-enigmatico-y-polemico-artista-britanico-banksy-autoriza-la-publicacion-de-un-libro","status":"publish","type":"post","link":"https:\/\/eloficiodehistoriar.com.mx\/?p=30289","title":{"rendered":"Por primera vez, el enigm\u00e1tico y pol\u00e9mico artista brit\u00e1nico Banksy autoriza la publicaci\u00f3n de un libro"},"content":{"rendered":"<div id=\"article-cont\" class=\"main-cont article-cont actuality\">\n<div class=\"cabeza\">El primer libro autorizado por el enigm\u00e1tico Banksy que recorre su vida y obra; lo edita Akal<\/div>\n<div class=\"sumarios\">\n<p>Con permiso del sello,\u00a0<em>La Jornada\u00a0<\/em>publica en estas p\u00e1ginas algunos textos y gr\u00e1ficos incluidos en el t\u00edtulo<\/p>\n<\/div>\n<div id=\"article-text\" class=\"text\">\n<div class=\"foto\">\n<div class=\"pie-foto\">El volumen se presentar\u00e1 este domingo en la FIL de Guadalajara.<\/div>\n<div><\/div>\n<div class=\"pie-foto\"><em>Napalm Serpentine edition<\/em> (2006-2007), serigraf\u00eda sobre papel con manchas de sangre.<\/div>\n<div><\/div>\n<div class=\"pie-foto\">M\u00f3nica Mateos-Vega<\/div>\n<\/div>\n<div class=\"col col1\">\n<div class=\"credito-titulo\"><\/div>\n<div class=\"hemero\">La Jornada<\/p>\n<\/div>\n<p class=\"s-s\">Por primera vez, el enigm\u00e1tico y pol\u00e9mico artista brit\u00e1nico Banksy autoriza la publicaci\u00f3n de un libro (por conducto de la organizaci\u00f3n Pest Control), en el que plantea un recorrido por su vida y obra.<\/p>\n<p>Publicado en espa\u00f1ol por Akal, editorial que en exclusiva ofrece a los lectores de\u00a0<em>La Jornada\u00a0<\/em>un adelanto de esa obra, el volumen fue preparado por los curadores e investigadores Gianluca Marziani y Stefano Antonelli, este \u00faltimo comisario en 2016 de la primera exhibici\u00f3n monogr\u00e1fica sobre Banksy en Roma, Italia.<\/p>\n<p>Los autores intentan responder las preguntas que han girado durante d\u00e9cadas en torno al rey del street art: \u201c\u00bfQu\u00e9 es realmente Banksy, un artista o un activista? \u00bfCu\u00e1l es su relaci\u00f3n con el mercado? Y, sobre todo, \u00bfqui\u00e9n diantres es Banksy?<\/p>\n<p><q>Lo \u00fanico cierto es que su figura ha alcanzado fama planetaria. Su trabajo siempre ha tenido impl\u00edcitas una cr\u00edtica pol\u00edtica a cualquier forma de discriminaci\u00f3n, una cr\u00edtica del consumismo, de la contaminaci\u00f3n medioambiental y del orden constituido. Pero, ante todo, es un fantasma: estamos ante un caso ejemplar de una notoriedad construida sobre la ausencia, el anonimato, la negaci\u00f3n de la contribuci\u00f3n expl\u00edcita al debate p\u00fablico salvo en t\u00e9rminos de activismo creativo<\/q>.<\/p>\n<p>La traducci\u00f3n de este magn\u00edfico perfil de quien es considerado un hito en el arte contempor\u00e1neo fue realizada por Juan Gonz\u00e1lez-Castelao. El libro, a\u00f1aden los editores,\u00a0<q>plantea un recorrido por la vida, la obra y las ideas del artista m\u00e1s discutido de los decenios recientes. Y aborda uno de los temas m\u00e1s controvertidos: su relaci\u00f3n con el mercado, a un tiempo distante, hostil, mas plenamente inserta en una l\u00f3gica del mercadeo que se ha mostrado como una de las m\u00e1s eficaces jam\u00e1s experimentadas. En suma, una contradicci\u00f3n aparente (o real) entre la adhesi\u00f3n al mercado y una cr\u00edtica feroz de ese mismo mercado<\/q>.<\/p>\n<\/div>\n<div class=\"col col2\">\n<p>Desde las primeras p\u00e1ginas, el libro revela:\u00a0<q>Banksy nace en Bristol en 1974, no en Yate en 1973<\/q>, para luego matizar:\u00a0<q>En Banksy la cosa es as\u00ed: los \u00fanicos hechos objetivamente verdaderos son sus obras; en cuanto a su vida, es dif\u00edcil distinguir la verdad epistemol\u00f3gica de la mitol\u00f3gica<\/q>.<\/p>\n<p>Un muro, dice Banksy,\u00a0<q>es un arma muy poderosa. Es una de las peores cosas con las que puedes golpear a alguien<\/q>; en estas p\u00e1ginas est\u00e1n todas aquellas escenas que desde los muros de un sinf\u00edn de ciudades han incomodado, sobre todo, al poder.<\/p>\n<p>El recorrido que se hace por la vida y obra del artista no deja de lado su paso por M\u00e9xico. Banksy visit\u00f3 Chiapas en 1999 y 2001, jug\u00f3 futbol con los zapatistas, comparti\u00f3 reflexiones con el\u00a0<em>subcomandante Marcos\u00a0<\/em>y, por supuesto, plasm\u00f3 su huella en las paredes al sumar a su iconograf\u00eda, entre otras im\u00e1genes, la del zapatista encapuchado, con fusil al hombro, haciendo una chilena (obra titulada\u00a0<em>Football Terrorist).<\/em><\/p>\n<p>En la actualidad, se\u00f1alan Antonelli y Marziani, las obras de Banksy alcanzan cifras astron\u00f3micas \u201csuperando ya habitualmente un mill\u00f3n de euros (\u2026) Banksy es hoy una de las formas m\u00e1s inteligentes de invertir recursos para proteger el dinero propio y verlo realmente crecer con plusval\u00edas de ganancia futura real\u201d.<\/p>\n<p>Si bien no deja de ser un provocador y feroz cr\u00edtico de esa vor\u00e1gine mercantil, tambi\u00e9n acepta con iron\u00eda:\u00a0<q>No podemos hacer nada para cambiar el mundo hasta que el capitalismo se desmorone. Mientras tanto, deber\u00edamos ir todos de compras para consolarnos<\/q>.<\/p>\n<p>El libro\u00a0<em>Banksy,\u00a0<\/em>de editorial Akal, se presenta en la Feria Internacional del Libro (FIL) de Guadalajara este domingo a las 18 horas en el Sal\u00f3n C del \u00c1rea Internacional. Participan: Ariadna Akal, Jos\u00e9 Luis Paredes Pacho e Itxaso Larra\u00f1aga.<\/p>\n<\/div>\n<\/div>\n<div class=\"go gui\">\n<div class=\"go-up\"><\/div>\n<\/div>\n<\/div>\n<div id=\"taboola-below-content-thumbnails\" class=\" trc_related_container trc_spotlight_widget tbl-feed-container tbl-feed-frame-DIVIDER  render-late-effect\" data-feed-container-num=\"1\" data-feed-main-container-id=\"taboola-below-content-thumbnails\" data-parent-placement-name=\"Below Content Thumbnails\" data-pub-lang=\"es\">\n<div class=\" tbl-feed-header tbl-logo-right-position\">\n<div class=\"tbl-feed-header-logo\"><\/div>\n<\/div>\n<\/div>\n","protected":false},"excerpt":{"rendered":"<p>El primer libro autorizado por el enigm\u00e1tico Banksy que recorre su vida y obra; lo edita Akal Con permiso del sello,\u00a0La Jornada\u00a0publica en estas p\u00e1ginas algunos textos y gr\u00e1ficos incluidos en el t\u00edtulo El volumen se presentar\u00e1 este domingo en la FIL de Guadalajara. Napalm Serpentine edition (2006-2007), serigraf\u00eda sobre papel con manchas de sangre. [&hellip;]<\/p>\n","protected":false},"author":249,"featured_media":30290,"comment_status":"open","ping_status":"closed","sticky":false,"template":"","format":"standard","meta":{"footnotes":""},"categories":[26],"tags":[],"class_list":["post-30289","post","type-post","status-publish","format-standard","has-post-thumbnail","hentry","category-mundo"],"_links":{"self":[{"href":"https:\/\/eloficiodehistoriar.com.mx\/index.php?rest_route=\/wp\/v2\/posts\/30289","targetHints":{"allow":["GET"]}}],"collection":[{"href":"https:\/\/eloficiodehistoriar.com.mx\/index.php?rest_route=\/wp\/v2\/posts"}],"about":[{"href":"https:\/\/eloficiodehistoriar.com.mx\/index.php?rest_route=\/wp\/v2\/types\/post"}],"author":[{"embeddable":true,"href":"https:\/\/eloficiodehistoriar.com.mx\/index.php?rest_route=\/wp\/v2\/users\/249"}],"replies":[{"embeddable":true,"href":"https:\/\/eloficiodehistoriar.com.mx\/index.php?rest_route=%2Fwp%2Fv2%2Fcomments&post=30289"}],"version-history":[{"count":1,"href":"https:\/\/eloficiodehistoriar.com.mx\/index.php?rest_route=\/wp\/v2\/posts\/30289\/revisions"}],"predecessor-version":[{"id":30291,"href":"https:\/\/eloficiodehistoriar.com.mx\/index.php?rest_route=\/wp\/v2\/posts\/30289\/revisions\/30291"}],"wp:featuredmedia":[{"embeddable":true,"href":"https:\/\/eloficiodehistoriar.com.mx\/index.php?rest_route=\/wp\/v2\/media\/30290"}],"wp:attachment":[{"href":"https:\/\/eloficiodehistoriar.com.mx\/index.php?rest_route=%2Fwp%2Fv2%2Fmedia&parent=30289"}],"wp:term":[{"taxonomy":"category","embeddable":true,"href":"https:\/\/eloficiodehistoriar.com.mx\/index.php?rest_route=%2Fwp%2Fv2%2Fcategories&post=30289"},{"taxonomy":"post_tag","embeddable":true,"href":"https:\/\/eloficiodehistoriar.com.mx\/index.php?rest_route=%2Fwp%2Fv2%2Ftags&post=30289"}],"curies":[{"name":"wp","href":"https:\/\/api.w.org\/{rel}","templated":true}]}}