{"id":30292,"date":"2022-11-25T12:35:25","date_gmt":"2022-11-25T18:35:25","guid":{"rendered":"https:\/\/eloficiodehistoriar.com.mx\/?p=30292"},"modified":"2022-11-25T12:35:25","modified_gmt":"2022-11-25T18:35:25","slug":"con-un-espectacular-remate-richarlison-deslumbra-en-el-resurgimiento-del-jogo-bonito-brasileno","status":"publish","type":"post","link":"https:\/\/eloficiodehistoriar.com.mx\/?p=30292","title":{"rendered":"Con un espectacular remate Richarlison deslumbra en el resurgimiento del\u00a0jogo\u00a0bonito brasile\u00f1o"},"content":{"rendered":"<div class=\"series\">Qatar 2022<\/div>\n<div class=\"sumarios\">\n<p>Con un espectacular remate sell\u00f3 el triunfo frente a Serbia<\/p>\n<\/div>\n<div class=\"cabeza\">Richarlison deslumbra con un doblete, en el resurgimiento del\u00a0<em>jogo<\/em>\u00a0bonito brasile\u00f1o<\/div>\n<div class=\"sumarios\">\n<p>La\u00a0<em>Verdeamarela\u00a0<\/em>venci\u00f3 2-0 y\u00a0<em>Ney<\/em>\u00a0sali\u00f3 lesionado<\/p>\n<\/div>\n<div id=\"article-text\" class=\"text tbl-forkorts-article\">\n<div class=\"foto\">\n<div class=\"pie-foto\">Richarlison\u00a0 deton\u00f3 la samba y batucada de los seguidores brasile\u00f1os, ayer en el estadio de Lusail.<\/div>\n<div><\/div>\n<\/div>\n<div class=\"col\">\n<div class=\"credito-autor\">De La Redacci\u00f3n<\/div>\n<div class=\"credito-titulo\"><\/div>\n<div class=\"hemero\">La Jornada<\/p>\n<\/div>\n<p class=\"s-s\">El\u00a0<em>jogo\u00a0<\/em>bonito resurgi\u00f3 de los botines de Richarlison para guiar a Brasil al triunfo por 2-0 ante una resistente Serbia en su debut en Qatar 2022. As\u00ed, la\u00a0<em>Verdeamarela\u00a0<\/em>cumpli\u00f3 con los pron\u00f3sticos al iniciar con buen pie el camino para levantar su sexta Copa del Mundo y terminar con una sequ\u00eda de 20 a\u00f1os sin t\u00edtulos mundialistas.<\/p>\n<p>Con un doblete que incluy\u00f3 una espectacular chilena, considerado hasta ahora uno de los goles m\u00e1s vistosos del torneo, Richarlison emergi\u00f3 como una nueva joya del balompi\u00e9 brasile\u00f1o en el estadio de Lusail.<\/p>\n<p>La magia del futbol brasile\u00f1o se despleg\u00f3 al minuto 73, cuando Richarlison recibi\u00f3 un pase con pierna zurda, acomod\u00f3 el bal\u00f3n y entre dos defensas se alz\u00f3 en el aire para ejecutar una perfecta tijera con un derechazo. Una anotaci\u00f3n sublime.<\/p>\n<p><q>Fue uno de los goles m\u00e1s bonitos de mi carrera, por ser en un Mundial, un juego que era dif\u00edcil para nosotros<\/q>, dijo orgulloso el delantero, quien estuvo cerca de perderse el torneo debido a una lesi\u00f3n que sufri\u00f3 en octubre en el gemelo izquierdo.<\/p>\n<p>El inicio de Qatar 2022 ha sido para los brasile\u00f1os acorde a sus expectativas, por lo que lideran el sector G tras la primera jornada.<\/p>\n<p>La \u00fanica nota negativa para los brasile\u00f1os involucra a Neymar, quien en esta ocasi\u00f3n estuvo lejos de su mejor versi\u00f3n como goleador y en cambio sali\u00f3 entre l\u00e1grimas al sufrir una lesi\u00f3n al minuto 79. Los m\u00e9dicos confirmaron m\u00e1s tarde que el ariete sufri\u00f3 un esguince en un tobillo y estar\u00e1 bajo observaci\u00f3n.<\/p>\n<p>Pese a la noticia y el dolor marcado en el rostro del delantero, el entrenador brasile\u00f1o, Tite, prefiri\u00f3 mostrarse tranquilo al se\u00f1a-lar que\u00a0<q>pueden tener seguridad de que Neymar va a jugar la Copa. Tengo certeza absoluta de eso<\/q>.<\/p>\n<p>En el duelo, Casemiro y Vinicius Jr, fueron constantes en el ataque frente a un Serbia que supo contener los embates. El arquero Milinkovic-Savic frustr\u00f3 un disparo de Neymar con sello de gol ol\u00edmpico, y poco despu\u00e9s, Raphinha dej\u00f3 escapar una oportunidad clara con un remate malogrado cuando estaba frente al arco.<\/p>\n<p>Con samba y batucada, los seguidores sudamericanos viv\u00edan una fiesta en las gradas del estadio. Brasil dominaba en la cancha y era alentado por un ambiente como si fuera local, pero la recompensa del gol para redondear el juego no llegaba.<\/p>\n<p>Cuando el nerviosismo incluso atizaba al t\u00e9cnico brasile\u00f1o, un error de los serbios y una genialidad individual fueron la chispa para encender las emociones.<\/p>\n<p>El guardameta Milinkovic-Savic hab\u00eda seguido el ritmo de los disparos del rival, pero en un rechace tras un tiro de Neymar, Richarlison empuj\u00f3 el bal\u00f3n para comenzar un recital del triunfo brasile\u00f1o.<\/p>\n<p><q>Vamos a ser campeones porque hace 20 a\u00f1os que no ganamos. La selecci\u00f3n est\u00e1 fuerte<\/q>, afirm\u00f3 Lula da Silva, presidente electo de Brasil, en un video difundido en sus redes sociales, en el que aparece vistiendo la camiseta\u00a0<em>verdeamarela<\/em>\u00a0y celebrando en su casa el primer triunfo de la\u00a0<em>Sele\u00e7\u00e3o<\/em>\u00a0en Qatar.<\/p>\n<p>Con informaci\u00f3n de Ap y Afp<\/p>\n<\/div>\n<\/div>\n","protected":false},"excerpt":{"rendered":"<p>Qatar 2022 Con un espectacular remate sell\u00f3 el triunfo frente a Serbia Richarlison deslumbra con un doblete, en el resurgimiento del\u00a0jogo\u00a0bonito brasile\u00f1o La\u00a0Verdeamarela\u00a0venci\u00f3 2-0 y\u00a0Ney\u00a0sali\u00f3 lesionado Richarlison\u00a0 deton\u00f3 la samba y batucada de los seguidores brasile\u00f1os, ayer en el estadio de Lusail. De La Redacci\u00f3n La Jornada El\u00a0jogo\u00a0bonito resurgi\u00f3 de los botines de Richarlison para [&hellip;]<\/p>\n","protected":false},"author":249,"featured_media":30293,"comment_status":"open","ping_status":"closed","sticky":false,"template":"","format":"standard","meta":{"footnotes":""},"categories":[26],"tags":[],"class_list":["post-30292","post","type-post","status-publish","format-standard","has-post-thumbnail","hentry","category-mundo"],"_links":{"self":[{"href":"https:\/\/eloficiodehistoriar.com.mx\/index.php?rest_route=\/wp\/v2\/posts\/30292","targetHints":{"allow":["GET"]}}],"collection":[{"href":"https:\/\/eloficiodehistoriar.com.mx\/index.php?rest_route=\/wp\/v2\/posts"}],"about":[{"href":"https:\/\/eloficiodehistoriar.com.mx\/index.php?rest_route=\/wp\/v2\/types\/post"}],"author":[{"embeddable":true,"href":"https:\/\/eloficiodehistoriar.com.mx\/index.php?rest_route=\/wp\/v2\/users\/249"}],"replies":[{"embeddable":true,"href":"https:\/\/eloficiodehistoriar.com.mx\/index.php?rest_route=%2Fwp%2Fv2%2Fcomments&post=30292"}],"version-history":[{"count":1,"href":"https:\/\/eloficiodehistoriar.com.mx\/index.php?rest_route=\/wp\/v2\/posts\/30292\/revisions"}],"predecessor-version":[{"id":30294,"href":"https:\/\/eloficiodehistoriar.com.mx\/index.php?rest_route=\/wp\/v2\/posts\/30292\/revisions\/30294"}],"wp:featuredmedia":[{"embeddable":true,"href":"https:\/\/eloficiodehistoriar.com.mx\/index.php?rest_route=\/wp\/v2\/media\/30293"}],"wp:attachment":[{"href":"https:\/\/eloficiodehistoriar.com.mx\/index.php?rest_route=%2Fwp%2Fv2%2Fmedia&parent=30292"}],"wp:term":[{"taxonomy":"category","embeddable":true,"href":"https:\/\/eloficiodehistoriar.com.mx\/index.php?rest_route=%2Fwp%2Fv2%2Fcategories&post=30292"},{"taxonomy":"post_tag","embeddable":true,"href":"https:\/\/eloficiodehistoriar.com.mx\/index.php?rest_route=%2Fwp%2Fv2%2Ftags&post=30292"}],"curies":[{"name":"wp","href":"https:\/\/api.w.org\/{rel}","templated":true}]}}