{"id":30299,"date":"2022-11-25T12:46:02","date_gmt":"2022-11-25T18:46:02","guid":{"rendered":"https:\/\/eloficiodehistoriar.com.mx\/?p=30299"},"modified":"2022-11-25T12:46:02","modified_gmt":"2022-11-25T18:46:02","slug":"pele-maradona-y-beckenbauer-se-internalizaron-en-messi-pero-arabia-paso-encima-de-el","status":"publish","type":"post","link":"https:\/\/eloficiodehistoriar.com.mx\/?p=30299","title":{"rendered":"Pel\u00e9, Maradona y Beckenbauer se internalizaron en Messi, pero Arabia pas\u00f3 encima de \u00e9l."},"content":{"rendered":"<div id=\"article-cont\" class=\"main-cont article-cont analysis\">\n<div class=\"cabeza\">Despertar\u00e1 Messi<\/div>\n<div class=\"sumarios\"><\/div>\n<div class=\"credito-articulo\">Jos\u00e9 Cueli<\/div>\n<div><\/div>\n<div id=\"article-text\" class=\"text\">\n<div class=\"col col1\">\n<div class=\"inicial\">Pel\u00e9, Maradona y Beckenbauer se internalizaron en Messi, pero cuando despert\u00f3 ya hab\u00eda pasado el equipo \u00e1rabe encima de \u00e9l.<\/div>\n<p>Cuando Messi toca el bal\u00f3n sin tocarlo, sus cuerdas tocan a un ritmo que sube como tromba en gigantesco espiral hasta perderse en el espacio interno. La samba brasile\u00f1a, el tango argentino, las sinfon\u00edas de Beethoven hacen sentir al bal\u00f3n moverse, removerse, crecer, reblandecer y humedecerlo sin tocar por una mezcla musical.<\/p>\n<p>Palpitar transformado por milagro en un arco que guarda balones y un enigma de lo desconocido. Acercamientos futboleros que son misterio y no tienen reglas, ni ataduras, son frescos pases espont\u00e1neos que es lo que debe ser, lo l\u00f3gico, que no concuerda o concuerda con lo afectivo, ese es el Messi interno que desborda y se queda dormido en los mundiales.<\/p>\n<p>Bal\u00f3n tocado por el argentino catal\u00e1n que llega sin llegar llegando a las cuerdas del bal\u00f3n en un intento recuento de m\u00faltiples afluentes sonoros que se vuelven m\u00fasica de peque\u00f1os r\u00edos que serpentean por entre las lombrices del verde pasto y arriban en el arrullo suave de tiernos cantos maternales, tiempo que se despega del espacio y es exceso de alma y de ser.<\/p>\n<p>Canto de melod\u00edas y arrullos maternales, resonancias de ayes lastimeros abiertos en otros m\u00e1s, formando contornos que resbalan, pasan y envuelven el sonido del bal\u00f3n y aparece y desaparece entre incendios de gemidos y d\u00edas de llanto.<\/p>\n<\/div>\n<div class=\"col col2\">\n<p>Cuando el bal\u00f3n comienza acariciando las riendas laterales del bal\u00f3n, un suave canto al paso de las alas de una mariposa alegre como el aleteo de una pluma, suav\u00edsima, sufre las centrales m\u00e1s lentas e intensas tocando, destocando, entrando y saliendo a placer sobre la central que quiere, se esconde: salta y desaparece en el misterioso milagro del contacto sin tacto, vibra del encuentro, dos en uno. Baile voluptuoso, danza huracanada, repercusi\u00f3n oscura que tendr\u00e1 que enfrentar la Selecci\u00f3n Mexicana este s\u00e1bado en que seguramente despertar\u00e1 el que fuera la estrella del club Barcelona.<\/p>\n<p>Tendr\u00e1 que sacar la casta la escuadra azteca para resbalar desde las alturas recogiendo humedades en la africana Qatar al encuentro de un espacio-tiempo tanguero y ranchero. Atenci\u00f3n, concentraci\u00f3n, arco y bal\u00f3n en m\u00fasica que resurge armoniosa diferenciando latidos de las porras de las tribunas.<\/p>\n<p>Suavidad de rasgaduras, ternura de cachondeo: arqueo que consiste en palpar y pisar la nota del tango y el gemido de la cuerda central. Fantasma resbaladizo de las otras cuerdas encargadas de cuidar melod\u00edas y ritmos del margen, llegar a la cuerda central transmitida a otras.<\/p>\n<p class=\"email\">\n<\/div>\n<\/div>\n<div class=\"go gui\">\n<div class=\"go-up\"><\/div>\n<\/div>\n<\/div>\n<div id=\"taboola-below-content-thumbnails\" class=\" trc_related_container trc_spotlight_widget tbl-feed-container tbl-feed-frame-DIVIDER  render-late-effect\" data-feed-container-num=\"1\" data-feed-main-container-id=\"taboola-below-content-thumbnails\" data-parent-placement-name=\"Below Content Thumbnails\" data-pub-lang=\"es\">\n<div class=\" tbl-feed-header tbl-logo-right-position\">\n<div class=\"tbl-feed-header-logo\"><\/div>\n<\/div>\n<\/div>\n","protected":false},"excerpt":{"rendered":"<p>Despertar\u00e1 Messi Jos\u00e9 Cueli Pel\u00e9, Maradona y Beckenbauer se internalizaron en Messi, pero cuando despert\u00f3 ya hab\u00eda pasado el equipo \u00e1rabe encima de \u00e9l. Cuando Messi toca el bal\u00f3n sin tocarlo, sus cuerdas tocan a un ritmo que sube como tromba en gigantesco espiral hasta perderse en el espacio interno. La samba brasile\u00f1a, el tango [&hellip;]<\/p>\n","protected":false},"author":249,"featured_media":30300,"comment_status":"open","ping_status":"closed","sticky":false,"template":"","format":"standard","meta":{"footnotes":""},"categories":[26],"tags":[],"class_list":["post-30299","post","type-post","status-publish","format-standard","has-post-thumbnail","hentry","category-mundo"],"_links":{"self":[{"href":"https:\/\/eloficiodehistoriar.com.mx\/index.php?rest_route=\/wp\/v2\/posts\/30299","targetHints":{"allow":["GET"]}}],"collection":[{"href":"https:\/\/eloficiodehistoriar.com.mx\/index.php?rest_route=\/wp\/v2\/posts"}],"about":[{"href":"https:\/\/eloficiodehistoriar.com.mx\/index.php?rest_route=\/wp\/v2\/types\/post"}],"author":[{"embeddable":true,"href":"https:\/\/eloficiodehistoriar.com.mx\/index.php?rest_route=\/wp\/v2\/users\/249"}],"replies":[{"embeddable":true,"href":"https:\/\/eloficiodehistoriar.com.mx\/index.php?rest_route=%2Fwp%2Fv2%2Fcomments&post=30299"}],"version-history":[{"count":1,"href":"https:\/\/eloficiodehistoriar.com.mx\/index.php?rest_route=\/wp\/v2\/posts\/30299\/revisions"}],"predecessor-version":[{"id":30301,"href":"https:\/\/eloficiodehistoriar.com.mx\/index.php?rest_route=\/wp\/v2\/posts\/30299\/revisions\/30301"}],"wp:featuredmedia":[{"embeddable":true,"href":"https:\/\/eloficiodehistoriar.com.mx\/index.php?rest_route=\/wp\/v2\/media\/30300"}],"wp:attachment":[{"href":"https:\/\/eloficiodehistoriar.com.mx\/index.php?rest_route=%2Fwp%2Fv2%2Fmedia&parent=30299"}],"wp:term":[{"taxonomy":"category","embeddable":true,"href":"https:\/\/eloficiodehistoriar.com.mx\/index.php?rest_route=%2Fwp%2Fv2%2Fcategories&post=30299"},{"taxonomy":"post_tag","embeddable":true,"href":"https:\/\/eloficiodehistoriar.com.mx\/index.php?rest_route=%2Fwp%2Fv2%2Ftags&post=30299"}],"curies":[{"name":"wp","href":"https:\/\/api.w.org\/{rel}","templated":true}]}}