{"id":30303,"date":"2022-11-26T15:17:27","date_gmt":"2022-11-26T21:17:27","guid":{"rendered":"https:\/\/eloficiodehistoriar.com.mx\/?p=30303"},"modified":"2022-11-26T15:17:27","modified_gmt":"2022-11-26T21:17:27","slug":"se-acabo-la-funcion-no-esten-chingando-hector-bonilla","status":"publish","type":"post","link":"https:\/\/eloficiodehistoriar.com.mx\/?p=30303","title":{"rendered":"\u00abSe acab\u00f3 la funci\u00f3n. No est\u00e9n chingando\u00bb: H\u00e9ctor Bonilla"},"content":{"rendered":"<div id=\"article-cont\" class=\"main-cont article-cont actuality\">\n<div class=\"cabeza\">Falleci\u00f3 el actor H\u00e9ctor Bonilla<\/div>\n<div class=\"sumarios\">\n<p>El histri\u00f3n de\u00a0<em>Rojo amanecer\u00a0<\/em>luchaba contra el c\u00e1ncer desde hace 4 a\u00f1os \/\/Escribi\u00f3 su epitafio:\u00a0<q>Se acab\u00f3 la funci\u00f3n. No est\u00e9n chingando. El que me vio, me vio. No queda nada<\/q>\u00a0\/\/ Siempre se asumi\u00f3 como hombre de izquierda<\/p>\n<\/div>\n<div id=\"article-text\" class=\"text\">\n<div class=\"foto\">\n<div class=\"pie-foto\"><\/div>\n<\/div>\n<div class=\"col col1\">\n<div class=\"credito-autor\">Jorge Caballero<\/div>\n<div class=\"credito-titulo\"><\/div>\n<div class=\"hemero\">La Jornada<\/p>\n<\/div>\n<p class=\"s-s\">El actor H\u00e9ctor Bonilla falleci\u00f3 ayer a los 83 a\u00f1os, tras perder la batalla contra el c\u00e1ncer de ri\u00f1\u00f3n que enfrentaba desde hace cuatro a\u00f1os. Su hijo Fernando Bonilla por medio de su cuenta de Twitter confirm\u00f3 el deceso de su padre y dio a conocer el epitafio que H\u00e9ctor Bonilla escribi\u00f3 hace varios a\u00f1os:\u00a0<q>Se acab\u00f3 la funci\u00f3n, \/ No est\u00e9n chingando. \/ El que me vio, me vio. \/ No queda nada<\/q>.<\/p>\n<p>Adem\u00e1s la misiva agrega: \u201cMuri\u00f3 en su casa, en paz, sin dolor y rodeado por su c\u00edrculo m\u00e1s \u00edntimo, que lo acompa\u00f1\u00f3 hasta el final.<\/p>\n<p><q>Somos conscientes de que H\u00e9ctor dej\u00f3 un legado inconmensurable y much\u00edsimos corazones lamentar\u00e1n su p\u00e9rdida. Sepan que, a pesar de la infinita tristeza que nos embarga, estamos tranquilos por despedir a un hombre que se fue sin deberle nada a nadie, que vivi\u00f3 intensa y plenamente, que predic\u00f3 siempre con el ejemplo y sembr\u00f3 amor y alegr\u00eda por cada camino que recorri\u00f3. Como \u00e9l quer\u00eda.<\/q><\/p>\n<p>Durante los cuatro a\u00f1os en que padeci\u00f3 la enfermedad varias veces se afirm\u00f3 que su condici\u00f3n no era grave, H\u00e9ctor Bonilla declar\u00f3 en varias ocasiones que \u201cestoy viviendo horas extras,\u2026 si alcanzo a vivir 10 a\u00f1os m\u00e1s ser\u00e1 una propinota de la vida\u201d. Y fiel a su convicciones y sentido del humor declar\u00f3 animado\u00a0<q>no me siento angustiado ni me azoto; quiero seguir trabajando actuando, escribiendo y dirigiendo hasta cumplir mi ciclo<\/q>.<\/p>\n<p>Nacido en Puebla en el a\u00f1o 1939, H\u00e9ctor Bonilla fue uno de los actores m\u00e1s importante del pa\u00eds, adem\u00e1s de la actuaci\u00f3n, su trabajo abarc\u00f3 la direcci\u00f3n en cine, teatro y televisi\u00f3n; adem\u00e1s de la producci\u00f3n y escritura.<\/p>\n<p>Su debut actoral fue en la cinta\u00a0<em>J\u00f3venes y bellas<\/em>\u00a0en 1962 y a partir de ah\u00ed no par\u00f3. Particip\u00f3 en algunas de las cintas m\u00e1s emblem\u00e1ticas que han moldeado la educaci\u00f3n sentimental del mexicano en las recientes d\u00e9cadas, como\u00a0<em>Rojo amanecer<\/em>,\u00a0<em>Mar\u00eda de mi coraz\u00f3n<\/em>,\u00a0<em>La leyenda de una m\u00e1scara<\/em>\u00a0y\u00a0<em>El bulto<\/em>, entre las m\u00e1s de 70 en las que actu\u00f3.<\/p>\n<\/div>\n<div class=\"col col2\">\n<p>En 1967 hizo su debut televisivo en la telenovela\u00a0<em>La casa de las fieras<\/em>, donde extendi\u00f3 su participaci\u00f3n en alrededor de 50 melodramas en los que se incluyen\u00a0<em>Velo de novia<\/em>,\u00a0<em>Lo imperdonable<\/em>,\u00a0<em>La pasi\u00f3n de Isabel<\/em>,\u00a0<em>Mirada de mujer el regreso<\/em>\u00a0y\u00a0<em>Amor cautivo<\/em>. Adem\u00e1s particip\u00f3 en programas como\u00a0<em>El Chavo del Ocho<\/em>,\u00a0<em>El juramento<\/em>\u00a0y\u00a0<em>El Se\u00f1or de los Cielos<\/em>. Como actor de doblaje trabaj\u00f3 para la casa Disney en las cintas animadas\u00a0<em>El libro de la selva\u00a0<\/em>y\u00a0<em>Ratatouille<\/em>.<\/p>\n<p>En las tablas, otra de sus grandes pasiones, incluy\u00f3 piezas como\u00a0<em>Pu\u00f1os de oro<\/em>,\u00a0<em>Aquel tiempo de campeones<\/em>,\u00a0<em>Mi vida es mi vida<\/em>,\u00a0<em>Yo soy mi propia esposa<\/em>,\u00a0<em>Realmente un tour de force<\/em>,\u00a0<em>Madame Butterfly<\/em>,\u00a0<em>Almacenados<\/em>\u00a0y\u00a0<em>Los lobos<\/em>, entre los m\u00e1s destacados.<\/p>\n<p>Apenas en 2019 la Academia Mexicana de Artes y Ciencias Cinematogr\u00e1ficas lo premi\u00f3 con el Ariel de Oro por su extensa trayectoria en el cine, teatro y televisi\u00f3n. Y el a\u00f1o pasado, H\u00e9ctor Bonilla fue reconocido por la Secretar\u00eda de Cultura (SC) federal por sus m\u00e1s de 50 a\u00f1os de trayectoria en la escena mexicana.<\/p>\n<p>En una entrevista con\u00a0<em>La Jornada\u00a0<\/em>en 2008, confes\u00f3 que siempre se asumi\u00f3 como hombre de izquierda y consideraba que:\u00a0<q>El cine y el teatro no necesariamente deben ser pol\u00edticos; es fundamental que lo que tenemos que hacer los mexicanos es hacer bien las cosas. Lo que me aterra de este pa\u00eds es la falta de congruencia<\/q>.<\/p>\n<p>Cabe se\u00f1alar que de ni\u00f1o H\u00e9ctor Bonilla pas\u00f3 algunos a\u00f1os en la Normal Rural Isidro Burgos de Ayotzinapa pues su pap\u00e1, quien era maestro de educaci\u00f3n f\u00edsica, fue uno de los fundadores de la instituci\u00f3n y en 2014 H\u00e9ctor Bonilla fue nombrado padrino de la generaci\u00f3n 2011-2014.<\/p>\n<\/div>\n<\/div>\n<div class=\"go gui\">\n<div class=\"go-up\"><\/div>\n<\/div>\n<\/div>\n<div id=\"taboola-below-content-thumbnails\" class=\" trc_related_container trc_spotlight_widget tbl-feed-container tbl-feed-frame-DIVIDER  render-late-effect\" data-feed-container-num=\"1\" data-feed-main-container-id=\"taboola-below-content-thumbnails\" data-parent-placement-name=\"Below Content Thumbnails\" data-pub-lang=\"es\">\n<div class=\" tbl-feed-header tbl-logo-right-position\">\n<div class=\"tbl-feed-header-logo\"><\/div>\n<\/div>\n<\/div>\n","protected":false},"excerpt":{"rendered":"<p>Falleci\u00f3 el actor H\u00e9ctor Bonilla El histri\u00f3n de\u00a0Rojo amanecer\u00a0luchaba contra el c\u00e1ncer desde hace 4 a\u00f1os \/\/Escribi\u00f3 su epitafio:\u00a0Se acab\u00f3 la funci\u00f3n. No est\u00e9n chingando. El que me vio, me vio. No queda nada\u00a0\/\/ Siempre se asumi\u00f3 como hombre de izquierda Jorge Caballero La Jornada El actor H\u00e9ctor Bonilla falleci\u00f3 ayer a los 83 a\u00f1os, [&hellip;]<\/p>\n","protected":false},"author":249,"featured_media":30304,"comment_status":"open","ping_status":"closed","sticky":false,"template":"","format":"standard","meta":{"footnotes":""},"categories":[26],"tags":[],"class_list":["post-30303","post","type-post","status-publish","format-standard","has-post-thumbnail","hentry","category-mundo"],"_links":{"self":[{"href":"https:\/\/eloficiodehistoriar.com.mx\/index.php?rest_route=\/wp\/v2\/posts\/30303","targetHints":{"allow":["GET"]}}],"collection":[{"href":"https:\/\/eloficiodehistoriar.com.mx\/index.php?rest_route=\/wp\/v2\/posts"}],"about":[{"href":"https:\/\/eloficiodehistoriar.com.mx\/index.php?rest_route=\/wp\/v2\/types\/post"}],"author":[{"embeddable":true,"href":"https:\/\/eloficiodehistoriar.com.mx\/index.php?rest_route=\/wp\/v2\/users\/249"}],"replies":[{"embeddable":true,"href":"https:\/\/eloficiodehistoriar.com.mx\/index.php?rest_route=%2Fwp%2Fv2%2Fcomments&post=30303"}],"version-history":[{"count":1,"href":"https:\/\/eloficiodehistoriar.com.mx\/index.php?rest_route=\/wp\/v2\/posts\/30303\/revisions"}],"predecessor-version":[{"id":30305,"href":"https:\/\/eloficiodehistoriar.com.mx\/index.php?rest_route=\/wp\/v2\/posts\/30303\/revisions\/30305"}],"wp:featuredmedia":[{"embeddable":true,"href":"https:\/\/eloficiodehistoriar.com.mx\/index.php?rest_route=\/wp\/v2\/media\/30304"}],"wp:attachment":[{"href":"https:\/\/eloficiodehistoriar.com.mx\/index.php?rest_route=%2Fwp%2Fv2%2Fmedia&parent=30303"}],"wp:term":[{"taxonomy":"category","embeddable":true,"href":"https:\/\/eloficiodehistoriar.com.mx\/index.php?rest_route=%2Fwp%2Fv2%2Fcategories&post=30303"},{"taxonomy":"post_tag","embeddable":true,"href":"https:\/\/eloficiodehistoriar.com.mx\/index.php?rest_route=%2Fwp%2Fv2%2Ftags&post=30303"}],"curies":[{"name":"wp","href":"https:\/\/api.w.org\/{rel}","templated":true}]}}