{"id":30309,"date":"2022-11-26T15:36:39","date_gmt":"2022-11-26T21:36:39","guid":{"rendered":"https:\/\/eloficiodehistoriar.com.mx\/?p=30309"},"modified":"2022-11-26T15:36:39","modified_gmt":"2022-11-26T21:36:39","slug":"hector-bonilla-actor-calidad-humana-congruencia-y-compromiso","status":"publish","type":"post","link":"https:\/\/eloficiodehistoriar.com.mx\/?p=30309","title":{"rendered":"H\u00e9ctor Bonilla: actor, calidad humana, congruencia y compromiso"},"content":{"rendered":"<div id=\"article-cont\" class=\"main-cont article-cont actuality\">\n<div class=\"cabeza\">Coinciden en que fue un gran actor, honesto y de firmes convicciones<\/div>\n<div class=\"sumarios\"><\/div>\n<div id=\"article-text\" class=\"text\">\n<div class=\"foto\">\n<div class=\"pie-foto\">H\u00e9ctor Bonilla fue un artista con mucha conciencia social y sensibilidad hacia su pueblo:<\/div>\n<div class=\"pie-foto\">.<span class=\"credito\">\u00a0AMLO<\/span><\/div>\n<\/div>\n<div class=\"col col1\">\n<div><\/div>\n<div class=\"credito-autor\">\u00c1ngel Vargas y Fabiola Palapa<\/div>\n<div class=\"credito-titulo\"><\/div>\n<div class=\"hemero\">La Jornada<\/p>\n<\/div>\n<p class=\"s-s\">El fallecimiento de H\u00e9ctor Bonilla caus\u00f3 profundo pesar en el medio cultural y art\u00edstico mexicano, en el que se le reconoci\u00f3 no s\u00f3lo por su enorme talento como actor, sino tambi\u00e9n por su gran calidad humana, la congruencia con sus convicciones y su compromiso pol\u00edtico. A continuaci\u00f3n, algunas de las opiniones recabadas por\u00a0<em>La Jornada<\/em>:<\/p>\n<p>Andr\u00e9s Manuel L\u00f3pez Obrador, presidente de M\u00e9xico en su cuenta de Twitter escribi\u00f3:\u00a0<q>Lamento el fallecimiento de H\u00e9ctor Bonilla, gran actor, honesto y siempre con firmes convicciones. Abrazo a Sof\u00eda, a sus hijos, familiares y amigos<\/q>.<\/p>\n<p>Jorge S\u00e1nchez, productor cinematogr\u00e1fico: \u201cCuando hablamos y recordamos a H\u00e9ctor Bonilla, nos referimos a \u00e9l como actor, pero hemos olvidado que tambi\u00e9n fue productor, especialmente de una pel\u00edcula memorable como fue y es\u00a0<em>Rojo Amanecer<\/em>. Tambi\u00e9n fue protag\u00f3nico, junto a Mar\u00eda Rojo, de\u00a0<em>Mar\u00eda de mi coraz\u00f3n<\/em>, filmada en 16 mil\u00edmetros y, sin duda, ambas cintas son parte esencial del coraz\u00f3n del cine mexicano\u201d.<\/p>\n<p>Dolores Heredia, actriz:\u00a0<q>Siento tristeza profunda por su muerte. Fue un hombre congruente con los tiempos que le toc\u00f3 vivir. Gran actor y compa\u00f1ero. Honraremos siempre su memoria<\/q>.<\/p>\n<p>Aurora Cano, directora de la Compa\u00f1\u00eda Nacional de Teatro: \u201cH\u00e9ctor Bonilla es un referente no s\u00f3lo en t\u00e9rminos art\u00edsticos, sino tambi\u00e9n en t\u00e9rminos humanos y profesionales. Es un actor querid\u00edsimo por toda la comunidad teatral por ser un gran compa\u00f1ero, un actor generoso, un ciudadano combativo y un grand\u00edsimo artista.<\/p>\n<p><q>H\u00e9ctor ten\u00eda un amor especial por el teatro y una entrega absoluta al trabajo esc\u00e9nico. Su muerte es una p\u00e9rdida enorme.<\/q><\/p>\n<p>Jesusa Rodr\u00edguez, creadora esc\u00e9nica: Considero que hay actores que son engranes muy importantes del instrumento que es el arte del teatro y del cine. El arte de la actuaci\u00f3n tiene personalidades muy \u00fanicas que le dan a \u00e9ste la posibilidad de engrandecerse y, al mismo tiempo, un sentido, porque, como dec\u00eda Leonora Carrington, pintar o ver la televisi\u00f3n es lo mismo: lo hacemos para sentir que hacemos algo. Muchas veces el arte en general se hace simplemente para pasar el rato de vivir, pero a veces se hace con un objetivo de trascender el camino que se anda, a la gente que nos rodea y a uno mismo. Y creo que H\u00e9ctor Bonilla fue uno de esos actores que logran dejar una obra de trascendencia.<\/p>\n<p>\u201cPienso que un artista que no expresa su momento social, pol\u00edtico e, incluso, espiritual, y que no est\u00e1 unido a la causa de su pueblo, no es un artista completo. En ese sentido, H\u00e9ctor Bonilla siempre tuvo mucha conciencia social, sensibilidad hacia su pueblo, y eso tambi\u00e9n engrandece su obra y su persona.<\/p>\n<p><q>Como prueba de su compromiso social, basta recordar que apadrin\u00f3 a una generaci\u00f3n de estudiantes de la Normal de Ayotzinapa tras la desaparici\u00f3n de 43 de sus compa\u00f1eros. Es algo que habla de un artista completo, que tiene los pies en la tierra y que es sensible a su realidad social. Por supuesto, un abrazo muy grande a mi querid\u00edsima Sof\u00eda \u00c1lvarez, su esposa, una mujer que lo acompa\u00f1\u00f3 siempre.<\/q><\/p>\n<p>Bertha Navarro, directora y productora cinematogr\u00e1fica, miembro em\u00e9rito de la Academia Mexicana de Artes y Ciencias Cinematogr\u00e1ficas: Est\u00e1bamos en reuni\u00f3n en la academia cuando nos enteramos de su fallecimiento. H\u00e9ctor Bonilla ha sido un gran actor y es un referente, por supuesto; estamos muy conmovidos realmente por su partida.<\/p>\n<p><q>Dej\u00f3 un vasto legado para los actores y el p\u00fablico, sobre todo un referente de calidad. Adem\u00e1s, siempre fue un hombre muy coherente y tom\u00f3 el lado que muchos de nosotros hemos tenido en relaci\u00f3n con nuestro pa\u00eds, de los cambios, las necesidades y lo que se tiene que hacer. Fue realmente una persona maravillosa. Seguramente, le haremos un homenaje en la academia.<\/q><\/p>\n<p>Luisa Huertas, actriz y miembro de n\u00famero de la Compa\u00f1\u00eda Nacional de Teatro: Qu\u00e9 mejor legado nos ha dejado H\u00e9ctor que sus hijos, talentosos y con los principios y la capacidad de lucha de su padre y de Sof\u00eda \u00c1lvarez. Me form\u00e9 un poco con \u00e9l, todav\u00eda estaba en la escuela de teatro cuando empec\u00e9 a trabajar a su lado; ya era un actor de prestigio. Ten\u00eda 16 a\u00f1os, entonces imag\u00ednate la historia que tenemos y las ense\u00f1anzas que me comparti\u00f3. Fue una vida de teatro, amistad, convicciones y luchas comunes. H\u00e9ctor fue un actor multifac\u00e9tico, con una gran capacidad histri\u00f3nica que le permiti\u00f3 interpretar grandes personajes, adem\u00e1s de su gran sentido del humor y talento para la transformaci\u00f3n de \u00e9l mismo como tantos y tantos personajes. Tuvo gran amor por la actuaci\u00f3n. Siempre se entreg\u00f3 sobre las tablas, el cine y la televisi\u00f3n. \u00a1Qu\u00e9 m\u00e1s puedo decir, el suyo es un legado del actor integral, lo cual implica talento, disciplina y capacidad de lucha, protesta y liderazgo!<\/p>\n<\/div>\n<div class=\"col col2\">\n<p><q>Hoy (viernes) las funciones de la Compa\u00f1\u00eda Nacional de Teatro estar\u00e1n dedicadas a \u00e9l y, por supuesto, le daremos el homenaje que acostumbramos entre actores: un aplauso de pie.<\/q><\/p>\n<p>Daniel Jim\u00e9nez Cacho, actor: \u201cH\u00e9ctor Bonilla fue un referente important\u00edsimo para m\u00ed. Cuando empezaba me dej\u00f3 impactado con su trabajo en\u00a0<em>Mar\u00eda de mi coraz\u00f3n<\/em>, pel\u00edcula de Jaime Humberto Hermosillo. En aquellos tiempos no era tan com\u00fan encontrar un protagonista popular de piel blanca. Eso para m\u00ed fue alentador, porque me hizo sentir que ten\u00eda alg\u00fan futuro. Descanse en paz el maestro\u201d.<\/p>\n<p>Carlos Bonfil, cr\u00edtico de cine y colaborador de La Jornada: Es una p\u00e9rdida muy lamentable para el mundo del teatro. Prosigui\u00f3 con su labor teatral hasta hace muy poco, es verdaderamente memorable. Al lado de Ignacio L\u00f3pez Tarso ha sido uno de los actores con mayor coherencia y profesionalismo. Creo que para las nuevas generaciones de actores y actrices, ser\u00e1, m\u00e1s que un emblema, un verdadero ejemplo.<\/p>\n<p>Juan Meli\u00e1, director de Teatro UNAM:<q>Pensar el teatro mexicano, ahora sin la presencia de H\u00e9ctor Bonilla, es una realidad dif\u00edcil de enfrentar. Fue una extraordinaria persona y enorme profesional, quien siempre estaba presente como referente. Su constancia y absoluto cari\u00f1o y entrega a la disciplina teatral y a las artes, se recordar\u00e1n siempre. Por lo mismo, nos deja un vac\u00edo enorme. Se le extra\u00f1ar\u00e1 profundamente<\/q>.<\/p>\n<p>Jaime Chabaud, dramaturgo: \u201cEs un dolor muy grande la partida de H\u00e9ctor Bonilla, que adem\u00e1s de ser uno de los actores m\u00e1s luminosos de la escena mexicana, que atraves\u00f3 la segunda mitad del siglo XX y estos primeros 20 a\u00f1os del XXI. H\u00e9ctor fue un militante de las mejores causas de la sociedad de las mejores causas de la democracia, un hombre de izquierda y un luchador constante en pro de la cultura, siempre march\u00f3 y estuvo en todas las batallas cuando recortaron el presupuesto para la cultura. Cuando hubo agresiones a la cultura H\u00e9ctor fue una de las personas m\u00e1s solidarias que he conocido.<\/p>\n<p>\u201cFue un actor monumental de unas capacidades incre\u00edbles tanto en cine, televisi\u00f3n y teatro, adem\u00e1s nunca se dej\u00f3 seducir por la televisi\u00f3n, nunca abandon\u00f3 el teatro, \u00e9l mismo produc\u00eda teatro y deja una descendencia de actores de teatro como Sergio y Fernando Bonilla.<\/p>\n<p>\u201cVamos a extra\u00f1arlo mucho, es una p\u00e9rdida muy grande para el teatro mexicano. Tuve el placer de tenerlo en el Teatro Casa de la Paz cuando dirig\u00eda ese espacio de la Universidad Aut\u00f3noma Metropolitana, con la obra\u00a0<em>Lascur\u00e1in o la brevedad del poder<\/em>, de Flavio Gonz\u00e1lez Mello y era un actor excepcional.\u201d<\/p>\n<p>El lunes 28 de noviembre se realizar\u00e1 un homenaje p\u00f3stumo en el Palacio de Bellas Artes al actor H\u00e9ctor Bonilla, quien deja un imprescindible legado en las artes esc\u00e9nicas del pa\u00eds, inform\u00f3 la Secretar\u00eda de Cultura del Gobierno de M\u00e9xico y el Instituto Nacional de Bellas Artes y Literatura (Inbal), en un comunicado.<\/p>\n<p>La titular de Cultura federal, Alejandra Frausto Guerrero, lament\u00f3 el deceso de H\u00e9ctor Bonilla, a quien consider\u00f3 solidario, amoroso, aliado de las causas m\u00e1s justas y siempre congruente. Y agreg\u00f3:\u00a0<q>Despedimos con enorme tristeza al gran actor y amigo H\u00e9ctor Bonilla<\/q>.<\/p>\n<p>Tras manifestar su reconocimiento al primer actor, la directora general del Inbal, Lucina Jim\u00e9nez L\u00f3pez, manifest\u00f3 su agradecimiento a H\u00e9ctor Bonilla\u00a0<q>por todo lo que dio al teatro, a la cultura mexicana<\/q>\u00a0y record\u00f3 el emotivo homenaje que el instituto le rindi\u00f3 en el Teatro del Bosque Julio Castillo en agosto de 2019.\u00a0<q>Ah\u00ed ley\u00f3 ese contundente epitafio. Abrazos a su familia, a la comunidad cultural<\/q>.<\/p>\n<\/div>\n<\/div>\n<div class=\"go gui\">\n<div class=\"go-up\"><\/div>\n<\/div>\n<\/div>\n<div id=\"taboola-below-content-thumbnails\" class=\" trc_related_container trc_spotlight_widget tbl-feed-container tbl-feed-frame-DIVIDER  render-late-effect\" data-feed-container-num=\"1\" data-feed-main-container-id=\"taboola-below-content-thumbnails\" data-parent-placement-name=\"Below Content Thumbnails\" data-pub-lang=\"es\">\n<div class=\" tbl-feed-header tbl-logo-right-position\">\n<div class=\"tbl-feed-header-logo\"><\/div>\n<\/div>\n<\/div>\n","protected":false},"excerpt":{"rendered":"<p>Coinciden en que fue un gran actor, honesto y de firmes convicciones H\u00e9ctor Bonilla fue un artista con mucha conciencia social y sensibilidad hacia su pueblo: .\u00a0AMLO \u00c1ngel Vargas y Fabiola Palapa La Jornada El fallecimiento de H\u00e9ctor Bonilla caus\u00f3 profundo pesar en el medio cultural y art\u00edstico mexicano, en el que se le reconoci\u00f3 [&hellip;]<\/p>\n","protected":false},"author":249,"featured_media":30310,"comment_status":"open","ping_status":"closed","sticky":false,"template":"","format":"standard","meta":{"footnotes":""},"categories":[26],"tags":[],"class_list":["post-30309","post","type-post","status-publish","format-standard","has-post-thumbnail","hentry","category-mundo"],"_links":{"self":[{"href":"https:\/\/eloficiodehistoriar.com.mx\/index.php?rest_route=\/wp\/v2\/posts\/30309","targetHints":{"allow":["GET"]}}],"collection":[{"href":"https:\/\/eloficiodehistoriar.com.mx\/index.php?rest_route=\/wp\/v2\/posts"}],"about":[{"href":"https:\/\/eloficiodehistoriar.com.mx\/index.php?rest_route=\/wp\/v2\/types\/post"}],"author":[{"embeddable":true,"href":"https:\/\/eloficiodehistoriar.com.mx\/index.php?rest_route=\/wp\/v2\/users\/249"}],"replies":[{"embeddable":true,"href":"https:\/\/eloficiodehistoriar.com.mx\/index.php?rest_route=%2Fwp%2Fv2%2Fcomments&post=30309"}],"version-history":[{"count":1,"href":"https:\/\/eloficiodehistoriar.com.mx\/index.php?rest_route=\/wp\/v2\/posts\/30309\/revisions"}],"predecessor-version":[{"id":30311,"href":"https:\/\/eloficiodehistoriar.com.mx\/index.php?rest_route=\/wp\/v2\/posts\/30309\/revisions\/30311"}],"wp:featuredmedia":[{"embeddable":true,"href":"https:\/\/eloficiodehistoriar.com.mx\/index.php?rest_route=\/wp\/v2\/media\/30310"}],"wp:attachment":[{"href":"https:\/\/eloficiodehistoriar.com.mx\/index.php?rest_route=%2Fwp%2Fv2%2Fmedia&parent=30309"}],"wp:term":[{"taxonomy":"category","embeddable":true,"href":"https:\/\/eloficiodehistoriar.com.mx\/index.php?rest_route=%2Fwp%2Fv2%2Fcategories&post=30309"},{"taxonomy":"post_tag","embeddable":true,"href":"https:\/\/eloficiodehistoriar.com.mx\/index.php?rest_route=%2Fwp%2Fv2%2Ftags&post=30309"}],"curies":[{"name":"wp","href":"https:\/\/api.w.org\/{rel}","templated":true}]}}