{"id":30312,"date":"2022-11-26T15:57:06","date_gmt":"2022-11-26T21:57:06","guid":{"rendered":"https:\/\/eloficiodehistoriar.com.mx\/?p=30312"},"modified":"2022-11-26T15:57:06","modified_gmt":"2022-11-26T21:57:06","slug":"hoy-arranca-la-fil-de-guadalajara-monica-rojas-llega-a-romper-esquemas-con-su-novela-negra-lobo","status":"publish","type":"post","link":"https:\/\/eloficiodehistoriar.com.mx\/?p=30312","title":{"rendered":"Hoy arranca la FIL de Guadalajara. M\u00f3nica Rojas llega a romper esquemas con su novela negra \u00abLobo\u00bb"},"content":{"rendered":"<div class=\"cabeza\">Hoy arranca la FIL de Guadalajara con la fuerza narrativa de las escritoras<\/div>\n<div class=\"sumarios\">\n<p>M\u00f3nica Rojas llega al encuentro a romper esquemas con su novela negra\u00a0<em>Lobo,\u00a0<\/em>que\u00a0<q>indaga en las masculinidades fr\u00e1giles, la violencia de g\u00e9nero y el poder<\/q>, dice en entrevista<\/p>\n<\/div>\n<div id=\"article-text\" class=\"text\">\n<div class=\"col col1\">\n<div class=\"credito-autor\">M\u00f3nica Mateos-Vega<\/div>\n<div class=\"credito-titulo\"><\/div>\n<div class=\"hemero\">La Jornada<\/p>\n<\/div>\n<p class=\"s-s\">La edici\u00f3n 36 de la Feria Internacional del Libro (FIL) de Guadalajara se inicia hoy con las voces de una nueva generaci\u00f3n de mujeres escritoras bien plantadas en la escena literaria actual. Son ellas las que sorprender\u00e1n, encantar\u00e1n, pero sobre todo, plantear\u00e1n las tan necesarias reflexiones acerca de los nuevos rumbos y temas que ya cimbran las letras en el mundo.<\/p>\n<p>Con todo el esplendor del rencuentro presencial, luego de los dos dif\u00edciles a\u00f1os de confinamiento y restricciones sanitarias debido a la pandemia de covid-19, tambi\u00e9n tendr\u00e1n mucho qu\u00e9 decir mujeres como Bodour Bint Sultan Al Qasimi, quien forma parte de la comitiva del pa\u00eds invitado de honor, Sharjah. Ella es fundadora y directora del grupo editorial Kalimat, as\u00ed como de Asociaci\u00f3n de Editores de los Emiratos, instancias que no s\u00f3lo tienen el prop\u00f3sito de promover la lectura entre j\u00f3venes y ni\u00f1os en el mundo \u00e1rabe, sino de impulsar a las escritoras de esa regi\u00f3n.<\/p>\n<p>Entre las destacadas narradoras mexicanas que hoy se presentan en la FIL (a las 18 horas en el sal\u00f3n G del \u00e1rea internacional), se encuentra M\u00f3nica Rojas (Puebla, 1983), quien justo llega a romper esquemas con\u00a0<em>Lobo,\u00a0<\/em>su novela negra que, sobre todo,\u00a0<q>indaga en las masculinidades fr\u00e1giles, la violencia de g\u00e9nero, la marginaci\u00f3n y el poder<\/q>.<\/p>\n<p>En entrevista con\u00a0<em>La Jornada,\u00a0<\/em>la autora reitera que la novela negra, g\u00e9nero al que lleg\u00f3 luego de dedicarse al periodismo de nota roja,\u00a0<q>es el escenario perfecto para hablar de temas inc\u00f3modos y de lo que no queremos ver. Lo que hace este g\u00e9nero es forzar la vista del lector, girarle la cabeza hacia esas realidades que incomodan<\/q>.<\/p>\n<p>Editado por Nostra Ediciones,\u00a0<em>Lobo\u00a0<\/em>cuenta la historia de un joven boxeador que llega a los cuadril\u00e1teros despu\u00e9s de haber matado a un hombre a golpes.<\/p>\n<p>Es cierto que la historia se aborda desde un contexto\u00a0<q>muy de macho, muy masculino, pero no se est\u00e1n vanagloriando esos aspectos, sino criticando; sobre todo, se trata de entender, de saber cu\u00e1l es el origen de esos juegos de poder que no \u00fanicamente conciernen a los boxeadores, sino a todos nosotros como espectadores o personas que no estamos conscientes del instinto y del miedo<\/q>, a\u00f1ade la autora.<\/p>\n<p>Como mujer, como escritora y como migrante, contin\u00faa Rojas, ha afrontado varias batallas, \u201cpero no me encuentro en el \u00faltimo\u00a0<em>round,\u00a0<\/em>a pesar de que muchas veces me dijeron que una mujer no pod\u00eda escribir de boxeo o incluso que no pod\u00eda escribir buena novela negra. Pero me levant\u00e9 de esos golpes y aqu\u00ed sigo; estoy apenas en el primer\u00a0<em>round,<\/em>\u00a0no hay que tener miedo.<\/p>\n<\/div>\n<div class=\"col col2\">\n<div class=\"foto\">\n<div class=\"pie-foto\">La edici\u00f3n 36 de la Feria Internacional del Libro de Guadalajara se inicia este s\u00e1bado; este a\u00f1o el encuentro librero destaca porque re\u00fane las visiones literarias de una nueva generaci\u00f3n de escritoras, entre ellas la autora poblana M\u00f3nica Rojas<\/div>\n<\/div>\n<p><q>Est\u00e1 bien que te tumben, siempre pueden darte un mal golpe, porque una est\u00e1 expuesta y vulnerable todo el tiempo; sin embargo, no hay que quedarse en el piso. Lo que sigue ahora es explorar otros g\u00e9neros, porque no me gustar\u00eda encasillarme, quiero expandirme; por lo menos de aqu\u00ed a cinco a\u00f1os tengo clar\u00edsimo qu\u00e9 voy a escribir<\/q>, asegura la escritora.<\/p>\n<p class=\"sumario\">Garc\u00eda M\u00e1rquez, presente<\/p>\n<p class=\"s-s\">La FIL tambi\u00e9n celebrar\u00e1 al siempre a\u00f1orado Nobel colombiano Gabriel Garc\u00eda M\u00e1rquez (1927-2014), en esta ocasi\u00f3n por los 40 a\u00f1os de ese galard\u00f3n al autor de\u00a0<em>El amor en los tiempos del c\u00f3lera.<\/em><\/p>\n<p>El homenaje se iniciar\u00e1 hoy (y continuar\u00e1 ma\u00f1ana) en el m\u00f3dulo de Grupo Planeta, donde los visitantes podr\u00e1n pegar una mariposa de papel en ese espacio con mensajes para\u00a0<em>Gabo,\u00a0<\/em>adem\u00e1s del nombre de su novela favorita o incluso una carta de amor. Como requisito indispensable se solicita que escriban el nombre y correo electr\u00f3nico de cada participante.<\/p>\n<p>La persona cuyo nombre est\u00e9 escrito en la mariposa elegida al azar a las 18:30 horas recibir\u00e1 la colecci\u00f3n de libros que ese sello ha publicado, con un valor aproximado de 8 mil pesos.<\/p>\n<p>Se invita tambi\u00e9n a buscar en el vest\u00edbulo 4 el Bibliorrefri, un refrigerador en desuso transformado en espacio para leer, intercambiar y donar libros.<\/p>\n<p>El primer d\u00eda de actividades de la FIL cerrar\u00e1 a las 21 horas con el espect\u00e1culo de la cantante y compositora tunecina estadunidense Emel Mathlouthi, una revolucionaria que se suma a las filas de colegas como Sheikh Imam, Bob Dylan, Joan Baez, Jefferson Airplane, The Cranberries y Tool.<\/p>\n<p>En 2008 sali\u00f3 de su natal T\u00fanez para refugiarse en Par\u00eds luego de que su m\u00fasica fue prohibida en su pa\u00eds. Su popularidad aument\u00f3 cuando se difundi\u00f3 un video donde interpreta su emblem\u00e1tica canci\u00f3n\u00a0<em>Kelmti Horra (Mi palabra es libre)\u00a0<\/em>en plena revoluci\u00f3n tunecina, entre miles de compa\u00f1eros manifestantes. Esta actuaci\u00f3n espont\u00e1nea y apasionada reson\u00f3 en las redes sociales en los pa\u00edses \u00e1rabes que se encontraban en plena revuelta, lo que le vali\u00f3 el sobrenombre de\u00a0<q>la voz de la Primavera \u00c1rabe<\/q>, por la letra de ese tema, que dice:\u00a0<q>Somos personas libres que no tenemos miedo, \/ somos secretos que nunca mueren \/ y para aquellos que resisten, somos la voz \/ en su caos, nosotros brillamos, \/ somos libres y nuestra palabra es libre<\/q>.<\/p>\n<p>Esa poderosa canci\u00f3n dar\u00e1 el banderazo de salida a uno de los encuentros literarios y culturales m\u00e1s importantes del mundo, la Feria Internacional del Libro de Guadalajara.<\/p>\n<\/div>\n<\/div>\n","protected":false},"excerpt":{"rendered":"<p>Hoy arranca la FIL de Guadalajara con la fuerza narrativa de las escritoras M\u00f3nica Rojas llega al encuentro a romper esquemas con su novela negra\u00a0Lobo,\u00a0que\u00a0indaga en las masculinidades fr\u00e1giles, la violencia de g\u00e9nero y el poder, dice en entrevista M\u00f3nica Mateos-Vega La Jornada La edici\u00f3n 36 de la Feria Internacional del Libro (FIL) de Guadalajara [&hellip;]<\/p>\n","protected":false},"author":249,"featured_media":30313,"comment_status":"open","ping_status":"closed","sticky":false,"template":"","format":"standard","meta":{"footnotes":""},"categories":[26],"tags":[],"class_list":["post-30312","post","type-post","status-publish","format-standard","has-post-thumbnail","hentry","category-mundo"],"_links":{"self":[{"href":"https:\/\/eloficiodehistoriar.com.mx\/index.php?rest_route=\/wp\/v2\/posts\/30312","targetHints":{"allow":["GET"]}}],"collection":[{"href":"https:\/\/eloficiodehistoriar.com.mx\/index.php?rest_route=\/wp\/v2\/posts"}],"about":[{"href":"https:\/\/eloficiodehistoriar.com.mx\/index.php?rest_route=\/wp\/v2\/types\/post"}],"author":[{"embeddable":true,"href":"https:\/\/eloficiodehistoriar.com.mx\/index.php?rest_route=\/wp\/v2\/users\/249"}],"replies":[{"embeddable":true,"href":"https:\/\/eloficiodehistoriar.com.mx\/index.php?rest_route=%2Fwp%2Fv2%2Fcomments&post=30312"}],"version-history":[{"count":1,"href":"https:\/\/eloficiodehistoriar.com.mx\/index.php?rest_route=\/wp\/v2\/posts\/30312\/revisions"}],"predecessor-version":[{"id":30314,"href":"https:\/\/eloficiodehistoriar.com.mx\/index.php?rest_route=\/wp\/v2\/posts\/30312\/revisions\/30314"}],"wp:featuredmedia":[{"embeddable":true,"href":"https:\/\/eloficiodehistoriar.com.mx\/index.php?rest_route=\/wp\/v2\/media\/30313"}],"wp:attachment":[{"href":"https:\/\/eloficiodehistoriar.com.mx\/index.php?rest_route=%2Fwp%2Fv2%2Fmedia&parent=30312"}],"wp:term":[{"taxonomy":"category","embeddable":true,"href":"https:\/\/eloficiodehistoriar.com.mx\/index.php?rest_route=%2Fwp%2Fv2%2Fcategories&post=30312"},{"taxonomy":"post_tag","embeddable":true,"href":"https:\/\/eloficiodehistoriar.com.mx\/index.php?rest_route=%2Fwp%2Fv2%2Ftags&post=30312"}],"curies":[{"name":"wp","href":"https:\/\/api.w.org\/{rel}","templated":true}]}}