{"id":30325,"date":"2022-11-27T12:24:31","date_gmt":"2022-11-27T18:24:31","guid":{"rendered":"https:\/\/eloficiodehistoriar.com.mx\/?p=30325"},"modified":"2022-11-27T12:24:31","modified_gmt":"2022-11-27T18:24:31","slug":"cuatro-poemas-de-william-carlos-williams","status":"publish","type":"post","link":"https:\/\/eloficiodehistoriar.com.mx\/?p=30325","title":{"rendered":"Cuatro poemas de William Carlos Williams"},"content":{"rendered":"<h1 class=\"ljs-merri\">Cuatro poemas<\/h1>\n<h1 class=\"ljs-merri\">William Carlos Williams<\/h1>\n<p><i>Dolencia<\/i><\/p>\n<div class=\"ljs-nota-cuerpo\">\n<p>&nbsp;<\/p>\n<p>Me llaman, y yo voy.<\/p>\n<p>El camino est\u00e1 helado<\/p>\n<p>pasada la medianoche, un polvo<\/p>\n<p>de nieve preso<\/p>\n<p>en las huellas r\u00edgidas de los autos.<\/p>\n<p>La puerta se abre.<\/p>\n<p>Sonr\u00edo, entro y<\/p>\n<p>me sacudo el fr\u00edo.<\/p>\n<p>He aqu\u00ed una mujer enorme<\/p>\n<p>de su lado de la cama.<\/p>\n<p>Est\u00e1 enferma,<\/p>\n<p>quiz\u00e1s vomita,<\/p>\n<p>quiz\u00e1s est\u00e1 pariendo<\/p>\n<p>a su d\u00e9cimo hijo. \u00a1Alegr\u00eda! \u00a1Alegr\u00eda!<\/p>\n<p>La noche es un cuarto<\/p>\n<p>oscuro para los amantes,<\/p>\n<p>&nbsp;<\/p>\n<p>\u00a1a trav\u00e9s de las persianas el sol<\/p>\n<p>pasa una aguja de oro!<\/p>\n<p>Le corro el pelo de la cara<\/p>\n<p>y miro su miseria<\/p>\n<p>con compasi\u00f3n.<\/p>\n<p>&nbsp;<\/p>\n<p><i>El resurgimiento<\/i><\/p>\n<p>&nbsp;<\/p>\n<p>Tarde o temprano<\/p>\n<p>llegaremos al final<\/p>\n<p>de la lucha<\/p>\n<p>&nbsp;<\/p>\n<p>para restablecer<\/p>\n<p>la imagen la imagen de<\/p>\n<p>la rosa<\/p>\n<p>&nbsp;<\/p>\n<p>pero a\u00fan no<\/p>\n<p>dices extendiendo<\/p>\n<p>el tiempo indefinidamente<\/p>\n<p>&nbsp;<\/p>\n<p>por<\/p>\n<p>tu amor hasta que una<\/p>\n<p>primavera entera<\/p>\n<p>&nbsp;<\/p>\n<p>reencienda<\/p>\n<p>el violeta en las propias<\/p>\n<p>orqu\u00eddeas<\/p>\n<p>&nbsp;<\/p>\n<p>y as\u00ed por<\/p>\n<p>tu amor el mismo sol<\/p>\n<p>es reavivado<\/p>\n<p>&nbsp;<\/p>\n<p>el poema.<\/p>\n<p>&nbsp;<\/p>\n<p>Versi\u00f3n de Edgardo Dobry, Juan Antonio Montiel y Michael Tregebov<\/p>\n<p>&nbsp;<\/p>\n<p><i>Un ejercicio<\/i><\/p>\n<p>&nbsp;<\/p>\n<p>Enfermo como estoy<\/p>\n<p>confusa mi mente<\/p>\n<p>quiero decir<\/p>\n<p>resist\u00ed hasta aqu\u00ed<\/p>\n<p>este abril<\/p>\n<p>visitando amigos<\/p>\n<p>al volver a casa<\/p>\n<p>tarde en la noche<\/p>\n<p>vi<\/p>\n<p>su<\/p>\n<p>enorme cuello<\/p>\n<p>parec\u00eda<\/p>\n<p>ahogarlo<\/p>\n<p>no supe<\/p>\n<p>si<\/p>\n<p>\u00e9l me vio aunque<\/p>\n<p>estaba sentado<\/p>\n<p>exactamente<\/p>\n<p>frente a m\u00ed<\/p>\n<p>\u00bfpodremos<\/p>\n<p>liberarnos de esa edad<\/p>\n<p>moderna<\/p>\n<p>y aprender<\/p>\n<p>a respirar de nuevo?<\/p>\n<p>&nbsp;<\/p>\n<p>&nbsp;<\/p>\n<p>Versi\u00f3n de Martha Block.<\/p>\n<p>&nbsp;<\/p>\n<p><i>Paterson<\/i><\/p>\n<p>(fragmento)<\/p>\n<p>&nbsp;<\/p>\n<p>Paterson descansa en el valle bajo las cataratas Passaic<\/p>\n<p>sus aguas servidas dibujan su espalda. Situado<\/p>\n<p>a su derecha, \u00a1la cabeza cerca del tronar<\/p>\n<p>de las aguas que llenan sus sue\u00f1os! Eternamente dormido,<\/p>\n<p>sus sue\u00f1os caminan por la ciudad donde permanece<\/p>\n<p>an\u00f3nimo. Las mariposas se posan en su oreja de piedra.<\/p>\n<p>Inmortal, ni se mueve ni despierta y rara vez<\/p>\n<p>es visto, aunque respira y las sutilezas de sus<\/p>\n<p>maquinaciones<\/p>\n<p>obtienen su sustancia del ruido del r\u00edo que<\/p>\n<p>fluye<\/p>\n<p>animando a mil aut\u00f3matas. Quienes, como<\/p>\n<p>ignoran sus or\u00edgenes y las bases de sus<\/p>\n<p>decepciones, salen de sus cuerpos en su mayor\u00eda<\/p>\n<p>sin rumbo,<\/p>\n<p>encerrados y olvidados en sus deseos\u2013 sin emoci\u00f3n.<\/p>\n<p>\u2013Dilo, no hay ideas sino en las cosas\u2013<\/p>\n<p>nada m\u00e1s que las fachadas blancas de las casas<\/p>\n<p>y los \u00e1rboles cil\u00edndricos<\/p>\n<p>doblados, divididos por prejuicio y accidente\u2013<\/p>\n<p>partidos, combados, arrugados, moteados, manchados\u2013<\/p>\n<p>secretos\u2013 \u00a1hacia el cuerpo de la luz!<\/p>\n<p>[&#8230;]<\/p>\n<p>El pasado arriba, el futuro abajo<\/p>\n<p>y el presente derram\u00e1ndose: el rugido,<\/p>\n<p>el rugido del presente, un discurso \u2013<\/p>\n<p>es, de necesidad, mi \u00fanica preocupaci\u00f3n \u2022<\/p>\n<p>Se sumergieron, cayeron en un \u00e9xtasis<\/p>\n<p>o con intenci\u00f3n, para dar por terminado\u2013 el<\/p>\n<p>rugido, constante, dando testimonio \u2022<\/p>\n<p>Ni del pasado ni del futuro<\/p>\n<p>Ni para clavar la vista, amn\u00e9sicos\u2013 olvidando.<\/p>\n<p>El lenguaje en cascada hacia lo<\/p>\n<p>invisible, m\u00e1s all\u00e1 de: las cataratas<\/p>\n<p>de las que es la parte visible\u2013<\/p>\n<p>&nbsp;<\/p>\n<p>Sacados de las calles arrancamos<\/p>\n<p>el encierro de nuestras mentes y somos absorbidos por<\/p>\n<p>los vientos de los libros, buscando, buscando<\/p>\n<p>en el viento<\/p>\n<p>hasta que no sabemos cu\u00e1l es el poder del viento sobre nosotros<\/p>\n<p>que lleva la mente lejos<\/p>\n<p>y en la mente crece<\/p>\n<p>un olor, quiz\u00e1s, de flores de acacia<\/p>\n<p>cuyo perfume es en s\u00ed un viento que se mueve<\/p>\n<p>para llevar la mente lejos<\/p>\n<p>a trav\u00e9s del que, debajo de la catarata<\/p>\n<p>que pronto estar\u00e1 seca<\/p>\n<p>el r\u00edo se arremolina y se amontona<\/p>\n<p>primero recordado.<\/p>\n<p>Agotados de vagar por las calles<\/p>\n<p>in\u00fatiles en estos meses, con los rostros<br \/>\ninclinados contra<\/p>\n<p>\u00e9l, como tr\u00e9bol al anochecer, algo<\/p>\n<p>lo ha regresado a su propia<\/p>\n<p>mente \u2022<\/p>\n<p>en la que una catarata invisible<\/p>\n<p>tropieza y se levanta<\/p>\n<p>y vuelve a tropezar \u2013y no cesa, cayendo<\/p>\n<p>y vuelve a tropezar con un estruendo, una reverberaci\u00f3n<\/p>\n<p>no de las cataratas sino de su rumor<\/p>\n<p>incesante<\/p>\n<p>&nbsp;<\/p>\n<p>&nbsp;<\/p>\n<p>Versi\u00f3n de Silvia Camerotto.<\/p>\n<p>&nbsp;<\/p>\n<p><i>Una canci\u00f3n de amor<\/i><\/p>\n<p>&nbsp;<\/p>\n<p>\u00bfQu\u00e9 tengo yo para decirte<\/p>\n<p>cuando nos encontremos?<\/p>\n<p>Y, sin embargo,<\/p>\n<p>estoy ac\u00e1 acostado y pienso en ti.<\/p>\n<p>&nbsp;<\/p>\n<p>La mancha del amor<\/p>\n<p>se cierne sobre el mundo.<\/p>\n<p>Amarilla, amarilla y amarilla,<\/p>\n<p>va comiendo las hojas<\/p>\n<p>y mancha de azafr\u00e1n<\/p>\n<p>las ramas puntiagudas que se inclinan<\/p>\n<p>pesadamente<\/p>\n<p>contra un terso cielo p\u00farpura.<\/p>\n<p>&nbsp;<\/p>\n<p>No hay luz,<\/p>\n<p>s\u00f3lo una mancha espesa como miel<\/p>\n<p>que va goteando de una hoja a otra<\/p>\n<p>y de una rama a otra<\/p>\n<p>y arruina los colores<\/p>\n<p>del mundo entero.<\/p>\n<p>&nbsp;<\/p>\n<p>Estoy solo,<\/p>\n<p>y el peso del amor<\/p>\n<p>me ha alentado hasta hacer<\/p>\n<p>que mi cabeza pegue contra el cielo.<\/p>\n<p>&nbsp;<\/p>\n<p>\u00a1M\u00edrame!<\/p>\n<p>Chorrea n\u00e9ctar de mi pelo;<\/p>\n<p>los estorninos lo transportan<\/p>\n<p>en sus alas negras.<\/p>\n<p>M\u00edrame, finalmente<\/p>\n<p>mis brazos y mis manos<\/p>\n<p>est\u00e1n ociosos.<\/p>\n<p>&nbsp;<\/p>\n<p>\u00bfC\u00f3mo puedo saber<\/p>\n<p>si alguna vez voy a volver a amarte<\/p>\n<p>como te amo ahora?<\/p>\n<p>&nbsp;<\/p>\n<p>&nbsp;<\/p>\n<p>Versi\u00f3n de Silvia Camerotto<\/p>\n<\/div>\n","protected":false},"excerpt":{"rendered":"<p>Cuatro poemas William Carlos Williams Dolencia &nbsp; Me llaman, y yo voy. El camino est\u00e1 helado pasada la medianoche, un polvo de nieve preso en las huellas r\u00edgidas de los autos. La puerta se abre. Sonr\u00edo, entro y me sacudo el fr\u00edo. He aqu\u00ed una mujer enorme de su lado de la cama. Est\u00e1 enferma, [&hellip;]<\/p>\n","protected":false},"author":249,"featured_media":30326,"comment_status":"open","ping_status":"closed","sticky":false,"template":"","format":"standard","meta":{"footnotes":""},"categories":[26],"tags":[],"class_list":["post-30325","post","type-post","status-publish","format-standard","has-post-thumbnail","hentry","category-mundo"],"_links":{"self":[{"href":"https:\/\/eloficiodehistoriar.com.mx\/index.php?rest_route=\/wp\/v2\/posts\/30325","targetHints":{"allow":["GET"]}}],"collection":[{"href":"https:\/\/eloficiodehistoriar.com.mx\/index.php?rest_route=\/wp\/v2\/posts"}],"about":[{"href":"https:\/\/eloficiodehistoriar.com.mx\/index.php?rest_route=\/wp\/v2\/types\/post"}],"author":[{"embeddable":true,"href":"https:\/\/eloficiodehistoriar.com.mx\/index.php?rest_route=\/wp\/v2\/users\/249"}],"replies":[{"embeddable":true,"href":"https:\/\/eloficiodehistoriar.com.mx\/index.php?rest_route=%2Fwp%2Fv2%2Fcomments&post=30325"}],"version-history":[{"count":1,"href":"https:\/\/eloficiodehistoriar.com.mx\/index.php?rest_route=\/wp\/v2\/posts\/30325\/revisions"}],"predecessor-version":[{"id":30327,"href":"https:\/\/eloficiodehistoriar.com.mx\/index.php?rest_route=\/wp\/v2\/posts\/30325\/revisions\/30327"}],"wp:featuredmedia":[{"embeddable":true,"href":"https:\/\/eloficiodehistoriar.com.mx\/index.php?rest_route=\/wp\/v2\/media\/30326"}],"wp:attachment":[{"href":"https:\/\/eloficiodehistoriar.com.mx\/index.php?rest_route=%2Fwp%2Fv2%2Fmedia&parent=30325"}],"wp:term":[{"taxonomy":"category","embeddable":true,"href":"https:\/\/eloficiodehistoriar.com.mx\/index.php?rest_route=%2Fwp%2Fv2%2Fcategories&post=30325"},{"taxonomy":"post_tag","embeddable":true,"href":"https:\/\/eloficiodehistoriar.com.mx\/index.php?rest_route=%2Fwp%2Fv2%2Ftags&post=30325"}],"curies":[{"name":"wp","href":"https:\/\/api.w.org\/{rel}","templated":true}]}}