{"id":30333,"date":"2022-11-28T15:16:45","date_gmt":"2022-11-28T21:16:45","guid":{"rendered":"https:\/\/eloficiodehistoriar.com.mx\/?p=30333"},"modified":"2022-11-28T15:16:45","modified_gmt":"2022-11-28T21:16:45","slug":"elena-poniatowska-prepara-una-novela-sobre-su-madre-y-presento-el-amante-polaco","status":"publish","type":"post","link":"https:\/\/eloficiodehistoriar.com.mx\/?p=30333","title":{"rendered":"Elena Poniatowska prepara una novela sobre su madre y present\u00f3 \u00a0\u00abEl amante polaco\u00bb"},"content":{"rendered":"<div id=\"article-cont\" class=\"main-cont article-cont actuality\">\n<div class=\"cabeza\">Elena Poniatowska prepara una novela basada en Mar\u00eda Dolores Amor, su madre<\/div>\n<div class=\"sumarios\">\n<p>La narradora y periodista present\u00f3 en la FIL de Guadalajara su obra de dos tomos\u00a0<em>El amante polaco<\/em><\/p>\n<p>En entrevista, cuenta con nostalgia c\u00f3mo en los pasillos del encuentro editorial re\u00eda y charlaba con amigos y grandes autores, entre ellos Garc\u00eda M\u00e1rquez y Saramago<\/p>\n<\/div>\n<div id=\"article-text\" class=\"text tbl-forkorts-article\">\n<div class=\"foto\">\n<div class=\"pie-foto\">Siempre sonriente, Elena Poniatowska dedic\u00f3 la ma\u00f1ana de ayer a dar entrevistas antes de la presentaci\u00f3n de su novela en la FIL de Guadalajara.<\/div>\n<div><\/div>\n<\/div>\n<div class=\"col\">\n<div class=\"credito-autor\">Juan Carlos G. Partida<\/div>\n<div class=\"credito-titulo\"><\/div>\n<div class=\"hemero\">La Jornada<\/p>\n<\/div>\n<p class=\"s-s\">Guadalajara, Jal.,<\/p>\n<p class=\"s-s\">Siempre sonriente, siempre amable, siempre paciente, Elena Poniatowska dedica la ma\u00f1ana del domingo a dar entrevistas a diferentes medios de comunicaci\u00f3n en el piso 19 del hotel Hilton, antes de la presentaci\u00f3n por la noche de su novela de dos tomos<em>\u00a0El amante polaco,\u00a0<\/em>en la Feria Internacional del Libro (FIL) de Guadalajara.<\/p>\n<p>Suspira y cuenta que se levant\u00f3 temprano para realizar antes una caminata en la que pas\u00f3 junto a Expo Guadalajara, sede de la FIL desde sus inicios, 36 a\u00f1os atr\u00e1s, y record\u00f3 que en ese mismo lugar por sus pasillos antes re\u00eda, charlaba, compart\u00eda el tiempo con personajes como Gabriel Garc\u00eda M\u00e1rquez o Carlos Fuentes; coincid\u00eda con autores como Fernando del Paso o Jos\u00e9 Saramago.<\/p>\n<p><q>Hoy siento que hay un hueco; hay gente joven, pero todav\u00eda no vemos un resultado para sustituir a esos escritores. Todav\u00eda hay grandes personajes que vienen, por supuesto; Sergio Ram\u00edrez por ejemplo, hombre entra\u00f1able que la gente admira y quiere much\u00edsimo. Pero ya no vemos a Jos\u00e9 Agust\u00edn, que sufri\u00f3 la tragedia de caerse de cabeza en la fosa de m\u00fasicos en un teatro en Puebla, una verdadera tragedia tambi\u00e9n para la literatura mexicana, para lo que se conoci\u00f3 como la Literatura de la Onda, en la que estaban Gustavo S\u00e1inz, Parm\u00e9nides Garc\u00eda Salda\u00f1a o Margarita Dalton, aunque ella sigue en Oaxaca, una literatura que yo siempre admir\u00e9<\/q>, dice.<\/p>\n<p>Afirma que\u00a0<em>El amante polaco\u00a0<\/em>no es el ep\u00edlogo literario de su trayectoria, y a sus 90\u00a0<q>ya casi 91 a\u00f1os<\/q>, afirma que est\u00e1 trabajando en una nueva novela en la cual su madre, Mar\u00eda Dolores,\u00a0<q>prima de Pita Amor, muy bella<\/q>, ser\u00e1 la fuente de inspiraci\u00f3n.<\/p>\n<p><q>Tuve una gran pasi\u00f3n por mi mam\u00e1, que era Amor, y tengo ganas de recuperar su memoria. Al final de su vida, mi mam\u00e1 se volvi\u00f3 muy religiosa. Yo no, yo tengo un proceso inverso, vivo a un lado de una capilla, entonces lo que le pas\u00f3 a ella tras la muerte de mi hermano de 21 a\u00f1os, en 1968, hay algo ah\u00ed que yo quisiera entender. Sobre eso girar\u00e1.<\/q><\/p>\n<p>Dice que\u00a0<em>El amante polaco,\u00a0<\/em>en la que cuenta la historia desde sus ancestros de la realeza del siglo XVI hasta sus experiencias en M\u00e9xico, no es una biograf\u00eda familiar o personal.\u00a0<q>No me gustan mucho las biograf\u00edas; es una novela<\/q>, sentencia.<\/p>\n<p>\u201cAntes de iniciarla pens\u00e9 que ya hab\u00eda escrito mucho historias como la de una soldadera que estuvo en la Revoluci\u00f3n Mexicana; tuve 20 mil entrevistas; ya escrib\u00ed de Demetrio Vallejo, de mis h\u00e9roes populares y dije: \u2018ay, no, lo que voy a hacer ahora es escribir de qu\u00e9 familia provengo, qu\u00e9 diablos\u2019, porque yo o\u00eda que dec\u00edan que Poniatowski era un apellido importante y las hilachas, entonces dije: \u2018voy a ver de qu\u00e9 se trata, qu\u00e9 clase de cucaracha era Poniatowski\u2019.\u201d<\/p>\n<p class=\"sumario\">Literatura y poes\u00eda en una entrevista<\/p>\n<p class=\"s-s\">Defiende al periodismo, su pasi\u00f3n, como un g\u00e9nero literario, porque\u00a0<q>puede haber literatura y poes\u00eda en una entrevista<\/q>; adem\u00e1s, porque\u00a0<q>todos somos reporteros en la medida en que recogemos las palabras, las impresiones o la belleza de este mundo, pero tambi\u00e9n podemos ser analistas y cr\u00edticos, deprimirnos o escribir muy largo, como yo<\/q>.<\/p>\n<p>La ganadora del Premio Cervantes de Literatura dice estar preocupada por las nuevas tecnolog\u00edas de la informaci\u00f3n, con relaci\u00f3n sobre todo a la prensa en papel, que da la pelea por la sobrevivencia en un mundo digital, en el que ahora\u00a0<q>los j\u00f3venes abrevian todo, ya casi nadie escribe<\/q>. Adem\u00e1s antes, por ejemplo a\u00a0<em>La Jornada<\/em>, llegaban muchos j\u00f3venes a buscar trabajo de reporteros, y ahora el inter\u00e9s es \u201cfigurar en la pantalla, buscar el \u00e9xito inmediato.<\/p>\n<p><q>Hoy todo es muy fugaz, inmediato, se olvidan las cosas importantes. Hoy la cosa es el golpazo, que cimbre, pero las noticias se van sustituyendo una tras otra hasta que saturan<\/q>, reflexiona.<\/p>\n<p>Elena sigue sonriendo cuando responde lo que est\u00e1 haciendo ahora, adem\u00e1s de publicar los domingos en\u00a0<em>La Jornada\u00a0<\/em>y comenzar a redactar su pr\u00f3xima novela.<\/p>\n<p><q>Quiero dejar en orden mi biblioteca. Tengo tres hijos, ninguno es periodista, y quiero que est\u00e9 todo ordenado, dejar los libros en orden: todos los calzones con los calzones, los brasieres con los brasieres.<\/q><\/p>\n<\/div>\n<\/div>\n<div class=\"go gui\">\n<div class=\"go-next\"><\/div>\n<div class=\"go-up\"><\/div>\n<\/div>\n<\/div>\n<div id=\"taboola-below-content-thumbnails\" class=\" trc_related_container trc_spotlight_widget tbl-feed-container tbl-feed-frame-DIVIDER  render-late-effect\" data-feed-container-num=\"1\" data-feed-main-container-id=\"taboola-below-content-thumbnails\" data-parent-placement-name=\"Below Content Thumbnails\" data-pub-lang=\"es\">\n<div class=\" tbl-feed-header tbl-logo-right-position\">\n<div class=\"tbl-feed-header-logo\"><\/div>\n<\/div>\n<\/div>\n","protected":false},"excerpt":{"rendered":"<p>Elena Poniatowska prepara una novela basada en Mar\u00eda Dolores Amor, su madre La narradora y periodista present\u00f3 en la FIL de Guadalajara su obra de dos tomos\u00a0El amante polaco En entrevista, cuenta con nostalgia c\u00f3mo en los pasillos del encuentro editorial re\u00eda y charlaba con amigos y grandes autores, entre ellos Garc\u00eda M\u00e1rquez y Saramago [&hellip;]<\/p>\n","protected":false},"author":249,"featured_media":30334,"comment_status":"open","ping_status":"closed","sticky":false,"template":"","format":"standard","meta":{"footnotes":""},"categories":[26],"tags":[],"class_list":["post-30333","post","type-post","status-publish","format-standard","has-post-thumbnail","hentry","category-mundo"],"_links":{"self":[{"href":"https:\/\/eloficiodehistoriar.com.mx\/index.php?rest_route=\/wp\/v2\/posts\/30333","targetHints":{"allow":["GET"]}}],"collection":[{"href":"https:\/\/eloficiodehistoriar.com.mx\/index.php?rest_route=\/wp\/v2\/posts"}],"about":[{"href":"https:\/\/eloficiodehistoriar.com.mx\/index.php?rest_route=\/wp\/v2\/types\/post"}],"author":[{"embeddable":true,"href":"https:\/\/eloficiodehistoriar.com.mx\/index.php?rest_route=\/wp\/v2\/users\/249"}],"replies":[{"embeddable":true,"href":"https:\/\/eloficiodehistoriar.com.mx\/index.php?rest_route=%2Fwp%2Fv2%2Fcomments&post=30333"}],"version-history":[{"count":1,"href":"https:\/\/eloficiodehistoriar.com.mx\/index.php?rest_route=\/wp\/v2\/posts\/30333\/revisions"}],"predecessor-version":[{"id":30335,"href":"https:\/\/eloficiodehistoriar.com.mx\/index.php?rest_route=\/wp\/v2\/posts\/30333\/revisions\/30335"}],"wp:featuredmedia":[{"embeddable":true,"href":"https:\/\/eloficiodehistoriar.com.mx\/index.php?rest_route=\/wp\/v2\/media\/30334"}],"wp:attachment":[{"href":"https:\/\/eloficiodehistoriar.com.mx\/index.php?rest_route=%2Fwp%2Fv2%2Fmedia&parent=30333"}],"wp:term":[{"taxonomy":"category","embeddable":true,"href":"https:\/\/eloficiodehistoriar.com.mx\/index.php?rest_route=%2Fwp%2Fv2%2Fcategories&post=30333"},{"taxonomy":"post_tag","embeddable":true,"href":"https:\/\/eloficiodehistoriar.com.mx\/index.php?rest_route=%2Fwp%2Fv2%2Ftags&post=30333"}],"curies":[{"name":"wp","href":"https:\/\/api.w.org\/{rel}","templated":true}]}}