{"id":30336,"date":"2022-11-28T15:22:44","date_gmt":"2022-11-28T21:22:44","guid":{"rendered":"https:\/\/eloficiodehistoriar.com.mx\/?p=30336"},"modified":"2022-11-28T15:22:44","modified_gmt":"2022-11-28T21:22:44","slug":"cuentos-negros-navidenos-cuatro-historias-estilo-testimonial-del-cuentacuentos-y-el-monologo-teatral","status":"publish","type":"post","link":"https:\/\/eloficiodehistoriar.com.mx\/?p=30336","title":{"rendered":"\u00abCuentos negros navide\u00f1os\u00bb cuatro historias estilo testimonial del cuentacuentos y el mon\u00f3logo teatral."},"content":{"rendered":"<div id=\"article-cont\" class=\"main-cont article-cont actuality\">\n<div class=\"cabeza\"><em>Cuentos negros navide\u00f1os,<\/em>\u00a0<q>historia para re\u00edr y reflexionar<\/q>\u00a0sobre los adultos mayores<\/div>\n<div class=\"sumarios\">\n<p>Mar\u00eda Elena Olivares, de 87 a\u00f1os de edad, fue el alma de la obra, afirma Gin\u00e9s Cruz, quien dirige junto a Boris Schoemann<\/p>\n<\/div>\n<div id=\"article-text\" class=\"text tbl-forkorts-article\">\n<div class=\"foto\">\n<div class=\"pie-foto\">Mar\u00eda Elena Olivares cre\u00f3 el proyecto. El montaje comenzar\u00e1 temporada en el teatro Sergio Maga\u00f1a.<\/div>\n<div><\/div>\n<\/div>\n<div class=\"col\">\n<div class=\"credito-autor\">Ana M\u00f3nica Rodr\u00edguez<\/div>\n<div class=\"credito-titulo\"><\/div>\n<div class=\"hemero\">La Jornada<\/p>\n<\/div>\n<p class=\"s-s\">Con un\u00a0<q>lenguaje po\u00e9tico, otras veces feroz y vivaz, pero que reh\u00fasa respetar los l\u00edmites y tab\u00faes<\/q>\u00a0emergen los\u00a0<em>Cuentos negros navide\u00f1os,<\/em>\u00a0donde en cuatro historias se funden el estilo testimonial del cuentacuentos y el mon\u00f3logo teatral.<\/p>\n<p>La obra har\u00e1 una temporada especial en el teatro Sergio Maga\u00f1a, dirigida por Gin\u00e9s Cruz y Boris Schoemann. Consta de cuatro cuentos escritos por el quebequense Yvan Bienvenue, que abordan la sexualidad de algunas personas de la tercera edad, as\u00ed como la invisibilidad que tienen en la sociedad.<\/p>\n<p>Los textos, explic\u00f3 Cruz, quien tambi\u00e9n act\u00faa\u00a0<q>develan a personajes que encuentran en el alcohol y el sexo escapes temporales a la soledad y falta de sentido de la sociedad urbana moderna; son confesiones de testigos que vieron alg\u00fan suceso que les impact\u00f3, pero aderezadas con mucho humor negro<\/q>.<\/p>\n<p>Adem\u00e1s, se busca propiciar una reflexi\u00f3n\u00a0<q>sobre la invisibilidad que sufren algunas personas de la tercera edad, que necesitan compa\u00f1\u00eda, sobre todo, en las fiestas navide\u00f1as; es un tema que casi no se toca o no se quiere abordar<\/q>, agreg\u00f3 el director esc\u00e9nico.<\/p>\n<p>El reparto lo integran Mar\u00eda Elena Olivares, Miguel \u00c1ngel Barrera y Gin\u00e9s Cruz. Por cierto, Olivares, de \u201c87 a\u00f1os de edad, fue el alma de\u00a0<em>Cuentos negros navide\u00f1os;<\/em>\u00a0gener\u00f3 el proyecto, me invit\u00f3 y lo empezamos juntos; ella es muy buena, entra\u00f1able y divertida en escena\u201d, expres\u00f3 Cruz sobre la actriz, quien se form\u00f3 con maestros como Seki Sano, Roberto Baillet, Ren\u00e9 Pereyra, Boris Schoemann, Omar Argentino, Luisa Huertas, Emma Dib y Bruno Bert y ha sido dirigida en escena por H\u00e9ctor Bonilla, Hugo Arrevillaga, Antonio Z\u00fa\u00f1iga y David Psalmon.<\/p>\n<p>Gin\u00e9s Cruz retom\u00f3 el tema del montaje, que tambi\u00e9n se present\u00f3 en el Centro Nacional de las Artes. Afirm\u00f3:\u00a0<q>Buscamos generar una reflexi\u00f3n sobre la dignificaci\u00f3n e integraci\u00f3n de los adultos mayores, pues se habla de muchos tipos de discriminaci\u00f3n, pero no la de este sector de la sociedad; incluso existe la idea de que no son funcionales, pero es gente que tiene una vida y es igual de brillante que la de cualquier persona, incluso m\u00e1s joven<\/q>.<\/p>\n<p>Detall\u00f3: \u201cDurante 90 minutos,\u00a0<em>Cuentos negros navide\u00f1os<\/em>\u00a0lleva al p\u00fablico a un mundo en el que lo tr\u00e1gico y s\u00f3rdido van de la mano de la empat\u00eda y la ternura que el autor siente por sus personajes, todo, en un agudo tono de humor negro\u201d.<\/p>\n<p>Es decir, sostuvo Cruz,\u00a0<q>los textos son de humor y una poes\u00eda maravillosa, por la forma en que relatan experiencias de la sexualidad durante la senectud. Son una reflexi\u00f3n tragic\u00f3mica de este tema tan lleno de tab\u00faes<\/q>.<\/p>\n<p>En torno a las cuatro historias, cont\u00f3: \u201cEl mon\u00f3logo\u00a0<em>Tancredo y Rosalinda<\/em>\u00a0aborda la historia de dos ancianos que para consumar el amor que se empiezan a profesar acceden a la p\u00e1gina de Internet:\u00a0<a href=\"https:\/\/www.xn--viejosquetodavalaquierenmover-3xc.com\/\" target=\"_blank\" rel=\"noopener\">www.ViejosQueTodav\u00edaLaQuierenMover.com<\/a>\u00a0y conocen el Viagra,\u00a0<q>pastilla milagrosa que estar\u00e1n dispuestos a probar<\/q>.<\/p>\n<p>En el cuento\u00a0<em>Panza voladora,<\/em>\u00a0\u201cun hombre es testigo de lo que ocurre en una iglesia, entre el cura y una viejecita, que todos los d\u00edas se va a confesar de \u2018pecados lascivos\u2019 que comete, sanamente, con frutas y verduras\u201d.<\/p>\n<p>En\u00a0<em>Bonita pierna,<\/em>\u00a0un hombre mira a un anciano que camina en un centro comercial en Navidad y, de pronto pierde la pr\u00f3tesis de su pierna mientras sube las escaleras el\u00e9ctricas y por orgullo no regresa a recogerla. Aquel observador cuenta las aventuras\u00a0<q>que vive esa pierna<\/q>\u00a0en medio de tanta gente.<\/p>\n<p>El espect\u00e1culo cierra con\u00a0<em>Cocalina,<\/em>\u00a0\u201chistoria de Pl\u00e1cido, un joven hermoso que a fin de obtener recursos para su sustento se dedica a \u2018vender\u2019 su cuerpo a las ancianas en los asilos\u201d. Este cuento fue traducido y dirigido por Boris Schoemann.<\/p>\n<p>Los tres cuentos anteriores fueron dirigidos por Gin\u00e9s Cruz, de la compa\u00f1\u00eda Cardumen Teatro, con la traducci\u00f3n del franc\u00e9s al espa\u00f1ol de Humberto P\u00e9rez Mortera, Axaya?catl Rocha Olivares y Raquel Uri\u00f3stegui.<\/p>\n<p><em>Cuentos negros navide\u00f1os,<\/em>\u00a0<q>invitaci\u00f3n a re\u00edrnos y a escuchar<\/q>, tendr\u00e1 funciones los jueves y viernes a las 20 horas, s\u00e1bados a las 19 y domingos a las 18 horas, del primero al 11 de diciembre en el teatro Sergio Maga\u00f1a, ubicado en Sor Juana In\u00e9s de la Cruz 114, colonia Santa Mar\u00eda La Ribera, Metro San Cosme. El 4 de diciembre habr\u00e1 una precio especial para las personas de la tercera edad.<\/p>\n<\/div>\n<\/div>\n<div class=\"go gui\">\n<div class=\"go-next\"><\/div>\n<div class=\"go-up\"><\/div>\n<\/div>\n<\/div>\n<div id=\"taboola-below-content-thumbnails\" class=\" trc_related_container trc_spotlight_widget tbl-feed-container tbl-feed-frame-DIVIDER  render-late-effect\" data-feed-container-num=\"1\" data-feed-main-container-id=\"taboola-below-content-thumbnails\" data-parent-placement-name=\"Below Content Thumbnails\" data-pub-lang=\"es\">\n<div class=\" tbl-feed-header tbl-logo-right-position\">\n<div class=\"tbl-feed-header-logo\"><\/div>\n<\/div>\n<\/div>\n","protected":false},"excerpt":{"rendered":"<p>Cuentos negros navide\u00f1os,\u00a0historia para re\u00edr y reflexionar\u00a0sobre los adultos mayores Mar\u00eda Elena Olivares, de 87 a\u00f1os de edad, fue el alma de la obra, afirma Gin\u00e9s Cruz, quien dirige junto a Boris Schoemann Mar\u00eda Elena Olivares cre\u00f3 el proyecto. El montaje comenzar\u00e1 temporada en el teatro Sergio Maga\u00f1a. Ana M\u00f3nica Rodr\u00edguez La Jornada Con un\u00a0lenguaje [&hellip;]<\/p>\n","protected":false},"author":249,"featured_media":30337,"comment_status":"open","ping_status":"closed","sticky":false,"template":"","format":"standard","meta":{"footnotes":""},"categories":[26],"tags":[],"class_list":["post-30336","post","type-post","status-publish","format-standard","has-post-thumbnail","hentry","category-mundo"],"_links":{"self":[{"href":"https:\/\/eloficiodehistoriar.com.mx\/index.php?rest_route=\/wp\/v2\/posts\/30336","targetHints":{"allow":["GET"]}}],"collection":[{"href":"https:\/\/eloficiodehistoriar.com.mx\/index.php?rest_route=\/wp\/v2\/posts"}],"about":[{"href":"https:\/\/eloficiodehistoriar.com.mx\/index.php?rest_route=\/wp\/v2\/types\/post"}],"author":[{"embeddable":true,"href":"https:\/\/eloficiodehistoriar.com.mx\/index.php?rest_route=\/wp\/v2\/users\/249"}],"replies":[{"embeddable":true,"href":"https:\/\/eloficiodehistoriar.com.mx\/index.php?rest_route=%2Fwp%2Fv2%2Fcomments&post=30336"}],"version-history":[{"count":1,"href":"https:\/\/eloficiodehistoriar.com.mx\/index.php?rest_route=\/wp\/v2\/posts\/30336\/revisions"}],"predecessor-version":[{"id":30338,"href":"https:\/\/eloficiodehistoriar.com.mx\/index.php?rest_route=\/wp\/v2\/posts\/30336\/revisions\/30338"}],"wp:featuredmedia":[{"embeddable":true,"href":"https:\/\/eloficiodehistoriar.com.mx\/index.php?rest_route=\/wp\/v2\/media\/30337"}],"wp:attachment":[{"href":"https:\/\/eloficiodehistoriar.com.mx\/index.php?rest_route=%2Fwp%2Fv2%2Fmedia&parent=30336"}],"wp:term":[{"taxonomy":"category","embeddable":true,"href":"https:\/\/eloficiodehistoriar.com.mx\/index.php?rest_route=%2Fwp%2Fv2%2Fcategories&post=30336"},{"taxonomy":"post_tag","embeddable":true,"href":"https:\/\/eloficiodehistoriar.com.mx\/index.php?rest_route=%2Fwp%2Fv2%2Ftags&post=30336"}],"curies":[{"name":"wp","href":"https:\/\/api.w.org\/{rel}","templated":true}]}}