{"id":30342,"date":"2022-11-28T15:36:15","date_gmt":"2022-11-28T21:36:15","guid":{"rendered":"https:\/\/eloficiodehistoriar.com.mx\/?p=30342"},"modified":"2022-11-28T15:36:15","modified_gmt":"2022-11-28T21:36:15","slug":"la-caja-2021-largometraje-de-ficcion-es-la-historia-de-hatzin-adolescente-de-13","status":"publish","type":"post","link":"https:\/\/eloficiodehistoriar.com.mx\/?p=30342","title":{"rendered":"\u00abLa caja\u00bb\u00a0(2021), largometraje de ficci\u00f3n, es la historia de Hatzin,  adolescente de 13"},"content":{"rendered":"<div id=\"article-cont\" class=\"main-cont article-cont analysis\">\n<div class=\"cabeza\">La caja<\/div>\n<div class=\"sumarios\"><\/div>\n<div class=\"credito-articulo\">Carlos Bonfil<\/div>\n<div><\/div>\n<div id=\"article-text\" class=\"text\">\n<div class=\"col col1\">\n<div class=\"inicial\">En\u00a0<em>Desde all\u00e1,<\/em>\u00a0su primer largometraje, Lorenzo Vigas, realizador venezolano radicado en M\u00e9xico, narraba la relaci\u00f3n entre Armando (Alfredo Castro), un hombre manipulador de 50 a\u00f1os, y Elder (Luis Silva), joven delincuente de 20. Esa historia de un barrio popular de una Caracas sumida en la violencia, combinaba el\u00a0<em>thriller<\/em>\u00a0urbano con una exploraci\u00f3n de la singular fascinaci\u00f3n que sobre Elder ejerc\u00eda un hombre mayor muy diestro en el manejo de la seducci\u00f3n y el abuso silencioso.<\/div>\n<p><em>La caja\u00a0<\/em>(2021), su segundo largometraje de ficci\u00f3n, filmado ahora en M\u00e9xico con un guion suyo, de Laura Santullo y Paula Markovitch, relata la historia de Hatzin (Hatzin Navarrete), adolescente de 13 a\u00f1os que viaja de la Ciudad de M\u00e9xico hasta una zona des\u00e9rtica de Chihuahua para reclamar los restos de Esteban Leyva, su padre desaparecido. Despu\u00e9s de recibir la caja que contiene las osamentas rescatadas de una fosa com\u00fan y una credencial con el nombre de su progenitor, el joven advierte en la calle a un individuo con un f\u00edsico casi id\u00e9ntico al de su familiar. Sin vacilar un instante, Hatzin decide seguir, incluso acosar, a ese hombre llamado Mario Enderle (Hern\u00e1n Mendoza), quien rotundamente niega tener cualquier parentesco con \u00e9l. Pese a ello, el chico persiste en su empe\u00f1o de hacerse aceptar por esa persona y lo hace a la manera de un hu\u00e9rfano desamparado.<\/p>\n<p><em>La caja<\/em>\u00a0cierra una trilog\u00eda sobre la figura del padre que incluye el cortometraje\u00a0<em>Los elefantes nunca olvidan<\/em>\u00a0(2004) y el largo\u00a0<em>Desde all\u00e1<\/em>\u00a0(2015), con un eco tem\u00e1tico en el documental\u00a0<em>El vendedor de orqu\u00eddeas<\/em>\u00a0(2016), donde el cineasta evoca la personalidad de su padre, el pintor Oswaldo Vigas. Esta vez la nueva cinta est\u00e1 ambientada en una regi\u00f3n rural y maneja de modo novedoso el tema de la identidad desde la observaci\u00f3n social. Y as\u00ed como resulta ardua la tarea de identificar a las miles de personas desaparecidas en esa regi\u00f3n norte\u00f1a, tambi\u00e9n es dif\u00edcil para Jazm\u00edn reconocer sus propios rasgos f\u00edsicos en los del hombre al que ha decidido considerar su padre.<\/p>\n<p>En su af\u00e1n por hacerse aceptar, el joven emula la conducta turbia de su nuevo tutor, improvis\u00e1ndose como capataz, aprovechando sus estudios de secundaria para destacar en un entorno analfabeta, incurriendo incluso en alguno de esos actos de violencia y abuso que propicia, organiza o avala Mario Enderle, hasta volverse c\u00f3mplice de varias fechor\u00edas suyas. Entre los dos personajes se va creando una disputa de poder, ciertamente desigual dada la diferencia de fuerza y edades, pero tan inquietante como la protagonizada por los dos personajes de la cinta\u00a0<em>Desde all\u00e1.<\/em><\/p>\n<\/div>\n<div class=\"col col2\">\n<p>Algo sobresaliente en el trabajo de Lorenzo Vigas es su notable intuici\u00f3n art\u00edstica para dirigir actores. Hern\u00e1n Mendoza, originalmente buen actor de teatro ofrece una estupenda interpretaci\u00f3n. A lado suyo brilla el talento de Hatzin Navarrete en su primer papel estelar, quien soporta el peso de casi toda la cinta dando lo mejor de s\u00ed en tanto en expresividad gestual como en contenci\u00f3n dram\u00e1tica. Hacia la mitad de la pel\u00edcula, cuando su proceso de degradaci\u00f3n moral parece bien avanzado, se ve a un Hatzin desencantado y hosco que de modo casi imperceptible parece haber alcanzado, sin transici\u00f3n adolescente, una edad adulta. Se ha mencionado la influencia que sobre la obra de Vigas tendr\u00eda el cine de Robert Bresson o el de Michael Haneke, incluso el de Fran\u00e7ois Truffaut de\u00a0<em>Los 400 golpes.<\/em>\u00a0Cabe sugerir, sin embargo, que en el terreno de las relaciones padre e hijo, con sus duros desencuentros y sus venturosas conciliaciones, es m\u00e1s evocadora la filiaci\u00f3n sutil y compleja de los personajes de Vigas con los que interpretaron Olivier Gourmet y el joven J\u00e9r\u00e9mie Renier en\u00a0<em>La promesa\u00a0<\/em>(1996), de Jean-Pierre y Luc Dardenne, emotiva cinta belga sobre la manera en que un padre involucra a su hijo adolescente en la explotaci\u00f3n y tr\u00e1fico de trabajadores indocumentados.<\/p>\n<p><em>La caja,<\/em>\u00a0coproducci\u00f3n de M\u00e9xico, Venezuela y Estados Unidos, es uno de los mejores estrenos de este mes y, hasta la fecha, el trabajo m\u00e1s estimulante de Lorenzo Vigas.<\/p>\n<p>La pel\u00edcula se exhibe en Cineteca Nacional, Cine Tonal\u00e1 y salas de Cinemex y Cin\u00e9polis.<\/p>\n<p class=\"email\">\n<\/div>\n<\/div>\n<div class=\"go gui\">\n<div class=\"go-up\"><\/div>\n<\/div>\n<\/div>\n","protected":false},"excerpt":{"rendered":"<p>La caja Carlos Bonfil En\u00a0Desde all\u00e1,\u00a0su primer largometraje, Lorenzo Vigas, realizador venezolano radicado en M\u00e9xico, narraba la relaci\u00f3n entre Armando (Alfredo Castro), un hombre manipulador de 50 a\u00f1os, y Elder (Luis Silva), joven delincuente de 20. Esa historia de un barrio popular de una Caracas sumida en la violencia, combinaba el\u00a0thriller\u00a0urbano con una exploraci\u00f3n de [&hellip;]<\/p>\n","protected":false},"author":249,"featured_media":30343,"comment_status":"open","ping_status":"closed","sticky":false,"template":"","format":"standard","meta":{"footnotes":""},"categories":[26],"tags":[],"class_list":["post-30342","post","type-post","status-publish","format-standard","has-post-thumbnail","hentry","category-mundo"],"_links":{"self":[{"href":"https:\/\/eloficiodehistoriar.com.mx\/index.php?rest_route=\/wp\/v2\/posts\/30342","targetHints":{"allow":["GET"]}}],"collection":[{"href":"https:\/\/eloficiodehistoriar.com.mx\/index.php?rest_route=\/wp\/v2\/posts"}],"about":[{"href":"https:\/\/eloficiodehistoriar.com.mx\/index.php?rest_route=\/wp\/v2\/types\/post"}],"author":[{"embeddable":true,"href":"https:\/\/eloficiodehistoriar.com.mx\/index.php?rest_route=\/wp\/v2\/users\/249"}],"replies":[{"embeddable":true,"href":"https:\/\/eloficiodehistoriar.com.mx\/index.php?rest_route=%2Fwp%2Fv2%2Fcomments&post=30342"}],"version-history":[{"count":1,"href":"https:\/\/eloficiodehistoriar.com.mx\/index.php?rest_route=\/wp\/v2\/posts\/30342\/revisions"}],"predecessor-version":[{"id":30344,"href":"https:\/\/eloficiodehistoriar.com.mx\/index.php?rest_route=\/wp\/v2\/posts\/30342\/revisions\/30344"}],"wp:featuredmedia":[{"embeddable":true,"href":"https:\/\/eloficiodehistoriar.com.mx\/index.php?rest_route=\/wp\/v2\/media\/30343"}],"wp:attachment":[{"href":"https:\/\/eloficiodehistoriar.com.mx\/index.php?rest_route=%2Fwp%2Fv2%2Fmedia&parent=30342"}],"wp:term":[{"taxonomy":"category","embeddable":true,"href":"https:\/\/eloficiodehistoriar.com.mx\/index.php?rest_route=%2Fwp%2Fv2%2Fcategories&post=30342"},{"taxonomy":"post_tag","embeddable":true,"href":"https:\/\/eloficiodehistoriar.com.mx\/index.php?rest_route=%2Fwp%2Fv2%2Ftags&post=30342"}],"curies":[{"name":"wp","href":"https:\/\/api.w.org\/{rel}","templated":true}]}}