{"id":30346,"date":"2022-11-29T12:04:59","date_gmt":"2022-11-29T18:04:59","guid":{"rendered":"https:\/\/eloficiodehistoriar.com.mx\/?p=30346"},"modified":"2022-11-29T12:04:59","modified_gmt":"2022-11-29T18:04:59","slug":"sergio-ramirez-presento-en-la-feria-editorial-de-guadalajara-su-libro-de-relatos-ese-dia-cayo-en-domingo","status":"publish","type":"post","link":"https:\/\/eloficiodehistoriar.com.mx\/?p=30346","title":{"rendered":"Sergio Ram\u00edrez, present\u00f3 en la feria editorial de Guadalajara su libro de relatos\u00a0\u00abEse d\u00eda cay\u00f3 en domingo\u00bb"},"content":{"rendered":"<div id=\"article-cont\" class=\"main-cont article-cont actuality\">\n<div class=\"cabeza\">Para Sergio Ram\u00edrez,\u00a0<q>en Am\u00e9rica Latina siempre hay algo que vale la pena contar<\/q><\/div>\n<div class=\"sumarios\">\n<p>El autor nicarag\u00fcense explica a\u00a0<em>La Jornada\u00a0<\/em>que\u00a0<q>vivir en la piel de lo extraordinario nos hace estar pendientes de las historias<\/q>\u00a0\/\/ Present\u00f3 en la feria editorial de Guadalajara su libro de relatos\u00a0<em>Ese d\u00eda cay\u00f3 en domingo<\/em><\/p>\n<\/div>\n<div id=\"article-text\" class=\"text\">\n<div class=\"foto\">\n<div class=\"pie-foto\">El narrador dice en entrevista que su nueva obra est\u00e1 escrita <q>en distintas tesituras, con distintas voces, pero con l\u00edneas de conexi\u00f3n entre los relatos<\/q>.<\/div>\n<div><\/div>\n<\/div>\n<div class=\"col col1\">\n<div class=\"credito-autor\">M\u00f3nica Mateos-Vega<\/div>\n<div class=\"credito-titulo\"><\/div>\n<div class=\"hemero\">La Jornada<\/p>\n<\/div>\n<p class=\"s-s\">Guadalajara, Jal.,<\/p>\n<p class=\"s-s\">En Am\u00e9rica Latina siempre ocurre lo inusitado,\u00a0<q>a cada paso nos llenamos de sorpresa, porque las cosas que ocurren no son normales, no son ordinarias, por eso, siempre hay algo que vale la pena contar<\/q>, considera el escritor nicarag\u00fcense Sergio Ram\u00edrez, una de las grandes y muy queridas personalidades que participan en la 36 Feria Internacional del Libro (FIL) de Guadalajara.<\/p>\n<p>Adem\u00e1s de dar la bienvenida a su colega, el rumano Mircea Cartarescu, en la ceremonia de entrega del Premio FIL de Lenguas Romances 2022, el Premio Cervantes 2017 llega a tierra tapat\u00eda con un nuevo libro bajo el brazo,\u00a0<em>Ese d\u00eda cay\u00f3 en domingo.<\/em><\/p>\n<p>Publicado por Alfaguara, el volumen se conforma por 10 relatos que giran en torno a cuatro temas fundamentales: la familia y el amor, la me-moria (individual y colectiva), la muerte y la vida cotidiana.<\/p>\n<p><q>Eso de vivir en la piel de lo extraordinario nos hace estar pendientes de las historias. Para m\u00ed, una de las fuentes m\u00e1s importantes de los cuentos que escribo son los peri\u00f3dicos, sobre todo lo que sale en la nota roja; \u00a1es sorprendente!, tengo much\u00edsimos recortes de ese g\u00e9nero que me sirven para dar pie a las historias<\/q>, explica en entrevista con\u00a0<em>La Jornada.<\/em><\/p>\n<p>A\u00f1ade que la humanidad entera, desde sus or\u00edgenes, \u201cparticipa de este juego doble entre el contador y el contado, entre el que se sienta a escuchar y el que cuenta la historia. No hay cosa que nos atraiga m\u00e1s que el comienzo de una historia. Ponemos atenci\u00f3n a ese cuento mientras est\u00e9 bien contado y no nos detendremos hasta llegar al final. Si el cuento est\u00e1 mal contado, nos levantamos y nos vamos.<\/p>\n<p>\u201cDesde la infancia estamos oyendo contar historias. En Nicaragua llamamos cuentos de caminos a los que incluyen animales, como el conejo que es siempre muy maldito y vivo al enga\u00f1ar al zorro, que se supone es m\u00e1s inteligente, son el t\u00edo Conejo y el t\u00edo Coyote.<\/p>\n<p>\u201cPor eso, la transmisi\u00f3n oral de la historia es muy importante, como los cuentos de aparecidos que se cuentan en las noches. Cuando no hab\u00eda luz el\u00e9ctrica se favorec\u00eda m\u00e1s el ambiente de esas historias de muertos, que es de donde viene Juan Rulfo.<\/p>\n<p><q>Esta tradici\u00f3n oral en Am\u00e9rica Latina es muy importante, porque lo que uno tiene en el o\u00eddo son esas primeras historias que uno escucha contar. La preocupaci\u00f3n del que cuenta historias es hacer que el oyente, o el que lee, en este caso, conserve la atenci\u00f3n<\/q>, detalla el escritor quien tambi\u00e9n inaugurar\u00e1 ma\u00f1ana el Encuentro Internacional de Cuentistas (a las 20 horas), con una charla titulada\u00a0<em>Sergio cuentero.<\/em><\/p>\n<p class=\"sumario\">El auge de la literatura de mujeres<\/p>\n<p class=\"s-s\">Los cuentos que integran\u00a0<em>Ese d\u00eda cay\u00f3 en domingo\u00a0<\/em>vienen de muy distintas fuentes y fechas, detalla el autor, \u201cel primero se llama \u2018Hola, Soledad\u2019, como el bolero; es el m\u00e1s antiguo de todos, y lo hab\u00eda venido conservando porque sab\u00eda que un d\u00eda iba a ser parte de un conjunto. Otros cuentos me saltaron en el camino por la situaci\u00f3n de Nicaragua de 2018; algunos son m\u00e1s dram\u00e1ticos, otros m\u00e1s humor\u00edsticos, porque siempre me ha parecido que el humor es necesario en los relatos o en las narraciones en general, porque, a trav\u00e9s de \u00e9l, se toma distancia del dramatismo de las situaciones.<\/p>\n<\/div>\n<div class=\"col col2\">\n<p><q>Este libro est\u00e1 escrito en distintas tesituras, con distintas voces, pero sent\u00e9 unas l\u00edneas de conexi\u00f3n entre ellos. No hay una aglomeraci\u00f3n de cuentos, hay equilibrio.<\/q><\/p>\n<p>Sobre todo, el escritor puntualiza que el siglo XXI ha visto un crecimiento de libros de cuento y novelas escritos por mujeres.<\/p>\n<p>\u201cEntre las estrellas de la narraci\u00f3n \u2013contin\u00faa\u2013 en Am\u00e9rica Latina hay much\u00edsimas autoras, porque ha habido un equiparamiento en las oportunidades que antes no ten\u00edan. Si ahora hay muchas mujeres en la vida universitaria o en puestos de direcci\u00f3n importantes, ser\u00eda absurdo que no las hubiera en el terreno de la creaci\u00f3n literaria y art\u00edstica.<\/p>\n<p><q>Con ello se est\u00e1 reforzando esa tradici\u00f3n que viene de muy atr\u00e1s, porque siempre ha habido mujeres escribiendo en M\u00e9xico y otras partes del mundo, pero el n\u00famero se ha multiplicado, y tambi\u00e9n la calidad.<\/q><\/p>\n<p>Sergio Ram\u00edrez reitera que los temas de la narraci\u00f3n en Am\u00e9rica Latina siempre han estado ligados a lo extraordinario, \u201cy tambi\u00e9n al poder abusivo, a las dictaduras, la opresi\u00f3n, la dominaci\u00f3n patriarcal; hoy d\u00eda los temas est\u00e1n en la migraci\u00f3n masiva hacia la frontera norte, de todo Centroam\u00e9rica, no s\u00f3lo de M\u00e9xico; la corrupci\u00f3n, el narcotr\u00e1fico, el crimen organizado.<\/p>\n<p>\u201cSon asuntos que preocupan a quienes escriben narraciones y entran en el mundo de la literatura. Por otras parte, no dir\u00eda que los cambios pol\u00edticos sean, como tales, materia literaria, pero todo va a dar a la literatura siempre, sobre todo, las esperanzas de la gente, las esperanzas por un cambio.<\/p>\n<p><q>Porque de todas maneras, la literatura tiene una posici\u00f3n cr\u00edtica; uno ve los sucesos a trav\u00e9s de ojos cr\u00edticos y eso es lo que hace que la literatura trascienda. El escritor no se conforma con c\u00f3mo se dan las situaciones en el mundo, sino que quisiera cambiarlo.<\/q><\/p>\n<p>Con entusiasmo, Ram\u00edrez adelanta que el pr\u00f3ximo festival literario que \u00e9l fund\u00f3, Centroam\u00e9rica Cuenta, se realizar\u00e1 en 2023 en Rep\u00fablica Dominicana, \u201dtotalmente presencial, con m\u00e1s de 120 invitados, con unas jornadas muy intensas\u201d.<\/p>\n<p>Desde hace poco m\u00e1s de un a\u00f1o, el escritor y ex vicepresidente de Nicaragua (retirado de la pol\u00edtica desde 1996) decidi\u00f3 exiliarse en Espa\u00f1a, despu\u00e9s de que el gobierno de Daniel Ortega intentara arrestarlo y prohibiera uno de sus libros.<\/p>\n<p>Entre las clases que imparte en la Universidad de Princeton y la preparaci\u00f3n de otra novela, la nostalgia por el terru\u00f1o aflora:\u00a0<q>Siempre hace falta el pa\u00eds; estar lejos es como que le cortan a uno el ombligo de su pa\u00eds y siempre est\u00e1 el deseo de volver. No s\u00e9 si ser\u00e1 posible, pero esa llama est\u00e1 encendida<\/q>, concluy\u00f3.<\/p>\n<\/div>\n<\/div>\n<div class=\"go gui\">\n<div class=\"go-up\"><\/div>\n<\/div>\n<\/div>\n<div id=\"taboola-below-content-thumbnails\" class=\" trc_related_container trc_spotlight_widget tbl-feed-container tbl-feed-frame-DIVIDER  render-late-effect\" data-feed-container-num=\"1\" data-feed-main-container-id=\"taboola-below-content-thumbnails\" data-parent-placement-name=\"Below Content Thumbnails\" data-pub-lang=\"es\">\n<div class=\" tbl-feed-header tbl-logo-right-position\">\n<div class=\"tbl-feed-header-logo\"><\/div>\n<\/div>\n<\/div>\n","protected":false},"excerpt":{"rendered":"<p>Para Sergio Ram\u00edrez,\u00a0en Am\u00e9rica Latina siempre hay algo que vale la pena contar El autor nicarag\u00fcense explica a\u00a0La Jornada\u00a0que\u00a0vivir en la piel de lo extraordinario nos hace estar pendientes de las historias\u00a0\/\/ Present\u00f3 en la feria editorial de Guadalajara su libro de relatos\u00a0Ese d\u00eda cay\u00f3 en domingo El narrador dice en entrevista que su nueva [&hellip;]<\/p>\n","protected":false},"author":249,"featured_media":30347,"comment_status":"open","ping_status":"closed","sticky":false,"template":"","format":"standard","meta":{"footnotes":""},"categories":[26],"tags":[],"class_list":["post-30346","post","type-post","status-publish","format-standard","has-post-thumbnail","hentry","category-mundo"],"_links":{"self":[{"href":"https:\/\/eloficiodehistoriar.com.mx\/index.php?rest_route=\/wp\/v2\/posts\/30346","targetHints":{"allow":["GET"]}}],"collection":[{"href":"https:\/\/eloficiodehistoriar.com.mx\/index.php?rest_route=\/wp\/v2\/posts"}],"about":[{"href":"https:\/\/eloficiodehistoriar.com.mx\/index.php?rest_route=\/wp\/v2\/types\/post"}],"author":[{"embeddable":true,"href":"https:\/\/eloficiodehistoriar.com.mx\/index.php?rest_route=\/wp\/v2\/users\/249"}],"replies":[{"embeddable":true,"href":"https:\/\/eloficiodehistoriar.com.mx\/index.php?rest_route=%2Fwp%2Fv2%2Fcomments&post=30346"}],"version-history":[{"count":1,"href":"https:\/\/eloficiodehistoriar.com.mx\/index.php?rest_route=\/wp\/v2\/posts\/30346\/revisions"}],"predecessor-version":[{"id":30348,"href":"https:\/\/eloficiodehistoriar.com.mx\/index.php?rest_route=\/wp\/v2\/posts\/30346\/revisions\/30348"}],"wp:featuredmedia":[{"embeddable":true,"href":"https:\/\/eloficiodehistoriar.com.mx\/index.php?rest_route=\/wp\/v2\/media\/30347"}],"wp:attachment":[{"href":"https:\/\/eloficiodehistoriar.com.mx\/index.php?rest_route=%2Fwp%2Fv2%2Fmedia&parent=30346"}],"wp:term":[{"taxonomy":"category","embeddable":true,"href":"https:\/\/eloficiodehistoriar.com.mx\/index.php?rest_route=%2Fwp%2Fv2%2Fcategories&post=30346"},{"taxonomy":"post_tag","embeddable":true,"href":"https:\/\/eloficiodehistoriar.com.mx\/index.php?rest_route=%2Fwp%2Fv2%2Ftags&post=30346"}],"curies":[{"name":"wp","href":"https:\/\/api.w.org\/{rel}","templated":true}]}}