{"id":30352,"date":"2022-11-29T12:27:55","date_gmt":"2022-11-29T18:27:55","guid":{"rendered":"https:\/\/eloficiodehistoriar.com.mx\/?p=30352"},"modified":"2022-11-29T12:27:55","modified_gmt":"2022-11-29T18:27:55","slug":"la-4t-y-morena-no-pueden-aflojar-el-paso-ni-en-lo-mas-minimo-en-estos-ultimos-dos-anos-de-gobierno","status":"publish","type":"post","link":"https:\/\/eloficiodehistoriar.com.mx\/?p=30352","title":{"rendered":"La 4T y Morena no pueden aflojar el paso ni en lo m\u00e1s m\u00ednimo en estos \u00faltimos dos a\u00f1os de gobierno,"},"content":{"rendered":"<div id=\"article-cont\" class=\"main-cont article-cont analysis\">\n<div class=\"cabeza\">Guerra cultural<\/div>\n<div class=\"sumarios\"><\/div>\n<div class=\"credito-articulo\">Jos\u00e9 Blanco<\/div>\n<div><\/div>\n<div id=\"article-text\" class=\"text\">\n<div class=\"col col1\">\n<div class=\"inicial\">Las posturas recientes de\u00a0las derechas mexicanas, acompa\u00f1adas en presente continuo por las ultraderechas internacionales, todas plantadas sin complejos en la coyuntura mexicana \u2013faltaba m\u00e1s\u2013, echadas para adelante como nunca lo hab\u00edan necesitado, han declarado, a nueva escala, una guerra sin cuartel al gobierno de la 4T.<\/div>\n<div><\/div>\n<div class=\"inicial\">Lo hab\u00edan venido haciendo desde el primer d\u00eda en que empez\u00f3 el que ven como un gobierno abominable y absurdo; por ello ser\u00e1 necesaria una respuesta de las fuerzas gobernantes a la altura de este desaf\u00edo actual y su complejo futuro cercano.<\/div>\n<div><\/div>\n<div class=\"inicial\">Sin soluci\u00f3n de continuidad, las derechas golpear\u00e1n con sus enormes fuerzas medi\u00e1ticas y todo su poder econ\u00f3mico para\u00a0<q>salvar<\/q>\u00a0el que, est\u00e1n seguros, es un espacio de su propiedad: el pa\u00eds.<\/div>\n<div><\/div>\n<div class=\"inicial\">Nadie deber\u00eda dudarlo. Gritando al ladr\u00f3n, al ladr\u00f3n, proseguir\u00e1n diciendo que el gobierno de AMLO\u00a0<q>polariza<\/q>\u00a0y\u00a0<q>est\u00e1 destruyendo el pa\u00eds<\/q>, mientras intentan dotar de organizaci\u00f3n al sector del privilegio. Ciertamente las derechas no la tienen f\u00e1cil. No lo hab\u00edan necesitado porque reinaban en solitario. Pero lo intentar\u00e1n ahora con fuerza creciente.<\/div>\n<p>El gobierno de la 4T y Morena no pueden aflojar el paso ni en lo m\u00e1s m\u00ednimo en estos \u00faltimos dos a\u00f1os de gobierno, que incluye la campa\u00f1a pol\u00edtica para la renovaci\u00f3n del Poder Ejecutivo en 2024. Tampoco puede perder un solo minuto el pueblo de M\u00e9xico. Las alertas est\u00e1n sonando y no dejar\u00e1n de sonar. M\u00e1s all\u00e1 del tono festivo de la formidable, impresionante marcha popular del domingo pasado, esa manifestaci\u00f3n fue el banderazo de salida. La continuidad en el esfuerzo de poner las bases para un Estado de derecho y de bienestar social requerir\u00e1 de una mayor\u00eda calificada en el Congreso para hacer posibles las reformas necesarias. Es indispensable ganar esa mayor\u00eda.<\/p>\n<p>Es imprescindible una reforma total del Poder Judicial, asunto que ha estado a la vista de quien quiera verlo por demasiado tiempo, incluyendo la reforma integral del INE y del tribunal electoral. El mundo conoci\u00f3 el proceso italiano de\u00a0<em>Mani pulite<\/em>\u00a0(manos limpias), a partir de febrero de 1992, cuando un grupo de magistrados puso en el banquillo a 3 mil 175 imputados y sac\u00f3 a la luz un sistema de financiamiento ilegal de los partidos. El proceso certific\u00f3 el fin de la llamada Primera Rep\u00fablica, y la muerte de los partidos tradicionales (Democracia Cristiana, Partido Socialista Italiano, Partido Comunista Italiano y otros). Hace unos meses, una encuesta de Demos-Libera para el semanario\u00a0<em>L\u2019Espresso<\/em>\u00a0\u2013que le dedic\u00f3 un n\u00famero especial al aniversario de\u00a0<em>Manu pulite<\/em>\u2013, indic\u00f3 que 60 por ciento de los italianos cree que nada ha cambiado desde 1992, y que la corrupci\u00f3n parece seguir siendo un fen\u00f3meno end\u00e9mico y latente. No hay pa\u00eds que se salve, los sistemas judiciales nacen tocados por la corrupci\u00f3n y as\u00ed viven. S\u00f3lo hay que ver el horror del sistema judicial de los gringos. Es preciso un cambio en el enfoque y m\u00e9todos de la autonom\u00eda de ese poder: los enquistados de por vida, no tienen contrapeso alguno.<\/p>\n<\/div>\n<div class=\"col col2\">\n<p>Morena y AMLO conquistaron el poder pol\u00edtico en 2018 mediante una coalici\u00f3n dis\u00edmbola hasta decir basta. La negra experiencia electoral de AMLO le aconsej\u00f3 sumar hasta lo que ahora no hace sino restar: el monrealismo, los evang\u00e9licos, los verdes, y una larga lista de r\u00e9moras engendradas por el neoliberalismo corrupto. Es hora de empezar a depurar con miras al futuro. Morena y AMLO sabr\u00e1n sopesar si los electores del presente y del futuro cercano son ya suficientes para hacer innecesarias esas p\u00e9simas compa\u00f1\u00edas. Una vida sana de la Rep\u00fablica exige esa limpieza.<\/p>\n<p>La guerra en curso que las derechas intentan escalar no es en nuestros d\u00edas una disputa por el poder, sino una lucha m\u00e1s profunda e importante: la guerra cultural. El polo del privilegio hist\u00f3rico mentir\u00e1 sin cuartel, como lo ha venido haciendo en todos los medios de comunicaci\u00f3n. Y continuar\u00e1 procurando persuadir con sus argumentos neoliberales: somos due\u00f1os de la verdad y los \u00fanicos que sabemos gobernar. Morena no tiene tiempo para velar armas. La guerra cultural, la informaci\u00f3n verdadera, la formaci\u00f3n pol\u00edtica del pueblo tiene que ser una tarea intensa y continua, no s\u00f3lo para los tiempos de la campa\u00f1a. Una vez ganada la contienda de 2024, la guerra contra el gobierno ser\u00e1 peor que la enderezada contra AMLO. El nuevo gobierno no puede bajar la guardia ni desistir en la tarea de transformar la vida de la Rep\u00fablica, abatiendo las desigualdades, aumentando los derechos de todos, creando una econom\u00eda s\u00f3lida que garantice el bienestar del pueblo mexicano, pero no podr\u00e1 ocuparse en la medida necesaria de las tareas de la guerra cultural, como ahora lo hace AMLO. Le corresponde a Morena esa tarea indispensable y tiene que prepararse para la lucha continua. Explicar y explicar sin descanso.<\/p>\n<p><em>Nota bene<\/em>. Informaci\u00f3n para mis lectores. Durante el mes de diciembre, estimado lector, no estar\u00e9 presente en estas p\u00e1ginas, despu\u00e9s de tantos a\u00f1os de escribir semanalmente mi contribuci\u00f3n. Me encontrar\u00e1s aqu\u00ed el martes 3 de enero de 2023.<\/p>\n<p class=\"email\">\n<\/div>\n<\/div>\n<div class=\"go gui\">\n<div class=\"go-up\"><\/div>\n<\/div>\n<\/div>\n","protected":false},"excerpt":{"rendered":"<p>Guerra cultural Jos\u00e9 Blanco Las posturas recientes de\u00a0las derechas mexicanas, acompa\u00f1adas en presente continuo por las ultraderechas internacionales, todas plantadas sin complejos en la coyuntura mexicana \u2013faltaba m\u00e1s\u2013, echadas para adelante como nunca lo hab\u00edan necesitado, han declarado, a nueva escala, una guerra sin cuartel al gobierno de la 4T. Lo hab\u00edan venido haciendo desde [&hellip;]<\/p>\n","protected":false},"author":249,"featured_media":30353,"comment_status":"open","ping_status":"closed","sticky":false,"template":"","format":"standard","meta":{"footnotes":""},"categories":[26],"tags":[],"class_list":["post-30352","post","type-post","status-publish","format-standard","has-post-thumbnail","hentry","category-mundo"],"_links":{"self":[{"href":"https:\/\/eloficiodehistoriar.com.mx\/index.php?rest_route=\/wp\/v2\/posts\/30352","targetHints":{"allow":["GET"]}}],"collection":[{"href":"https:\/\/eloficiodehistoriar.com.mx\/index.php?rest_route=\/wp\/v2\/posts"}],"about":[{"href":"https:\/\/eloficiodehistoriar.com.mx\/index.php?rest_route=\/wp\/v2\/types\/post"}],"author":[{"embeddable":true,"href":"https:\/\/eloficiodehistoriar.com.mx\/index.php?rest_route=\/wp\/v2\/users\/249"}],"replies":[{"embeddable":true,"href":"https:\/\/eloficiodehistoriar.com.mx\/index.php?rest_route=%2Fwp%2Fv2%2Fcomments&post=30352"}],"version-history":[{"count":1,"href":"https:\/\/eloficiodehistoriar.com.mx\/index.php?rest_route=\/wp\/v2\/posts\/30352\/revisions"}],"predecessor-version":[{"id":30354,"href":"https:\/\/eloficiodehistoriar.com.mx\/index.php?rest_route=\/wp\/v2\/posts\/30352\/revisions\/30354"}],"wp:featuredmedia":[{"embeddable":true,"href":"https:\/\/eloficiodehistoriar.com.mx\/index.php?rest_route=\/wp\/v2\/media\/30353"}],"wp:attachment":[{"href":"https:\/\/eloficiodehistoriar.com.mx\/index.php?rest_route=%2Fwp%2Fv2%2Fmedia&parent=30352"}],"wp:term":[{"taxonomy":"category","embeddable":true,"href":"https:\/\/eloficiodehistoriar.com.mx\/index.php?rest_route=%2Fwp%2Fv2%2Fcategories&post=30352"},{"taxonomy":"post_tag","embeddable":true,"href":"https:\/\/eloficiodehistoriar.com.mx\/index.php?rest_route=%2Fwp%2Fv2%2Ftags&post=30352"}],"curies":[{"name":"wp","href":"https:\/\/api.w.org\/{rel}","templated":true}]}}