{"id":30359,"date":"2022-11-30T10:42:37","date_gmt":"2022-11-30T16:42:37","guid":{"rendered":"https:\/\/eloficiodehistoriar.com.mx\/?p=30359"},"modified":"2022-11-30T10:42:37","modified_gmt":"2022-11-30T16:42:37","slug":"federico-silva-deja-su-legado-en-lucha-y-fraternidad-el-triunfo-de-la-rebeldia","status":"publish","type":"post","link":"https:\/\/eloficiodehistoriar.com.mx\/?p=30359","title":{"rendered":"Federico Silva deja su legado en  \u00abLucha y Fraternidad, el triunfo de la Rebeld\u00eda\u00bb"},"content":{"rendered":"<h2 id=\"article-title-tts\" class=\"title title-default\">Fallece el artista pl\u00e1stico Federico Silva<\/h2>\n<div class=\"article-info\"><a class=\"author\" href=\"https:\/\/www.jornada.com.mx\/author\/fabiola-palapa-quijas.html\">Fabiola Palapa Quijas<\/a><\/div>\n<div class=\"article-info\"><\/div>\n<div id=\"article-content-images\" class=\"content-items-media\"><\/div>\n<div class=\"article-row\">\n<div class=\"social-links right\">\n<div id=\"content-sintesis-audio\" class=\"sintesis-audio\">\n<div class=\"speak-cont btn-group\">\n<form>El escultor y pintor Federico Silva falleci\u00f3 este mi\u00e9rcoles a los 99 a\u00f1os de edad, inform\u00f3 el Instituto Nacional de Bellas Artes y Literatura.<\/form>\n<\/div>\n<\/div>\n<\/div>\n<div class=\"article-main\">\n<div class=\"\">\n<div id=\"article-content-tts\" class=\"article-content ljn-nota-contenido\">\n<div id=\"content_nitf\">\n<p>\u201cSentimos el sensible deceso de Federico Silva, artista pleno galardonado en 1995 con el Premio Nacional de Artes y en 2016 con la Medalla Bellas Artes quien deja, en ocho d\u00e9cadas de incansable trayectoria, un legado invaluable al arte contempor\u00e1neo de M\u00e9xico\u201d, expres\u00f3 el Inbal en su cuenta de Twitter.<\/p>\n<p>Tambi\u00e9n anunci\u00f3 que se har\u00e1 un homenaje p\u00f3stumo en acuerdo con la familia en el Palacio de Bellas Artes.<\/p>\n<p>Su herencia art\u00edstica para el pueblo de M\u00e9xico, est\u00e1 reflejada en la exposici\u00f3n Lucha y Fraternidad, el triunfo de la Rebeld\u00eda, que se inaugura hoy en el m\u00e1ximo recinto cultural del pa\u00eds, la cual permanecer\u00e1 abierta al p\u00fablico hasta marzo del 2023 y posteriormente viajar\u00e1 al Museo de Arte de Tlaxcala.<\/p>\n<p>Alejandra Frausto, titular de la Secretar\u00eda de Cultura federal, expres\u00f3 en su red social de Twitter:\u201cTu vida es tan intensa como tu muerte, maestro Federico Silva. Hoy entrar\u00edas caminando por la puerta de Bellas Artes para abrir tu exposici\u00f3n.<\/p>\n<p>\u201cTe recibiremos en homenaje p\u00f3stumo, a la misma hora, para honrar tu vida rodeado de tu obra.\u201d<\/p>\n<p>Federico Silva naci\u00f3 el 16 de septiembre de 1923 en la Ciudad de M\u00e9xico y fue un artista autodidacta que se desempe\u00f1\u00f3 en las t\u00e9cnicas de enc\u00e1ustica, frescos y temple, de acuerdo con la biograf\u00eda del museo que lleva su nombre.<\/p>\n<\/div>\n<\/div>\n<\/div>\n<\/div>\n<\/div>\n","protected":false},"excerpt":{"rendered":"<p>Fallece el artista pl\u00e1stico Federico Silva Fabiola Palapa Quijas El escultor y pintor Federico Silva falleci\u00f3 este mi\u00e9rcoles a los 99 a\u00f1os de edad, inform\u00f3 el Instituto Nacional de Bellas Artes y Literatura. \u201cSentimos el sensible deceso de Federico Silva, artista pleno galardonado en 1995 con el Premio Nacional de Artes y en 2016 con [&hellip;]<\/p>\n","protected":false},"author":249,"featured_media":30360,"comment_status":"open","ping_status":"closed","sticky":false,"template":"","format":"standard","meta":{"footnotes":""},"categories":[26],"tags":[],"class_list":["post-30359","post","type-post","status-publish","format-standard","has-post-thumbnail","hentry","category-mundo"],"_links":{"self":[{"href":"https:\/\/eloficiodehistoriar.com.mx\/index.php?rest_route=\/wp\/v2\/posts\/30359","targetHints":{"allow":["GET"]}}],"collection":[{"href":"https:\/\/eloficiodehistoriar.com.mx\/index.php?rest_route=\/wp\/v2\/posts"}],"about":[{"href":"https:\/\/eloficiodehistoriar.com.mx\/index.php?rest_route=\/wp\/v2\/types\/post"}],"author":[{"embeddable":true,"href":"https:\/\/eloficiodehistoriar.com.mx\/index.php?rest_route=\/wp\/v2\/users\/249"}],"replies":[{"embeddable":true,"href":"https:\/\/eloficiodehistoriar.com.mx\/index.php?rest_route=%2Fwp%2Fv2%2Fcomments&post=30359"}],"version-history":[{"count":1,"href":"https:\/\/eloficiodehistoriar.com.mx\/index.php?rest_route=\/wp\/v2\/posts\/30359\/revisions"}],"predecessor-version":[{"id":30361,"href":"https:\/\/eloficiodehistoriar.com.mx\/index.php?rest_route=\/wp\/v2\/posts\/30359\/revisions\/30361"}],"wp:featuredmedia":[{"embeddable":true,"href":"https:\/\/eloficiodehistoriar.com.mx\/index.php?rest_route=\/wp\/v2\/media\/30360"}],"wp:attachment":[{"href":"https:\/\/eloficiodehistoriar.com.mx\/index.php?rest_route=%2Fwp%2Fv2%2Fmedia&parent=30359"}],"wp:term":[{"taxonomy":"category","embeddable":true,"href":"https:\/\/eloficiodehistoriar.com.mx\/index.php?rest_route=%2Fwp%2Fv2%2Fcategories&post=30359"},{"taxonomy":"post_tag","embeddable":true,"href":"https:\/\/eloficiodehistoriar.com.mx\/index.php?rest_route=%2Fwp%2Fv2%2Ftags&post=30359"}],"curies":[{"name":"wp","href":"https:\/\/api.w.org\/{rel}","templated":true}]}}