{"id":30362,"date":"2022-11-30T10:51:32","date_gmt":"2022-11-30T16:51:32","guid":{"rendered":"https:\/\/eloficiodehistoriar.com.mx\/?p=30362"},"modified":"2022-11-30T10:51:32","modified_gmt":"2022-11-30T16:51:32","slug":"la-compania-de-danza-anajnu-veatem-celebrara-su-50-aniversario-con-el-espectaculo-sheejeyanu","status":"publish","type":"post","link":"https:\/\/eloficiodehistoriar.com.mx\/?p=30362","title":{"rendered":"La compa\u00f1\u00eda de danza Anajnu Veatem celebrar\u00e1 su 50 aniversario con el espect\u00e1culo\u00a0\u00abSheejeyanu\u00bb"},"content":{"rendered":"<div id=\"article-cont\" class=\"main-cont article-cont actuality\">\n<div class=\"cabeza\">Anajnu Veatem vincula la tradici\u00f3n judia y el orden contempor\u00e1neo<\/div>\n<div class=\"sumarios\"><\/div>\n<div id=\"article-text\" class=\"text\">\n<div class=\"foto\">\n<div class=\"pie-foto\">La compa\u00f1\u00eda danc\u00edstica se presentar\u00e1 el 4 de diciembre en el Teatro de la Ciudad Esperanza Iris.<\/div>\n<div><\/div>\n<\/div>\n<div class=\"col col1\">\n<div class=\"credito-autor\">De la Redacci\u00f3n<\/div>\n<div class=\"credito-titulo\"><\/div>\n<div class=\"hemero\">La Jornada<\/p>\n<\/div>\n<p class=\"s-s\">La compa\u00f1\u00eda de danza Anajnu Veatem celebrar\u00e1 su 50 aniversario con el espect\u00e1culo\u00a0<em>Sheejeyanu<\/em>, el cual se presentar\u00e1 en el Teatro de la Ciudad Esperanza Iris.<\/p>\n<p>Anajnu Veatem \u2013en hebreo:\u00a0<q>nosotros y ustedes<\/q>\u2013 es una agrupaci\u00f3n de danza tradicional jud\u00eda, formada por artistas mexicanos que entienden la\u00a0<q>tradici\u00f3n<\/q>\u00a0como algo que est\u00e1 en creaci\u00f3n constante y\u00a0<q>danza<\/q>\u00a0como una v\u00eda de expresi\u00f3n de todas las disciplinas art\u00edsticas. En ese sentido, el conjunto art\u00edstico vincula dos mundos aparentemente opuestos: la estricta tradici\u00f3n jud\u00eda y el variable orden contempor\u00e1neo.<\/p>\n<p><q>Al integrar todas las disciplinas del arte, al abarcar de lo folcl\u00f3rico a lo contempor\u00e1neo, nos instituimos como un foro que ofrece una profunda revisi\u00f3n y renovaci\u00f3n de la cultura judeomexicana, participando de la din\u00e1mica art\u00edstica y cultural de M\u00e9xico<\/q>, dice la compa\u00f1\u00eda.<\/p>\n<p>La trayectoria de medio siglo de actividad de Anajnu Veatem incluye giras por casi todos los estados de la Rep\u00fablica Mexicana y ciudades del extranjero, as\u00ed como infinidad de presentaciones en la Ciudad de M\u00e9xico, participaci\u00f3n en festivales (como el Internacional Cervantino y el de Ballet de La Habana, Cuba, entre otros), conciertos en instituciones culturales, universidades, plazas p\u00fablicas, centros sociales y ferias regionales.<\/p>\n<p>Para celebrar su medio siglo de historia, la agrupaci\u00f3n presentar\u00e1\u00a0<em>Sheejeyanu<\/em>. En la tradici\u00f3n jud\u00eda el rezo de Sheejeyanu simboliza el gozo y el regocijo de estar hoy aqu\u00ed, en la plenitud de nuestra existencia, se le agradece a Dios por el momento presente que se respira.<\/p>\n<\/div>\n<div class=\"col col2\">\n<p class=\"sumario\">Cinco d\u00e9cadas de trabajo<\/p>\n<p class=\"s-s\"><q>Qu\u00e9 m\u00e1s podr\u00eda manifestar y agradecer un grupo de danza que durante 50 a\u00f1os ha gozado y bailado la vida misma<\/q>, plantean los integrantes del proyecto. Es por ello que\u00a0<em>Sheejeyanu<\/em>\u00a0representa una s\u00edntesis de su trabajo de cinco d\u00e9cadas, una muestra de las diversas t\u00e9cnicas y concepciones\u00a0<q>que nos han formado. El j\u00fabilo, las tradiciones y nuestra historia como pueblo jud\u00edo se ven reflejados en nuestra caracter\u00edstica energ\u00eda y color en escena que durante 50 a\u00f1os de pisar escenarios, nos forman como comprometidos mexicanos y orgullosos jud\u00edos<\/q>.<\/p>\n<p>Cabe destacar que, en esta ocasi\u00f3n tan especial, la direcci\u00f3n es compartida y participar\u00e1n los bailarines de la compa\u00f1\u00eda actual e int\u00e9rpretes que pasado en diferentes momentos. Adem\u00e1s, tomar\u00e1n parte ejecutantes aficionados con el objetivo principal de transmitir la cultura jud\u00eda por medio de la danza a las nuevas generaciones de artistas judiomexicanos.<\/p>\n<p><em>Sheejeyanu<\/em>\u00a0\u2013Anajnu Veatem\u2013 50 aniversario se llevar\u00e1 a cabo el 4 de diciembre a las 18 horas en el Teatro de la Ciudad Esperanza Iris (Donceles 36, Centro Hist\u00f3rico, Metro Allende), con el apoyo de la Direcci\u00f3n del Sistema de Teatros de la Secretar\u00eda de Cultura de la Ciudad de M\u00e9xico.<\/p>\n<p>Los boletos se pueden adquirir en la taquilla del teatro y en las plataformas digitales de Ticketmaster.<\/p>\n<\/div>\n<\/div>\n<div class=\"go gui\">\n<div class=\"go-up\"><\/div>\n<\/div>\n<\/div>\n<div id=\"taboola-below-content-thumbnails\" class=\" trc_related_container trc_spotlight_widget tbl-feed-container tbl-feed-frame-DIVIDER  render-late-effect\" data-feed-container-num=\"1\" data-feed-main-container-id=\"taboola-below-content-thumbnails\" data-parent-placement-name=\"Below Content Thumbnails\" data-pub-lang=\"es\">\n<div class=\" tbl-feed-header tbl-logo-right-position\">\n<div class=\"tbl-feed-header-logo\"><\/div>\n<\/div>\n<\/div>\n","protected":false},"excerpt":{"rendered":"<p>Anajnu Veatem vincula la tradici\u00f3n judia y el orden contempor\u00e1neo La compa\u00f1\u00eda danc\u00edstica se presentar\u00e1 el 4 de diciembre en el Teatro de la Ciudad Esperanza Iris. De la Redacci\u00f3n La Jornada La compa\u00f1\u00eda de danza Anajnu Veatem celebrar\u00e1 su 50 aniversario con el espect\u00e1culo\u00a0Sheejeyanu, el cual se presentar\u00e1 en el Teatro de la Ciudad [&hellip;]<\/p>\n","protected":false},"author":249,"featured_media":30363,"comment_status":"open","ping_status":"closed","sticky":false,"template":"","format":"standard","meta":{"footnotes":""},"categories":[26],"tags":[],"class_list":["post-30362","post","type-post","status-publish","format-standard","has-post-thumbnail","hentry","category-mundo"],"_links":{"self":[{"href":"https:\/\/eloficiodehistoriar.com.mx\/index.php?rest_route=\/wp\/v2\/posts\/30362","targetHints":{"allow":["GET"]}}],"collection":[{"href":"https:\/\/eloficiodehistoriar.com.mx\/index.php?rest_route=\/wp\/v2\/posts"}],"about":[{"href":"https:\/\/eloficiodehistoriar.com.mx\/index.php?rest_route=\/wp\/v2\/types\/post"}],"author":[{"embeddable":true,"href":"https:\/\/eloficiodehistoriar.com.mx\/index.php?rest_route=\/wp\/v2\/users\/249"}],"replies":[{"embeddable":true,"href":"https:\/\/eloficiodehistoriar.com.mx\/index.php?rest_route=%2Fwp%2Fv2%2Fcomments&post=30362"}],"version-history":[{"count":1,"href":"https:\/\/eloficiodehistoriar.com.mx\/index.php?rest_route=\/wp\/v2\/posts\/30362\/revisions"}],"predecessor-version":[{"id":30364,"href":"https:\/\/eloficiodehistoriar.com.mx\/index.php?rest_route=\/wp\/v2\/posts\/30362\/revisions\/30364"}],"wp:featuredmedia":[{"embeddable":true,"href":"https:\/\/eloficiodehistoriar.com.mx\/index.php?rest_route=\/wp\/v2\/media\/30363"}],"wp:attachment":[{"href":"https:\/\/eloficiodehistoriar.com.mx\/index.php?rest_route=%2Fwp%2Fv2%2Fmedia&parent=30362"}],"wp:term":[{"taxonomy":"category","embeddable":true,"href":"https:\/\/eloficiodehistoriar.com.mx\/index.php?rest_route=%2Fwp%2Fv2%2Fcategories&post=30362"},{"taxonomy":"post_tag","embeddable":true,"href":"https:\/\/eloficiodehistoriar.com.mx\/index.php?rest_route=%2Fwp%2Fv2%2Ftags&post=30362"}],"curies":[{"name":"wp","href":"https:\/\/api.w.org\/{rel}","templated":true}]}}