{"id":30365,"date":"2022-11-30T10:59:17","date_gmt":"2022-11-30T16:59:17","guid":{"rendered":"https:\/\/eloficiodehistoriar.com.mx\/?p=30365"},"modified":"2022-11-30T10:59:17","modified_gmt":"2022-11-30T16:59:17","slug":"una-historia-autobiografica-y-entranable-de-demian-bichir-que-dirigio-y-actuo-un-cuento-de-circo","status":"publish","type":"post","link":"https:\/\/eloficiodehistoriar.com.mx\/?p=30365","title":{"rendered":"Una historia\u00a0autobiogr\u00e1fica y entra\u00f1able\u00a0de Demi\u00e1n Bichir, que dirigi\u00f3 y actu\u00f3 \u00abUn cuento de circo\u00bb"},"content":{"rendered":"<div class=\"cabeza\"><em>Un cuento de circo&#8230;,<\/em>\u00a0aventura maravillosa y po\u00e9tica, tributo a Stefanie Sherk: Bichir<\/div>\n<div class=\"sumarios\">\n<p>Es una historia autobiogr\u00e1fica y entra\u00f1able, dice el actor, que la escribi\u00f3 y dirige<\/p>\n<\/div>\n<div id=\"article-text\" class=\"text tbl-forkorts-article\">\n<div class=\"foto\">\n<div class=\"pie-foto\">Ana M\u00f3nica Rodr\u00edguez<\/div>\n<\/div>\n<div class=\"col\">\n<div class=\"credito-titulo\"><\/div>\n<div class=\"hemero\">La Jornada<\/p>\n<\/div>\n<p class=\"s-s\">Una historia\u00a0<q>personal, autobiogr\u00e1fica y entra\u00f1able<\/q>\u00a0es la que Demi\u00e1n Bichir, escribi\u00f3, dirigi\u00f3 y actu\u00f3 en la cinta\u00a0<em>Un cuento de circo &amp; a love song,<\/em>\u00a0<q>un homenaje<\/q>\u00a0a Stefanie Sherk, quien adem\u00e1s de haber sido su esposa, fue su actriz,\u00a0<q>en esta aventura maravillosa y po\u00e9tica<\/q>.<\/p>\n<p>Bichir, en entrevista con\u00a0<em>La Jornada,<\/em>\u00a0se refiri\u00f3 a su \u00f3pera prima, la cual realiz\u00f3 con mucho esfuerzo y coraz\u00f3n. Afirm\u00f3:\u00a0<q>En realidad, los momentos dif\u00edciles de esta historia de amor ocurrieron despu\u00e9s de que se film\u00f3; lo \u00fanico que puedo decir, es que si en algo nos hermanamos y empatizamos los humanos es en que todos hemos sufrido la p\u00e9rdida de seres amados y, si no, les tengo malas noticias, pues va a ocurrir, s\u00ed o s\u00ed, porque es el \u00fanico proceso natural que nadie puede evitar. Todos los que hemos tenido una perdida, sabemos que aprendes a vivir con ella, no necesariamente a borrarla, porque no se trata de eso<\/q>.<\/p>\n<p>Esto\u00a0<q>tiene un significado m\u00e1s importante para m\u00ed y la familia de Stefanie (fallecida en 2019), pues ellos pudieron ver la pel\u00edcula en Denver con ella, y ahora, el hecho de que se complete el ciclo es tambi\u00e9n importante, ya que me gusta terminar todo lo que empiezo y cerrarlo; adem\u00e1s, el trabajo de ella es verdaderamente hermoso, es el personaje m\u00e1s complicado de la historia, pues tiene una tridimensionalidad maravillosa. Ella lo acogi\u00f3 con poder, determinaci\u00f3n y una gallard\u00eda incre\u00edble; b\u00e1sicamente as\u00ed nos conocimos<\/q>.<\/p>\n<p class=\"sumario\">Met\u00e1fora del teatro<\/p>\n<p class=\"s-s\">El actor, que ha sido postulado al premio \u00d3scar, record\u00f3:\u00a0<q>Esta historia la escrib\u00ed hace mucho tiempo porque me sucedi\u00f3; de hecho lo del circo es un met\u00e1fora del teatro, porque mis hermanos y yo crecimos ah\u00ed. Hay muchas met\u00e1foras y analog\u00edas de mi vida f\u00e1ciles de identificar, incluso de mi traj\u00edn de M\u00e9xico a Estados Unidos. Es decir, de esta necia aventura de irme a un lugar del que ni siquiera hablaba el idioma, pero siempre he sido, como dice mi madre, pata de perro y nunca me he quedado quieto en alg\u00fan sitio<\/q>.<\/p>\n<p>En\u00a0<em>Un cuento de circo &amp; a love song,<\/em>\u00a0filmada en M\u00e9xico y Nueva Orleans, cuenta\u00a0<q>con un elenco inigualable<\/q>, donde resurge el personaje central de nombre Refugio, hijo de una acr\u00f3bata, de quien se devela su vida, desde su infancia hasta la edad adulta.\u00a0<q>Crece en un circo y emprende su camino, a lo largo de muchos a\u00f1os, en busca del amor verdadero; la redenci\u00f3n juega un papel vital, pero hay una buena dosis autobiogr\u00e1fica y, a partir de ah\u00ed, se detonan varias situaciones<\/q>, asegur\u00f3 Bichir.<\/p>\n<p>Arcelia Ram\u00edrez, quien encarna a Valentina, una acr\u00f3bata que act\u00faa sobre caballos, explic\u00f3:\u00a0<q>En este nombre, pienso, tambi\u00e9n existe un simbolismo; es madre y padre al mismo tiempo, con la valent\u00eda y el coraje para sacar adelante a su hijo. La pel\u00edcula es una especie de recorrido en diversos procesos: c\u00f3mo crece y asimila los desaf\u00edos, la b\u00fasqueda de su identidad y encuentra el amor con toda su complejidad. Esta mujer es una contenci\u00f3n para Refugio, pues todo el tiempo est\u00e1 ah\u00ed a fin de protegerlo, escucharlo, preocuparse y ocuparse de \u00e9l<\/q>.<\/p>\n<p>La actriz subray\u00f3:\u00a0<q>Fue un privilegio acompa\u00f1ar a Demi\u00e1n con quien tengo una historia linda de respeto, cari\u00f1o, admiraci\u00f3n y complicidad; toda esa infraestructura personal y humana qued\u00f3 en el set<\/q>.<\/p>\n<p>El guion, retom\u00f3 Bichir, tuvo su origen hace muchos a\u00f1os y el ciclo se concreta con la exhibici\u00f3n de la cinta, a partir del viernes, en salas de la Cineteca Nacional. Explic\u00f3:\u00a0<q>Si tomas en cuenta la primera vez que pensaste en una idea, hasta que se concreta y expone al p\u00fablico, s\u00ed es un trayecto largo, pero no he invertido mejor el tiempo en mi vida, que en este proceso tan complejo<\/q>, dijo el realizador quien es un apasionado de la escritura, de la m\u00fasica, la poes\u00eda y de contar historias.<\/p>\n<p class=\"sumario\">Al exhibirse, sucede la comuni\u00f3n<\/p>\n<p class=\"s-s\">La realidad, subray\u00f3,\u00a0<q>es que no mido el \u00e9xito por la cantidad de Grammys, \u00d3scares y much\u00edsimo menos con la cantidad de millones de d\u00f3lares que te puedas o no ganar; una obra cuando se crea y se expone a alguien, es en ese momento que sucede la comuni\u00f3n y se completa el ciclo<\/q>.<\/p>\n<p>Tampoco\u00a0<q>tenemos acceso a los circuitos, mecanismos y plan de distribuci\u00f3n de una pel\u00edcula; lo cierto es que en los pasados cinco a\u00f1os, dos estuvieron muertos para todo el planeta; adem\u00e1s, nuestra vida es entre acci\u00f3n y corte, no tenemos mayor control m\u00e1s all\u00e1 de eso<\/q>.<\/p>\n<p>La banda sonora de la cinta, tambi\u00e9n tiene un significado especial para el realizador.\u00a0<q>La m\u00fasica siempre ha sido vital en mi vida, no s\u00f3lo como mel\u00f3mano, sino como consumidor y amante de muchos g\u00e9neros. Por esta raz\u00f3n, fue muy importante que aqu\u00ed tuviera ese poder; muchas canciones ya exist\u00edan en mi cabeza desde que escrib\u00ed el guion y otras se fueron sumando<\/q>.<\/p>\n<p><em>Amar y vivir,\u00a0<\/em>de Consuelo Vel\u00e1zquez, es el tema de la pel\u00edcula, inform\u00f3 Bichir. Cont\u00f3: \u201cMi madre cant\u00f3 toda su vida y se escapaba a la radio local en Torre\u00f3n. Entonces, hab\u00eda un programa en vivo, quien los acompa\u00f1aba al piano era un invidente y mi mam\u00e1 convenci\u00f3 a su hermana mayor para que la llevara y cu\u00e1ndo le preguntaron \u2018qu\u00e9 quieres interpretar\u2019, ella respondi\u00f3\u00a0<em>Amar y vivir,\u00a0<\/em>que siempre ha existido en nuestras vidas y por eso est\u00e1 como fondo en todo el trayecto del padre de Refugio y de c\u00f3mo lo seguimos en esta especie de limbo que \u00e9l mismo se impuso para guardar un secreto terrible\u201d.<\/p>\n<p>Demi\u00e1n Bichir present\u00f3 ayer\u00a0<em>Un cuento de circo &amp; a love song<\/em>\u00a0en la Cineteca Nacional, con parte del reparto de la pel\u00edcula, integrado por Araceli Ram\u00edrez, Ana Claudia Talanc\u00f3n, Jos\u00e9 \u00c1ngel Bichir y Jorge Perugorr\u00eda y Bruno Bichir, quien adem\u00e1s fue coproductor. La cinta tuvo proyecci\u00f3n en el Festival Internacional de Cine de Morelia, en 2016.<\/p>\n<\/div>\n<\/div>\n","protected":false},"excerpt":{"rendered":"<p>Un cuento de circo&#8230;,\u00a0aventura maravillosa y po\u00e9tica, tributo a Stefanie Sherk: Bichir Es una historia autobiogr\u00e1fica y entra\u00f1able, dice el actor, que la escribi\u00f3 y dirige Ana M\u00f3nica Rodr\u00edguez La Jornada Una historia\u00a0personal, autobiogr\u00e1fica y entra\u00f1able\u00a0es la que Demi\u00e1n Bichir, escribi\u00f3, dirigi\u00f3 y actu\u00f3 en la cinta\u00a0Un cuento de circo &amp; a love song,\u00a0un homenaje\u00a0a [&hellip;]<\/p>\n","protected":false},"author":249,"featured_media":30366,"comment_status":"open","ping_status":"closed","sticky":false,"template":"","format":"standard","meta":{"footnotes":""},"categories":[26],"tags":[],"class_list":["post-30365","post","type-post","status-publish","format-standard","has-post-thumbnail","hentry","category-mundo"],"_links":{"self":[{"href":"https:\/\/eloficiodehistoriar.com.mx\/index.php?rest_route=\/wp\/v2\/posts\/30365","targetHints":{"allow":["GET"]}}],"collection":[{"href":"https:\/\/eloficiodehistoriar.com.mx\/index.php?rest_route=\/wp\/v2\/posts"}],"about":[{"href":"https:\/\/eloficiodehistoriar.com.mx\/index.php?rest_route=\/wp\/v2\/types\/post"}],"author":[{"embeddable":true,"href":"https:\/\/eloficiodehistoriar.com.mx\/index.php?rest_route=\/wp\/v2\/users\/249"}],"replies":[{"embeddable":true,"href":"https:\/\/eloficiodehistoriar.com.mx\/index.php?rest_route=%2Fwp%2Fv2%2Fcomments&post=30365"}],"version-history":[{"count":1,"href":"https:\/\/eloficiodehistoriar.com.mx\/index.php?rest_route=\/wp\/v2\/posts\/30365\/revisions"}],"predecessor-version":[{"id":30367,"href":"https:\/\/eloficiodehistoriar.com.mx\/index.php?rest_route=\/wp\/v2\/posts\/30365\/revisions\/30367"}],"wp:featuredmedia":[{"embeddable":true,"href":"https:\/\/eloficiodehistoriar.com.mx\/index.php?rest_route=\/wp\/v2\/media\/30366"}],"wp:attachment":[{"href":"https:\/\/eloficiodehistoriar.com.mx\/index.php?rest_route=%2Fwp%2Fv2%2Fmedia&parent=30365"}],"wp:term":[{"taxonomy":"category","embeddable":true,"href":"https:\/\/eloficiodehistoriar.com.mx\/index.php?rest_route=%2Fwp%2Fv2%2Fcategories&post=30365"},{"taxonomy":"post_tag","embeddable":true,"href":"https:\/\/eloficiodehistoriar.com.mx\/index.php?rest_route=%2Fwp%2Fv2%2Ftags&post=30365"}],"curies":[{"name":"wp","href":"https:\/\/api.w.org\/{rel}","templated":true}]}}