{"id":30368,"date":"2022-11-30T11:05:26","date_gmt":"2022-11-30T17:05:26","guid":{"rendered":"https:\/\/eloficiodehistoriar.com.mx\/?p=30368"},"modified":"2022-11-30T11:05:26","modified_gmt":"2022-11-30T17:05:26","slug":"se-deben-reformar-el-cine-y-sus-instituciones-para-ser-incluyentes-senala-tenoch-huerta","status":"publish","type":"post","link":"https:\/\/eloficiodehistoriar.com.mx\/?p=30368","title":{"rendered":"Se deben reformar el cine y sus instituciones para ser incluyentes, se\u00f1ala Tenoch Huerta"},"content":{"rendered":"<div class=\"cabeza\">Se deben reformar el cine y sus instituciones para ser incluyentes, se\u00f1ala Tenoch Huerta<\/div>\n<div class=\"sumarios\"><\/div>\n<div id=\"article-text\" class=\"text tbl-forkorts-article\">\n<div class=\"foto\">\n<div class=\"pie-foto\">El actor mexicano en el estreno europeo de <em>Black Panther: Wakanda Forever,\u00a0<\/em>en Londres.<\/div>\n<div><\/div>\n<\/div>\n<div class=\"col\">\n<div class=\"credito-autor\">Juan Ibarra<\/div>\n<div class=\"credito-titulo\"><\/div>\n<div class=\"hemero\">La Jornada<\/p>\n<\/div>\n<p class=\"s-s\">Tenoch Huerta entr\u00f3 a la discusi\u00f3n, como tantos otros involucrados en la industria del cine nacional, acerca de la decisi\u00f3n que la Academia Mexicana de Artes y Ciencias Cinematogr\u00e1ficas (Amacc) tom\u00f3 la semana pasada para postergar la entrega de los Premios Ariel 2023 argumentando falta de recursos.<\/p>\n<p>Mediante una carta abierta en Twitter, el actor se dirigi\u00f3 tanto a la Secretar\u00eda de Cultura como a la Amacc para hacer un llamado a reformar la industria nacional.\u00a0<q>Es un gran momento para sentarnos a definir todo lo que se puede hacer por y con el cine en adelante, una industria que da trabajo a miles de familias, que ofrece movilidad social como es mi caso, fortalece la identidad, proporciona entretenimiento y puede ser factor de cohesi\u00f3n social<\/q>, indic\u00f3 el actor.<\/p>\n<p>Tenoch, quien se ha destacado por levantar la voz para denunciar la situaci\u00f3n de desigualdad y oportunidades que enfrentan las personas de bajos recursos y de piel morena en M\u00e9xico, tambi\u00e9n se\u00f1al\u00f3 la necesidad de hacer cambios en las instituciones existentes para erradicar sus vicios.<\/p>\n<p class=\"sumario\">Desterrar el racismo<\/p>\n<p class=\"s-s\"><q>Se deben reformar el cine y sus instituciones para ser incluyentes, desterrar cualquier pr\u00e1ctica racista y clasista para crear una industria a\u00fan m\u00e1s grande de lo que ya es, con el potencial de generar millones en un mercado de 580 millones de hispanohablantes<\/q>, escribi\u00f3. Huerta tambi\u00e9n llam\u00f3 a fortalecer la producci\u00f3n en beneficio de otros idiomas tambi\u00e9n hablados en el pa\u00eds.<\/p>\n<p>El actor, quien hace unos d\u00edas se reuni\u00f3 con el presidente Andr\u00e9s Manuel L\u00f3pez Obrador, tambi\u00e9n mencion\u00f3 que le hizo propuestas al mandatario con respecto al cine.\u00a0<q>Que debe ser accesible para todos, tenemos que hablar tambi\u00e9n de la distribuci\u00f3n, de las regal\u00edas, de las plataformas, etc\u00e9tera<\/q>.<\/p>\n<p class=\"sumario\">Llamado al di\u00e1logo<\/p>\n<p class=\"s-s\">Finalmente, el mensaje de Huerta tambi\u00e9n hizo un llamado al di\u00e1logo, no s\u00f3lo entre las instituciones sino tambi\u00e9n entre los dem\u00e1s involucrados en ella. \u201cHay mucho que hacer incluyendo en la conversaci\u00f3n al\u00a0<em>staff<\/em>, asistentes, vestuario, maquillaje, editores, choferes, alimentaci\u00f3n, etc\u00e9tera Todes quienes hacen el cine y la Academia deben estar en estrecha relaci\u00f3n con cada \u00e1rea y sus necesidades, no s\u00f3lo \u2018creativos\u2019\u201d.<\/p>\n<p>El actor etiquet\u00f3 en su publicaci\u00f3n a la secretaria de Cultura, Alejandra Frausto; a la presidenta de la Amacc, Leticia Huijara; y al cineasta Guillermo del Toro, quien d\u00edas antes se ofreci\u00f3 a pagar el costo de las estatuillas del Ariel. Ante el debate iniciado, el Instituto Mexicano de Cinematograf\u00eda (Imcine) respondi\u00f3 a la Academia en un comunicado que entre 2020 y 2022 se apoy\u00f3 con poco m\u00e1s de 6 millones de pesos.<\/p>\n<p>El documento tambi\u00e9n detalla que en 2021 y 2022 se otorgaron 1.1 millones de pesos destinados a las ceremonias del Ariel, y se\u00f1ala que durante 2019 la entrega del premio se realiz\u00f3 en la Cineteca Nacional, recinto otorgado de manera gratuita. Por medio del programa de Fomento al Cine Mexicano (Focine) tambi\u00e9n se suministraron apoyos de 1.3 millones de pesos destinados a los ciclos de exhibici\u00f3n Rumbo al Ariel 2021 y 2022, para proyectar al p\u00fablico los t\u00edtulos nominados. Asimismo, en 2020, agrega el documento, se apoy\u00f3 el proyecto Promoci\u00f3n, difusi\u00f3n y desarrollo del cine mexicano de la Amacc, con un monto de 3.5 millones de pesos.<\/p>\n<p>En tanto, la Academia promovi\u00f3 un comunicado en el que detalla sus funciones y anuncia la creaci\u00f3n de un patronato y una campa\u00f1a para buscar financiamiento v\u00eda cuotas y donativos.<\/p>\n<\/div>\n<\/div>\n","protected":false},"excerpt":{"rendered":"<p>Se deben reformar el cine y sus instituciones para ser incluyentes, se\u00f1ala Tenoch Huerta El actor mexicano en el estreno europeo de Black Panther: Wakanda Forever,\u00a0en Londres. Juan Ibarra La Jornada Tenoch Huerta entr\u00f3 a la discusi\u00f3n, como tantos otros involucrados en la industria del cine nacional, acerca de la decisi\u00f3n que la Academia Mexicana [&hellip;]<\/p>\n","protected":false},"author":249,"featured_media":30369,"comment_status":"open","ping_status":"closed","sticky":false,"template":"","format":"standard","meta":{"footnotes":""},"categories":[26],"tags":[],"class_list":["post-30368","post","type-post","status-publish","format-standard","has-post-thumbnail","hentry","category-mundo"],"_links":{"self":[{"href":"https:\/\/eloficiodehistoriar.com.mx\/index.php?rest_route=\/wp\/v2\/posts\/30368","targetHints":{"allow":["GET"]}}],"collection":[{"href":"https:\/\/eloficiodehistoriar.com.mx\/index.php?rest_route=\/wp\/v2\/posts"}],"about":[{"href":"https:\/\/eloficiodehistoriar.com.mx\/index.php?rest_route=\/wp\/v2\/types\/post"}],"author":[{"embeddable":true,"href":"https:\/\/eloficiodehistoriar.com.mx\/index.php?rest_route=\/wp\/v2\/users\/249"}],"replies":[{"embeddable":true,"href":"https:\/\/eloficiodehistoriar.com.mx\/index.php?rest_route=%2Fwp%2Fv2%2Fcomments&post=30368"}],"version-history":[{"count":1,"href":"https:\/\/eloficiodehistoriar.com.mx\/index.php?rest_route=\/wp\/v2\/posts\/30368\/revisions"}],"predecessor-version":[{"id":30370,"href":"https:\/\/eloficiodehistoriar.com.mx\/index.php?rest_route=\/wp\/v2\/posts\/30368\/revisions\/30370"}],"wp:featuredmedia":[{"embeddable":true,"href":"https:\/\/eloficiodehistoriar.com.mx\/index.php?rest_route=\/wp\/v2\/media\/30369"}],"wp:attachment":[{"href":"https:\/\/eloficiodehistoriar.com.mx\/index.php?rest_route=%2Fwp%2Fv2%2Fmedia&parent=30368"}],"wp:term":[{"taxonomy":"category","embeddable":true,"href":"https:\/\/eloficiodehistoriar.com.mx\/index.php?rest_route=%2Fwp%2Fv2%2Fcategories&post=30368"},{"taxonomy":"post_tag","embeddable":true,"href":"https:\/\/eloficiodehistoriar.com.mx\/index.php?rest_route=%2Fwp%2Fv2%2Ftags&post=30368"}],"curies":[{"name":"wp","href":"https:\/\/api.w.org\/{rel}","templated":true}]}}