{"id":30372,"date":"2022-12-01T13:35:25","date_gmt":"2022-12-01T19:35:25","guid":{"rendered":"https:\/\/eloficiodehistoriar.com.mx\/?p=30372"},"modified":"2022-12-01T13:35:25","modified_gmt":"2022-12-01T19:35:25","slug":"federico-silva-el-intrepido-arquero-alcanzo-al-ahuehuete-centenario-que-lo-acompano-los-ultimos-anos","status":"publish","type":"post","link":"https:\/\/eloficiodehistoriar.com.mx\/?p=30372","title":{"rendered":"Federico Silva\u00a0el intr\u00e9pido arquero alcanz\u00f3 al ahuehuete centenario, que lo acompa\u00f1\u00f3 los \u00faltimos a\u00f1os"},"content":{"rendered":"<div class=\"cabeza\">Federico Silva, al alba de los 100 a\u00f1os<\/div>\n<div class=\"sumarios\"><\/div>\n<div class=\"credito-articulo\">Adriana Castillo Rom\u00e1n*<\/div>\n<div><\/div>\n<div id=\"article-text\" class=\"text\">\n<div class=\"col col1\">\n<div class=\"inicial\">Federico Silva\u00a0lanz\u00f3 sus flechas al infinito en busca del esp\u00edritu de la muerte. El intr\u00e9pido arquero alcanz\u00f3 las ramas m\u00e1s altas del ahuehuete centenario, sembrado por Nezahualc\u00f3yotl, que lo acompa\u00f1\u00f3 los \u00faltimos a\u00f1os de su vida en su casa-taller de Amaxiac de Guerrero, Tlaxcala. Alcanz\u00f3 esas ramas y subi\u00f3 m\u00e1s all\u00e1. A ese m\u00e1s all\u00e1 donde seguramente predominar\u00e1n el viento y la energ\u00eda c\u00f3smica, los aluxes, cruces, naguales y serpientes. Y si acaso en ese\u00a0<em>all\u00e1<\/em>\u00a0se pase lista, Federico Silva, al un\u00edsono con muchos hombres y mujeres de su pueblo, contestar\u00e1 feliz y orgulloso que tuvo la fortuna de ser de izquierda, de defender siempre las causas de las mayor\u00edas, de estar a favor de la igualdad y de haber estado siempre comprometido con el arte para construir una sociedad para la libertad.<\/div>\n<p>En la cueva\u00a0<q>donde los indios lanzan sus flechas al infinito en busca del esp\u00edritu de la muerte<\/q>\u00a0est\u00e1\u00a0<em>Principio<\/em>, la obra que m\u00e1s disfrut\u00f3 hacer Silva en sus m\u00e1s de 80 a\u00f1os de trayectoria. Recuerdo c\u00f3mo se le ilumin\u00f3 la cara cuando me platic\u00f3 acerca de ese mural de 6 mil metros cuadrados que pint\u00f3 durante cuatro a\u00f1os en La Cueva de Huites de la hidroel\u00e9ctrica Luis Donaldo Colosio en Choix, con la colaboraci\u00f3n de entusiastas habitantes de ese municipio de la sierra sinaloense, as\u00ed como por algunos de sus alumnos.<\/p>\n<p>La estimaba por ser arte p\u00fablico, ese arte que se impone por la sociedad, no por el mercado ni por ninguna instancia gubernamental. En las charlas que tuve con \u00e9l para la realizaci\u00f3n del programa\u00a0<q>Una trayectoria, una colecci\u00f3n<\/q>, tambi\u00e9n mencion\u00f3 otras esculturas y murales:\u00a0<em>Ocho conejo<\/em>\u00a0y\u00a0<em>Las serpientes del Pedregal<\/em>\u00a0en el corredor escult\u00f3rico de la UNAM;\u00a0<em>Alux de la muerte<\/em>\u00a0en Tlatelolco;\u00a0<em>Historia de un espacio matem\u00e1tico<\/em>\u00a0en la Facultad de Ingenier\u00eda de la UNAM y\u00a0<em>La t\u00e9cnica al servicio de la paz<\/em>\u00a0en la Escuela Superior de Ingenier\u00eda y Arquitectura del Instituto Polit\u00e9cnico Nacional, obras apreciadas por el artista y la comunidad, ya que pueden encontrar significados de su pasado y presente.<\/p>\n<\/div>\n<div class=\"col col2\">\n<div class=\"foto\">\n<div class=\"pie-foto\"><em>El principio<\/em>, en La Cueva de Huites de la hidroel\u00e9ctrica Luis Donaldo Colosio en Choix, Sinaloa, es la obra que m\u00e1s disfrut\u00f3 hacer Silva en sus m\u00e1s de 80 a\u00f1os de trayectoria.<\/div>\n<\/div>\n<p>Representante de la grandeza cultural de M\u00e9xico, nacido en la Ciudad de M\u00e9xico el 16 de septiembre de 1923, siempre estuvo orgulloso de la independencia de su pensamiento,\u00a0<q>porque el artista no puede dejarse seducir por algo que no sea el arte<\/q>. Aprendi\u00f3, entendi\u00f3 y transmiti\u00f3 \u2013porque tambi\u00e9n fue acad\u00e9mico\u2013 que los mejores artistas son los que est\u00e1n comprometidos con la sociedad.<\/p>\n<p>Me relat\u00f3 que tuvo la fortuna de pertenecer al ala izquierda de la sociedad, as\u00ed como la relaci\u00f3n que tuvo con Vicente Lombardo Toledano y David Alfaro Siqueiros, con este \u00faltimo, su amigo y maestro, lo uni\u00f3 no s\u00f3lo la creaci\u00f3n art\u00edstica y la pintura mural, sino tambi\u00e9n las luchas sociales. Prueba de ello es la revista pol\u00edtica\u00a0<em>1945<\/em>, que Silva ide\u00f3 y en la que Siqueiros particip\u00f3, la cual sigui\u00f3 una l\u00ednea contra el fascismo y el pensamiento conservador. Otro aspecto de su posici\u00f3n pol\u00edtica es su admiraci\u00f3n por los artistas del Taller de la Gr\u00e1fica Popular, en particular por Leopoldo M\u00e9ndez.<\/p>\n<p>En su obra nos leg\u00f3 su robusto concepto est\u00e9tico y la noci\u00f3n de que el artista siempre guarda un compromiso con la sociedad de su tiempo.<\/p>\n<p>Para Mar\u00eda Esther, con mi cari\u00f1o<\/p>\n<p>*\u00a0<em>Directora general de Promoci\u00f3n Cultural, Acervo Patrimonial y de la Conservadur\u00eda de Palacio Nacional de la Secretar\u00eda de Hacienda y Cr\u00e9dito P\u00fablico<\/em><\/p>\n<\/div>\n<\/div>\n","protected":false},"excerpt":{"rendered":"<p>Federico Silva, al alba de los 100 a\u00f1os Adriana Castillo Rom\u00e1n* Federico Silva\u00a0lanz\u00f3 sus flechas al infinito en busca del esp\u00edritu de la muerte. El intr\u00e9pido arquero alcanz\u00f3 las ramas m\u00e1s altas del ahuehuete centenario, sembrado por Nezahualc\u00f3yotl, que lo acompa\u00f1\u00f3 los \u00faltimos a\u00f1os de su vida en su casa-taller de Amaxiac de Guerrero, Tlaxcala. [&hellip;]<\/p>\n","protected":false},"author":249,"featured_media":30373,"comment_status":"open","ping_status":"closed","sticky":false,"template":"","format":"standard","meta":{"footnotes":""},"categories":[26],"tags":[],"class_list":["post-30372","post","type-post","status-publish","format-standard","has-post-thumbnail","hentry","category-mundo"],"_links":{"self":[{"href":"https:\/\/eloficiodehistoriar.com.mx\/index.php?rest_route=\/wp\/v2\/posts\/30372","targetHints":{"allow":["GET"]}}],"collection":[{"href":"https:\/\/eloficiodehistoriar.com.mx\/index.php?rest_route=\/wp\/v2\/posts"}],"about":[{"href":"https:\/\/eloficiodehistoriar.com.mx\/index.php?rest_route=\/wp\/v2\/types\/post"}],"author":[{"embeddable":true,"href":"https:\/\/eloficiodehistoriar.com.mx\/index.php?rest_route=\/wp\/v2\/users\/249"}],"replies":[{"embeddable":true,"href":"https:\/\/eloficiodehistoriar.com.mx\/index.php?rest_route=%2Fwp%2Fv2%2Fcomments&post=30372"}],"version-history":[{"count":1,"href":"https:\/\/eloficiodehistoriar.com.mx\/index.php?rest_route=\/wp\/v2\/posts\/30372\/revisions"}],"predecessor-version":[{"id":30374,"href":"https:\/\/eloficiodehistoriar.com.mx\/index.php?rest_route=\/wp\/v2\/posts\/30372\/revisions\/30374"}],"wp:featuredmedia":[{"embeddable":true,"href":"https:\/\/eloficiodehistoriar.com.mx\/index.php?rest_route=\/wp\/v2\/media\/30373"}],"wp:attachment":[{"href":"https:\/\/eloficiodehistoriar.com.mx\/index.php?rest_route=%2Fwp%2Fv2%2Fmedia&parent=30372"}],"wp:term":[{"taxonomy":"category","embeddable":true,"href":"https:\/\/eloficiodehistoriar.com.mx\/index.php?rest_route=%2Fwp%2Fv2%2Fcategories&post=30372"},{"taxonomy":"post_tag","embeddable":true,"href":"https:\/\/eloficiodehistoriar.com.mx\/index.php?rest_route=%2Fwp%2Fv2%2Ftags&post=30372"}],"curies":[{"name":"wp","href":"https:\/\/api.w.org\/{rel}","templated":true}]}}