{"id":30375,"date":"2022-12-01T13:44:36","date_gmt":"2022-12-01T19:44:36","guid":{"rendered":"https:\/\/eloficiodehistoriar.com.mx\/?p=30375"},"modified":"2022-12-01T13:44:36","modified_gmt":"2022-12-01T19:44:36","slug":"la-exposicion-de-federico-silva-lucha-y-fraternidad-el-triunfo-de-la-rebeldia-en-de-bellas-artes","status":"publish","type":"post","link":"https:\/\/eloficiodehistoriar.com.mx\/?p=30375","title":{"rendered":"La exposici\u00f3n de\u00a0Federico Silva, \u00ablucha y fraternidad: El triunfo de la rebeld\u00eda\u00bb en de Bellas Artes"},"content":{"rendered":"<div id=\"article-cont\" class=\"main-cont article-cont actuality\">\n<div class=\"cabeza\">Inauguran exposici\u00f3n el mismo d\u00eda de su partida<\/div>\n<div class=\"sumarios\"><\/div>\n<div id=\"article-text\" class=\"text\">\n<div class=\"col col1\">\n<div class=\"credito-autor\">Fabiola Palapa Quijas<\/div>\n<div class=\"credito-titulo\"><\/div>\n<div class=\"hemero\">La Jornada<\/p>\n<\/div>\n<p class=\"s-s\">La exposici\u00f3n homenaje\u00a0<em>Federico Silva, lucha y fraternidad: El triunfo de la rebeld\u00eda<\/em>\u00a0en el Museo del Palacio de Bellas Artes, que se inaugur\u00f3 ayer, el mismo d\u00eda que muri\u00f3 el escultor, est\u00e1 conformada por m\u00e1s de 150 obras, tres realizadas ex profeso por el artista el a\u00f1o pasado.<\/p>\n<p>Se trata de una retrospectiva que re\u00fane obras producidas en ocho d\u00e9cadas, en las que figuran pinturas, estudios murales, gr\u00e1fica, proyectos editoriales, esculturas, aparatos cin\u00e9ticos, m\u00f3viles y pel\u00edculas.<\/p>\n<p>En el Palacio de Bellas Artes, donde tambi\u00e9n se rindi\u00f3 anoche un homenaje de cuerpo presente a Federico Silva, la directora del Instituto Nacional de Bellas Artes y Literatura (Inbal), Lucina Jim\u00e9nez, expres\u00f3 que el escultor siempre relacion\u00f3 su trabajo con la ciencia y la tecnolog\u00eda, adem\u00e1s de haber transitado por todas las formas de las artes visuales, desde el dibujo, el grabado, la escultura y la instalaci\u00f3n hasta el arte cin\u00e9tico y digital.<\/p>\n<p><q>Su \u00faltima pieza en plata fue un trabajo de experimentaci\u00f3n, lo que nunca dej\u00f3 de hacer. En este caso se propuso dialogar con un artesano platero que trabajara sus esculturas y finalmente lo logr\u00f3. Aqu\u00ed est\u00e1 ese v\u00ednculo con el arte artesanal<\/q>, explic\u00f3 Jim\u00e9nez.<\/p>\n<p>Durante la presentaci\u00f3n de la muestra, el director del Museo del Palacio de Bellas Artes, Miguel Fern\u00e1ndez F\u00e9lix, indic\u00f3 que para ese recinto,\u00a0<q>adem\u00e1s de la tristeza que sentimos el d\u00eda de hoy, Federico Silva ha estado presente y seguir\u00e1 estando presente con esta exposici\u00f3n<\/q>.<\/p>\n<p>Record\u00f3 que el escultor pr\u00e1cticamente se inici\u00f3 en ese museo con uno de los grandes artistas, David Alfaro Siqueiros, ya que fue su ayudante.\u00a0<q>Es muy emotivo lo que est\u00e1 pasando, porque en 1972 expuso su primera exhibici\u00f3n aqu\u00ed en el Museo del Palacio de Bellas Artes, en 1977 la segunda y en 1996 la tercera, pero la exposici\u00f3n que se inaugura hoy es la primera retrospectiva y adem\u00e1s cocurada con Federico Silva a partir de la relaci\u00f3n con los curadores<\/q>.<\/p>\n<p>Aclar\u00f3 que el concepto curatorial parte de la filosof\u00eda del artista en torno a la idea de la construcci\u00f3n y la destrucci\u00f3n.\u00a0<q>Creo que la figura de Federico Silva nos marca a todos ese punto de referencia, que el arte siempre estar\u00e1 vivo cuando dialoga permanente con la sociedad<\/q>.<\/p>\n<\/div>\n<div class=\"col col2\">\n<div class=\"foto\">\n<div class=\"pie-foto\">La exposici\u00f3n homenaje <em>Federico Silva, lucha y fraternidad: El triunfo de la rebeld\u00eda\u00a0<\/em>en el Museo del Palacio de Bellas Artes est\u00e1 conformada por m\u00e1s de 150 obras. En la imagen, el artista en una entrevista con\u00a0<em>La Jornada<\/em> en 2010.<\/div>\n<\/div>\n<p>Bajo la curadur\u00eda de Joshua Dal\u00ed S\u00e1nchez Gonz\u00e1lez y Xavier de la Riva Ros, la retrospectiva est\u00e1 dividida en cuatro n\u00facleos que abarcan 80 a\u00f1os de trabajo del artista.<\/p>\n<p>En el primer n\u00facleo, Del realismo a la abstracci\u00f3n (1945-1968), se presentan los primeros a\u00f1os de creaci\u00f3n art\u00edstica de Silva, en los que el contexto sociopol\u00edtico mundial indudablemente se convierte en un eje rector para el desarrollo de su obra.<\/p>\n<p>En el segundo apartado, La subversi\u00f3n por la forma (1968-1983), se aborda su periodo cin\u00e9tico, en el que conjug\u00f3 el arte y la ciencia para experimentar con el movimiento, la luz y el color. En esta \u00e9poca construy\u00f3 esculturas manipulables, transitables, suspendidas y desplegables, as\u00ed como aparatos cin\u00e9ticos con la capacidad de generar efectos visuales producidos por objetos lum\u00ednicos.<\/p>\n<p>En el tercer n\u00facleo, Esculpir el tiempo, flechar la luz (1986-1998), se aprecian pinturas y esculturas asociadas con su periodo monumental. En \u00e9stas predominan las figuras geom\u00e9tricas en la composici\u00f3n y el uso de materiales como piedra, m\u00e1rmol, acero y madera, en las que el tiempo es uno de los temas centrales.<\/p>\n<p>La \u00faltima parte, Escritura y ejercicios pl\u00e1sticos recientes (de 2003 a la fecha), est\u00e1 dedicada a su escritura, a partir de sus tres autobiograf\u00edas:\u00a0<em>Cuadernos de Amaxac. A fin de cuentas, el arte arde en el infierno<\/em>\u00a0(2006),\u00a0<em>Dos x tres. Cr\u00f3nica. Apuntes autobiogr\u00e1ficos<\/em>\u00a0(2010) y\u00a0<em>M\u00e9xico por Tacuba<\/em>\u00a0(2013). En este n\u00facleo tambi\u00e9n se encuentran las piezas creadas ex profeso para esta exposici\u00f3n.<\/p>\n<p>La muestra homenaje\u00a0<em>Federico Silva, lucha y fraternidad: El triunfo de la rebeld\u00eda<\/em>\u00a0permanecer\u00e1 abierta al p\u00fablico hasta marzo de 2023 en el Museo del Palacio de Bellas (avenida Ju\u00e1rez y eje central L\u00e1zaro C\u00e1rdenas).<\/p>\n<\/div>\n<\/div>\n<div class=\"go gui\">\n<div class=\"go-up\"><\/div>\n<\/div>\n<\/div>\n<div id=\"taboola-below-content-thumbnails\" class=\" trc_related_container trc_spotlight_widget tbl-feed-container tbl-feed-frame-DIVIDER  render-late-effect\" data-feed-container-num=\"1\" data-feed-main-container-id=\"taboola-below-content-thumbnails\" data-parent-placement-name=\"Below Content Thumbnails\" data-pub-lang=\"es\">\n<div class=\" tbl-feed-header tbl-logo-right-position\">\n<div class=\"tbl-feed-header-logo\"><\/div>\n<\/div>\n<\/div>\n","protected":false},"excerpt":{"rendered":"<p>Inauguran exposici\u00f3n el mismo d\u00eda de su partida Fabiola Palapa Quijas La Jornada La exposici\u00f3n homenaje\u00a0Federico Silva, lucha y fraternidad: El triunfo de la rebeld\u00eda\u00a0en el Museo del Palacio de Bellas Artes, que se inaugur\u00f3 ayer, el mismo d\u00eda que muri\u00f3 el escultor, est\u00e1 conformada por m\u00e1s de 150 obras, tres realizadas ex profeso por [&hellip;]<\/p>\n","protected":false},"author":249,"featured_media":30376,"comment_status":"open","ping_status":"closed","sticky":false,"template":"","format":"standard","meta":{"footnotes":""},"categories":[26],"tags":[],"class_list":["post-30375","post","type-post","status-publish","format-standard","has-post-thumbnail","hentry","category-mundo"],"_links":{"self":[{"href":"https:\/\/eloficiodehistoriar.com.mx\/index.php?rest_route=\/wp\/v2\/posts\/30375","targetHints":{"allow":["GET"]}}],"collection":[{"href":"https:\/\/eloficiodehistoriar.com.mx\/index.php?rest_route=\/wp\/v2\/posts"}],"about":[{"href":"https:\/\/eloficiodehistoriar.com.mx\/index.php?rest_route=\/wp\/v2\/types\/post"}],"author":[{"embeddable":true,"href":"https:\/\/eloficiodehistoriar.com.mx\/index.php?rest_route=\/wp\/v2\/users\/249"}],"replies":[{"embeddable":true,"href":"https:\/\/eloficiodehistoriar.com.mx\/index.php?rest_route=%2Fwp%2Fv2%2Fcomments&post=30375"}],"version-history":[{"count":1,"href":"https:\/\/eloficiodehistoriar.com.mx\/index.php?rest_route=\/wp\/v2\/posts\/30375\/revisions"}],"predecessor-version":[{"id":30377,"href":"https:\/\/eloficiodehistoriar.com.mx\/index.php?rest_route=\/wp\/v2\/posts\/30375\/revisions\/30377"}],"wp:featuredmedia":[{"embeddable":true,"href":"https:\/\/eloficiodehistoriar.com.mx\/index.php?rest_route=\/wp\/v2\/media\/30376"}],"wp:attachment":[{"href":"https:\/\/eloficiodehistoriar.com.mx\/index.php?rest_route=%2Fwp%2Fv2%2Fmedia&parent=30375"}],"wp:term":[{"taxonomy":"category","embeddable":true,"href":"https:\/\/eloficiodehistoriar.com.mx\/index.php?rest_route=%2Fwp%2Fv2%2Fcategories&post=30375"},{"taxonomy":"post_tag","embeddable":true,"href":"https:\/\/eloficiodehistoriar.com.mx\/index.php?rest_route=%2Fwp%2Fv2%2Ftags&post=30375"}],"curies":[{"name":"wp","href":"https:\/\/api.w.org\/{rel}","templated":true}]}}