{"id":30378,"date":"2022-12-01T13:51:39","date_gmt":"2022-12-01T19:51:39","guid":{"rendered":"https:\/\/eloficiodehistoriar.com.mx\/?p=30378"},"modified":"2022-12-01T13:51:39","modified_gmt":"2022-12-01T19:51:39","slug":"el-area-deforestada-en-la-amazonia-brasilena-tiene-un-avance-total-de-60-por-ciento","status":"publish","type":"post","link":"https:\/\/eloficiodehistoriar.com.mx\/?p=30378","title":{"rendered":"El \u00e1rea deforestada en la Amazonia brasile\u00f1a tiene un avance total de 60 por ciento"},"content":{"rendered":"<div id=\"article-cont\" class=\"main-cont article-cont actuality\">\n<div class=\"cabeza\">Avanz\u00f3 60% la deforestaci\u00f3n de la Amazonia en el mandato de Bolsonaro<\/div>\n<div class=\"sumarios\"><\/div>\n<div id=\"article-text\" class=\"text\">\n<div class=\"col col1\">\n<div class=\"credito-autor\">Afp<\/div>\n<div class=\"credito-titulo\"><\/div>\n<div class=\"hemero\">La Jornada<\/p>\n<\/div>\n<p class=\"s-s\">R\u00edo de Janeiro.<\/p>\n<p class=\"s-s\">El \u00e1rea deforestada en la Amazonia brasile\u00f1a se redujo 11 por ciento en 12 meses, seg\u00fan cifras oficiales divulgadas ayer, que muestran, sin embargo, un avance total de 60 por ciento bajo el mandato de Jair Bolsonaro.<\/p>\n<p>Entre agosto de 2021 y julio de 2022 fueron destruidos 11 mil 568 kil\u00f3metros cuadrados en la selva tropical, superficie equivalente a Qatar, seg\u00fan datos del sistema de vigilancia de deforestaci\u00f3n Prodes, del brasile\u00f1o Instituto Nacional de Investigaciones Espaciales (INPE).<\/p>\n<p>Esto representa una ca\u00edda de 11.3 por ciento respecto del periodo agosto 2020 a julio 2021, cuando el INPE detect\u00f3 13 mil 83 kil\u00f3metros deforestados, un r\u00e9cord en 15 a\u00f1os.<\/p>\n<p>Pero al considerar los pasados cuatro a\u00f1os, los datos revelan que bajo el gobierno de Bolsonaro la deforestaci\u00f3n anual promedio aument\u00f3 59.5 por ciento respecto de los cuatro a\u00f1os anteriores, y avanz\u00f3 75.5 por ciento en relaci\u00f3n con la d\u00e9cada anterior, seg\u00fan cifras del instituto.<\/p>\n<\/div>\n<div class=\"col col2\">\n<p><q>El gobierno de Bolsonaro fue una m\u00e1quina de destrucci\u00f3n de la selva (&#8230;) la \u00fanica buena noticia es que est\u00e1 por terminar<\/q>, afirm\u00f3 en un comunicado Marcio Astrini, secretario ejecutivo de la ONG ambientalista Observatorio do Clima.<\/p>\n<p>Bolsonaro perdi\u00f3 en octubre la relecci\u00f3n frente al ex mandatario izquierdista Luiz In\u00e1cio Lula da Silva, que prometi\u00f3 trabajar a fin de acabar con la deforestaci\u00f3n para 2030, una vez que asuma el poder, el primero de enero.<\/p>\n<p><q>La destrucci\u00f3n contin\u00faa fuera de control. Jair Bolsonaro entregar\u00e1 a su sucesor un legado sucio, con aumento de la tala y la Amazon\u00eda en llamas<\/q>, a\u00f1adi\u00f3 Astrini.<\/p>\n<p>Urgi\u00f3 a Lula a adoptar una pol\u00edtica de\u00a0<q>tolerancia cero<\/q>\u00a0frente a los delitos ambientales.<\/p>\n<p>La deforestaci\u00f3n se atribuye principalmente a la tala de \u00e1rboles a fin de hacer espacio al pasto para ganado y superficies agr\u00edcolas.<\/p>\n<\/div>\n<\/div>\n<div class=\"go gui\">\n<div class=\"go-up\"><\/div>\n<\/div>\n<\/div>\n<div id=\"taboola-below-content-thumbnails\" class=\" trc_related_container trc_spotlight_widget tbl-feed-container tbl-feed-frame-DIVIDER  render-late-effect\" data-feed-container-num=\"1\" data-feed-main-container-id=\"taboola-below-content-thumbnails\" data-parent-placement-name=\"Below Content Thumbnails\" data-pub-lang=\"es\">\n<div class=\" tbl-feed-header tbl-logo-right-position\">\n<div class=\"tbl-feed-header-logo\"><\/div>\n<\/div>\n<\/div>\n","protected":false},"excerpt":{"rendered":"<p>Avanz\u00f3 60% la deforestaci\u00f3n de la Amazonia en el mandato de Bolsonaro Afp La Jornada R\u00edo de Janeiro. El \u00e1rea deforestada en la Amazonia brasile\u00f1a se redujo 11 por ciento en 12 meses, seg\u00fan cifras oficiales divulgadas ayer, que muestran, sin embargo, un avance total de 60 por ciento bajo el mandato de Jair Bolsonaro. [&hellip;]<\/p>\n","protected":false},"author":249,"featured_media":30379,"comment_status":"open","ping_status":"closed","sticky":false,"template":"","format":"standard","meta":{"footnotes":""},"categories":[26],"tags":[],"class_list":["post-30378","post","type-post","status-publish","format-standard","has-post-thumbnail","hentry","category-mundo"],"_links":{"self":[{"href":"https:\/\/eloficiodehistoriar.com.mx\/index.php?rest_route=\/wp\/v2\/posts\/30378","targetHints":{"allow":["GET"]}}],"collection":[{"href":"https:\/\/eloficiodehistoriar.com.mx\/index.php?rest_route=\/wp\/v2\/posts"}],"about":[{"href":"https:\/\/eloficiodehistoriar.com.mx\/index.php?rest_route=\/wp\/v2\/types\/post"}],"author":[{"embeddable":true,"href":"https:\/\/eloficiodehistoriar.com.mx\/index.php?rest_route=\/wp\/v2\/users\/249"}],"replies":[{"embeddable":true,"href":"https:\/\/eloficiodehistoriar.com.mx\/index.php?rest_route=%2Fwp%2Fv2%2Fcomments&post=30378"}],"version-history":[{"count":1,"href":"https:\/\/eloficiodehistoriar.com.mx\/index.php?rest_route=\/wp\/v2\/posts\/30378\/revisions"}],"predecessor-version":[{"id":30380,"href":"https:\/\/eloficiodehistoriar.com.mx\/index.php?rest_route=\/wp\/v2\/posts\/30378\/revisions\/30380"}],"wp:featuredmedia":[{"embeddable":true,"href":"https:\/\/eloficiodehistoriar.com.mx\/index.php?rest_route=\/wp\/v2\/media\/30379"}],"wp:attachment":[{"href":"https:\/\/eloficiodehistoriar.com.mx\/index.php?rest_route=%2Fwp%2Fv2%2Fmedia&parent=30378"}],"wp:term":[{"taxonomy":"category","embeddable":true,"href":"https:\/\/eloficiodehistoriar.com.mx\/index.php?rest_route=%2Fwp%2Fv2%2Fcategories&post=30378"},{"taxonomy":"post_tag","embeddable":true,"href":"https:\/\/eloficiodehistoriar.com.mx\/index.php?rest_route=%2Fwp%2Fv2%2Ftags&post=30378"}],"curies":[{"name":"wp","href":"https:\/\/api.w.org\/{rel}","templated":true}]}}