{"id":30382,"date":"2022-12-02T14:22:30","date_gmt":"2022-12-02T20:22:30","guid":{"rendered":"https:\/\/eloficiodehistoriar.com.mx\/?p=30382"},"modified":"2022-12-02T14:22:30","modified_gmt":"2022-12-02T20:22:30","slug":"la-exposicion-fotografica-fidel-castro-y-la-cultura-que-se-inauguro-ayer-en-la-camara-de-diputados","status":"publish","type":"post","link":"https:\/\/eloficiodehistoriar.com.mx\/?p=30382","title":{"rendered":"La exposici\u00f3n fotogr\u00e1fica\u00a0\u00abFidel Castro y la cultura\u00bb\u00a0que se inaugur\u00f3 ayer en la C\u00e1mara de Diputados,"},"content":{"rendered":"<div id=\"article-cont\" class=\"main-cont article-cont actuality\">\n<div class=\"cabeza\">Aloja la C\u00e1mara de Diputados la muestra\u00a0<em>Fidel Castro y la cultura<\/em><\/div>\n<div class=\"sumarios\"><\/div>\n<div id=\"article-text\" class=\"text\">\n<div class=\"col col1\">\n<div class=\"credito-autor\">Georgina Saldierna y Enrique M\u00e9ndez<\/div>\n<div class=\"credito-titulo\"><\/div>\n<div class=\"hemero\">La Jornada<\/p>\n<\/div>\n<p class=\"s-s\">La exposici\u00f3n fotogr\u00e1fica\u00a0<em>Fidel Castro y la cultura,\u00a0<\/em>que se inaugur\u00f3 ayer en la C\u00e1mara de Diputados, es un homenaje al l\u00edder hist\u00f3rico de la revoluci\u00f3n cubana, pr\u00f3xima a cumplir 64 a\u00f1os, se\u00f1al\u00f3 el embajador de Cuba en M\u00e9xico, Marcos Rodr\u00edguez.<\/p>\n<p>En ella se podr\u00e1 descubrir una faceta muy importante del comandante, a\u00f1adi\u00f3 el diplom\u00e1tico ante el presidente del Grupo de Amistad M\u00e9xico-Cuba de San L\u00e1zaro, Rub\u00e9n Moreira, y diputados del PRI, Morena y PT, como Augusto G\u00f3mez Villanueva, Yeidckol Polevnsky y Pedro V\u00e1zquez. Tambi\u00e9n estuvo el embajador de Nicaragua, Juan Carlos Guti\u00e9rrez Madrigal.<\/p>\n<p>El diplom\u00e1tico resalt\u00f3 la importancia de la cultura en su pa\u00eds. Es el n\u00facleo del proyecto de emancipaci\u00f3n que integra desde sus ra\u00edces los ideales de independencia y justicia social, puntualiz\u00f3.<\/p>\n<p>En fechas tan significativas y ante una serie de patrones de consumo e industrias del arte contra el pueblo cubano, apunt\u00f3 que cada fotograf\u00eda expuesta atrapa una frase dicha por Fidel en uno de los momentos m\u00e1s complejos de la revoluci\u00f3n, cuando se\u00f1al\u00f3:\u00a0<q>Lo primero que tenemos que salvar es la cultura<\/q>.<\/p>\n<\/div>\n<div class=\"col col2\">\n<p>Moreira, coordinador del PRI en San L\u00e1zaro, destac\u00f3 que Castro hablaba de la cultura como agente liberador, y que en esa \u00e1rea, la isla tiene gran liderazgo.<\/p>\n<p>Calific\u00f3 al l\u00edder revolucionario de hombre sensible y con una cultura vasta, pues no hab\u00eda tema que no supiera. Adem\u00e1s, ten\u00eda gran conocimiento de M\u00e9xico y sus problemas, as\u00ed como gratitud hacia el ex presidente L\u00e1zaro C\u00e1rdenas.<\/p>\n<p>El ex gobernador de Coahuila resalt\u00f3 que siempre estar\u00e1 agradecido con Castro, pues regal\u00f3 a esa entidad tres cl\u00ednicas oftalmol\u00f3gicas que est\u00e1n funcionando y han servido a miles de personas.<\/p>\n<p>Subray\u00f3 que Cuba entreg\u00f3 a su estado lo que ten\u00eda, no lo que le sobraba, al recordar que los equipos estaban completamente nuevos. Adem\u00e1s, dio capacitaci\u00f3n sin ning\u00fan costo. Moreira dio a conocer su intenci\u00f3n de hacer publicaciones conjuntas con la representaci\u00f3n cubana.<\/p>\n<\/div>\n<\/div>\n<div class=\"go gui\">\n<div class=\"go-up\"><\/div>\n<\/div>\n<\/div>\n<div id=\"taboola-below-content-thumbnails\" class=\" trc_related_container trc_spotlight_widget tbl-feed-container tbl-feed-frame-DIVIDER  render-late-effect\" data-feed-container-num=\"1\" data-feed-main-container-id=\"taboola-below-content-thumbnails\" data-parent-placement-name=\"Below Content Thumbnails\" data-pub-lang=\"es\">\n<div class=\" tbl-feed-header tbl-logo-right-position\">\n<div class=\"tbl-feed-header-logo\"><\/div>\n<\/div>\n<\/div>\n","protected":false},"excerpt":{"rendered":"<p>Aloja la C\u00e1mara de Diputados la muestra\u00a0Fidel Castro y la cultura Georgina Saldierna y Enrique M\u00e9ndez La Jornada La exposici\u00f3n fotogr\u00e1fica\u00a0Fidel Castro y la cultura,\u00a0que se inaugur\u00f3 ayer en la C\u00e1mara de Diputados, es un homenaje al l\u00edder hist\u00f3rico de la revoluci\u00f3n cubana, pr\u00f3xima a cumplir 64 a\u00f1os, se\u00f1al\u00f3 el embajador de Cuba en M\u00e9xico, [&hellip;]<\/p>\n","protected":false},"author":249,"featured_media":30383,"comment_status":"open","ping_status":"closed","sticky":false,"template":"","format":"standard","meta":{"footnotes":""},"categories":[26],"tags":[],"class_list":["post-30382","post","type-post","status-publish","format-standard","has-post-thumbnail","hentry","category-mundo"],"_links":{"self":[{"href":"https:\/\/eloficiodehistoriar.com.mx\/index.php?rest_route=\/wp\/v2\/posts\/30382","targetHints":{"allow":["GET"]}}],"collection":[{"href":"https:\/\/eloficiodehistoriar.com.mx\/index.php?rest_route=\/wp\/v2\/posts"}],"about":[{"href":"https:\/\/eloficiodehistoriar.com.mx\/index.php?rest_route=\/wp\/v2\/types\/post"}],"author":[{"embeddable":true,"href":"https:\/\/eloficiodehistoriar.com.mx\/index.php?rest_route=\/wp\/v2\/users\/249"}],"replies":[{"embeddable":true,"href":"https:\/\/eloficiodehistoriar.com.mx\/index.php?rest_route=%2Fwp%2Fv2%2Fcomments&post=30382"}],"version-history":[{"count":1,"href":"https:\/\/eloficiodehistoriar.com.mx\/index.php?rest_route=\/wp\/v2\/posts\/30382\/revisions"}],"predecessor-version":[{"id":30384,"href":"https:\/\/eloficiodehistoriar.com.mx\/index.php?rest_route=\/wp\/v2\/posts\/30382\/revisions\/30384"}],"wp:featuredmedia":[{"embeddable":true,"href":"https:\/\/eloficiodehistoriar.com.mx\/index.php?rest_route=\/wp\/v2\/media\/30383"}],"wp:attachment":[{"href":"https:\/\/eloficiodehistoriar.com.mx\/index.php?rest_route=%2Fwp%2Fv2%2Fmedia&parent=30382"}],"wp:term":[{"taxonomy":"category","embeddable":true,"href":"https:\/\/eloficiodehistoriar.com.mx\/index.php?rest_route=%2Fwp%2Fv2%2Fcategories&post=30382"},{"taxonomy":"post_tag","embeddable":true,"href":"https:\/\/eloficiodehistoriar.com.mx\/index.php?rest_route=%2Fwp%2Fv2%2Ftags&post=30382"}],"curies":[{"name":"wp","href":"https:\/\/api.w.org\/{rel}","templated":true}]}}