{"id":30385,"date":"2022-12-02T14:28:20","date_gmt":"2022-12-02T20:28:20","guid":{"rendered":"https:\/\/eloficiodehistoriar.com.mx\/?p=30385"},"modified":"2022-12-02T14:28:20","modified_gmt":"2022-12-02T20:28:20","slug":"rescatan-sonidos-de-su-tierra-y-los-incorporan-a-su-proyecto-basado-en-la-cultura-hip-hop-al-rap","status":"publish","type":"post","link":"https:\/\/eloficiodehistoriar.com.mx\/?p=30385","title":{"rendered":"Rescatan sonidos de su tierra y los incorporan a su proyecto, basado en la cultura hip-hop, al rap."},"content":{"rendered":"<div id=\"article-cont\" class=\"main-cont article-cont actuality\">\n<div class=\"cabeza\">Hacemos m\u00fasica que pueden escuchar nuestros seguidores y sus hijos, dice Kinto Sol<\/div>\n<div class=\"sumarios\">\n<p>La agrupaci\u00f3n, originaria de Guanajuato, ofrecer\u00e1 concierto ma\u00f1ana en el Foro Hilvana \/\/\u00a0<em>La flecha<\/em>\u00a0es el t\u00edtulo de su m\u00e1s reciente producci\u00f3n<\/p>\n<\/div>\n<div id=\"article-text\" class=\"text\">\n<div class=\"foto\">\n<div class=\"pie-foto\">De la redacci\u00f3n<\/div>\n<\/div>\n<div class=\"col col1\">\n<div class=\"credito-titulo\"><\/div>\n<div class=\"hemero\">La Jornada<\/p>\n<\/div>\n<p class=\"s-s\">Tres hermanos originarios de Ir\u00e1muco, Guanajuato, a finales del siglo pasado decidieron emigrar a Estados Unidos. Establecidos en Milwaukee, Wisconsin, se dedican a rescatar sonidos de su tierra y los incorporan a su proyecto, basado en la cultura hip-hop, m\u00e1s espec\u00edficamente en el rap.<\/p>\n<p>\u201cNuestra m\u00fasica es producto de nuestras experiencias de vida transcultural y de la historia com\u00fan entre los inmigrantes en busca y en pos del\u00a0<em>sue\u00f1o americano\u201d,<\/em>\u00a0afirma Skribe, quien junto con\u00a0<em>diy\u00e9i<\/em>\u00a0Payback y el Chivo integran la alineaci\u00f3n de Kinto Sol.<\/p>\n<p class=\"sumario\">Los avalan 14 grabaciones<\/p>\n<p class=\"s-s\">Con 14 grabaciones como aval de su carrera, la agrupaci\u00f3n visita nuestro pa\u00eds para ofrecer un par de conciertos. Skribe, v\u00eda Zoom desde Milwaukee, agreg\u00f3: \u201cNo negamos de donde somos, llevamos nuestra cultura y la exponemos en forma de m\u00fasica. Y no nos sentimos ajenos: todos, de alguna manera, somos migrantes, nos movemos de acuerdo con nuestras necesidades. Sin embargo, romper el estereotipo de raperos nos cost\u00f3 trabajo; eso estuvo en nuestra contra, en especial cuando \u00e9ramos adolescentes. Sab\u00edamos que era entretenimiento y que no pod\u00edamos dar doctrina o mantener una propuesta en la que aburri\u00e9ramos, tambi\u00e9n sab\u00edamos que no somos maestros ni religiosos. Es ah\u00ed donde tratamos de que est\u00e9 la balanza. Los chavos que nos segu\u00edan, de cierta forma, se relacionaban con la rebeld\u00eda de algunas de nuestras canciones, pero no cruzamos esa l\u00ednea en la que es un poco desagradable escuchar a un rapero que no tiene censura cuando est\u00e1 en la casa de su mam\u00e1 o con sus hijos.<\/p>\n<\/div>\n<div class=\"col col2\">\n<p><q>Siempre hemos tenido en mente que quer\u00edamos que la m\u00fasica de Kinto Sol se pudiera escuchar en tu casa, en un baile, con tus amigos, en todos lados. Esa es la f\u00f3rmula. Nuestros seguidores y sus hijos pueden escuchar nuestra m\u00fasica. Es muy importante que se pueda o\u00edr en cualquier \u00e9poca, que pase la prueba del tiempo.<\/q><\/p>\n<p><em>La flecha,<\/em>\u00a0la m\u00e1s reciente grabaci\u00f3n de Kinto Sol ya circula en plataformas; contiene 14 canciones y como resultado de la estrategia de lanzar sencillos ya tienen vistas los temas\u00a0<em>El de arriba<\/em>\u00a0y\u00a0<em>Brindemos por ella.<\/em>\u00a0Skribe a\u00f1ade:\u00a0<q>El disco sali\u00f3 a principios de noviembre, antes lanzamos cuatro sencillos, pero a nuestros seguidores les gusta escuchar el \u00e1lbum completo, porque se los damos en forma de pel\u00edcula: todas las canciones se relacionan entre s\u00ed. Son como un libro de nuestra vida. Cada disco ha sido un de ellos, y cada canci\u00f3n es un cap\u00edtulo<\/q>.<\/p>\n<p>En torno a su visita a M\u00e9xico, detalla:\u00a0<q>Ma\u00f1ana estaremos en el Foro Hilvana, en la Ciudad de M\u00e9xico, y el domingo iremos a Puebla. Vamos a visitar todo lo que se pueda, porque M\u00e9xico tiene magia y, a nosotros, no se nos olvida que nacimos y crecimos aqu\u00ed<\/q>.<\/p>\n<\/div>\n<\/div>\n<div class=\"go gui\">\n<div class=\"go-up\"><\/div>\n<\/div>\n<\/div>\n<div id=\"taboola-below-content-thumbnails\" class=\" trc_related_container trc_spotlight_widget tbl-feed-container tbl-feed-frame-DIVIDER  render-late-effect\" data-feed-container-num=\"1\" data-feed-main-container-id=\"taboola-below-content-thumbnails\" data-parent-placement-name=\"Below Content Thumbnails\" data-pub-lang=\"es\">\n<div class=\" tbl-feed-header tbl-logo-right-position\">\n<div class=\"tbl-feed-header-logo\"><\/div>\n<\/div>\n<\/div>\n","protected":false},"excerpt":{"rendered":"<p>Hacemos m\u00fasica que pueden escuchar nuestros seguidores y sus hijos, dice Kinto Sol La agrupaci\u00f3n, originaria de Guanajuato, ofrecer\u00e1 concierto ma\u00f1ana en el Foro Hilvana \/\/\u00a0La flecha\u00a0es el t\u00edtulo de su m\u00e1s reciente producci\u00f3n De la redacci\u00f3n La Jornada Tres hermanos originarios de Ir\u00e1muco, Guanajuato, a finales del siglo pasado decidieron emigrar a Estados Unidos. [&hellip;]<\/p>\n","protected":false},"author":249,"featured_media":30386,"comment_status":"open","ping_status":"closed","sticky":false,"template":"","format":"standard","meta":{"footnotes":""},"categories":[26],"tags":[],"class_list":["post-30385","post","type-post","status-publish","format-standard","has-post-thumbnail","hentry","category-mundo"],"_links":{"self":[{"href":"https:\/\/eloficiodehistoriar.com.mx\/index.php?rest_route=\/wp\/v2\/posts\/30385","targetHints":{"allow":["GET"]}}],"collection":[{"href":"https:\/\/eloficiodehistoriar.com.mx\/index.php?rest_route=\/wp\/v2\/posts"}],"about":[{"href":"https:\/\/eloficiodehistoriar.com.mx\/index.php?rest_route=\/wp\/v2\/types\/post"}],"author":[{"embeddable":true,"href":"https:\/\/eloficiodehistoriar.com.mx\/index.php?rest_route=\/wp\/v2\/users\/249"}],"replies":[{"embeddable":true,"href":"https:\/\/eloficiodehistoriar.com.mx\/index.php?rest_route=%2Fwp%2Fv2%2Fcomments&post=30385"}],"version-history":[{"count":1,"href":"https:\/\/eloficiodehistoriar.com.mx\/index.php?rest_route=\/wp\/v2\/posts\/30385\/revisions"}],"predecessor-version":[{"id":30387,"href":"https:\/\/eloficiodehistoriar.com.mx\/index.php?rest_route=\/wp\/v2\/posts\/30385\/revisions\/30387"}],"wp:featuredmedia":[{"embeddable":true,"href":"https:\/\/eloficiodehistoriar.com.mx\/index.php?rest_route=\/wp\/v2\/media\/30386"}],"wp:attachment":[{"href":"https:\/\/eloficiodehistoriar.com.mx\/index.php?rest_route=%2Fwp%2Fv2%2Fmedia&parent=30385"}],"wp:term":[{"taxonomy":"category","embeddable":true,"href":"https:\/\/eloficiodehistoriar.com.mx\/index.php?rest_route=%2Fwp%2Fv2%2Fcategories&post=30385"},{"taxonomy":"post_tag","embeddable":true,"href":"https:\/\/eloficiodehistoriar.com.mx\/index.php?rest_route=%2Fwp%2Fv2%2Ftags&post=30385"}],"curies":[{"name":"wp","href":"https:\/\/api.w.org\/{rel}","templated":true}]}}