{"id":30388,"date":"2022-12-02T14:35:12","date_gmt":"2022-12-02T20:35:12","guid":{"rendered":"https:\/\/eloficiodehistoriar.com.mx\/?p=30388"},"modified":"2022-12-02T14:35:12","modified_gmt":"2022-12-02T20:35:12","slug":"entre-las-muchas-aficiones-y-erudiciones-de-carlos-fuentes-estaba-la-de-las-corridas-de-toros","status":"publish","type":"post","link":"https:\/\/eloficiodehistoriar.com.mx\/?p=30388","title":{"rendered":"Entre las muchas aficiones y erudiciones de Carlos Fuentes estaba la de las corridas de toros"},"content":{"rendered":"<div id=\"article-cont\" class=\"main-cont article-cont analysis\">\n<div class=\"cabeza\">Carlos Fuentes, torero<\/div>\n<div class=\"sumarios\"><\/div>\n<div class=\"credito-articulo\">Jos\u00e9 Cueli<\/div>\n<div><\/div>\n<div id=\"article-text\" class=\"text\">\n<div class=\"col\">\n<div class=\"inicial\">Carlos Fuentes fue recordado a 10 a\u00f1os de su fallecimiento en la Feria Internacional del Libro de Guadalajara. Nuestro peri\u00f3dico dedic\u00f3 una nota a su erudici\u00f3n. Llaman la atenci\u00f3n sus reflexiones sobre Nietzsche.<\/div>\n<p>En ocasi\u00f3n de que las corridas de toros han sido suspendidas en la Plaza M\u00e9xico, gracias a la orden de un juez en cuya burocracia dormir\u00e1 la sentencia sobre el toreo.<\/p>\n<p>Entre las muchas aficiones y erudiciones de Carlos Fuentes estaba la de las corridas de toros. Grande fue la sorpresa al leer la estupenda publicaci\u00f3n que realizaron de manera conjunta la Universidad Nacional Aut\u00f3noma de M\u00e9xico y la Real Maestranza de Caballer\u00eda de Sevilla con motivo del vig\u00e9simo segundo preg\u00f3n taurino de esa ciudad, a cargo de nuestro escritor homenajeado, prologado de manera espl\u00e9ndida y certera por Juan Ram\u00f3n de la Fuente, ambos conocedores taurinos que nos llevaron a una lectura sabia y amena, la cual no podemos detener hasta llegar al final y lamentarnos de que termine, pues queda uno preso del buen decir y de la pasi\u00f3n de este par de\u00a0<q>buenos cabales<\/q>.<\/p>\n<p>Las atinadas citas del pr\u00f3logo: Ortega y Gasset, Unamuno, Garc\u00eda Lorca y\u00a0<em>Pepe-Hillo,\u00a0<\/em>enlazadas a las bien delineadas frases de Juan Ram\u00f3n de la Fuente, abren el texto como un deslumbrante pase\u00edllo ejecutado por primeros espadas que me hacen evocar las inolvidables tardes pasadas en los diferentes cosos de M\u00e9xico y Espa\u00f1a, durante mi vida de aficionado al arte de la tauromaquia, as\u00ed como\u00a0<em>La tauromaquia o arte de torear,\u00a0<\/em>bella edici\u00f3n acompa\u00f1ada por 26 aguatintas del inigualable Pablo Picasso, gran taur\u00f3filo andaluz de nacimiento y artista fuera de serie que marc\u00f3 un hito en la pintura universal.<\/p>\n<p>El preg\u00f3n bellamente escrito por la magistral pluma de Carlos Fuentes fue reconocido por Pedro Romero de Sol\u00eds, quien fund\u00f3 un doctorado en tauromaquia en la Universidad de Sevilla, y director de la admirable revista de estudios taurinos, calificada por De la Fuente como uno de los mejores pregones que hab\u00eda escuchado y que por derecho propio se inscrib\u00eda en la m\u00e1s alta literatura sobre el tema. En dicho preg\u00f3n, nuestro escritor muestra c\u00f3mo y por qu\u00e9 los mexicanos fuimos y seguimos siendo tan receptivos a la fiesta brava. Esto desemboc\u00f3 en un enriquecimiento de la fiesta y en una compenetraci\u00f3n de esp\u00edritus entre M\u00e9xico y Espa\u00f1a por medio de tan singular arte.<\/p>\n<p>En palabras del propio Fuentes,\u00a0<q>viendo torear a Manolete en M\u00e9xico, aquel lejano domingo de hace m\u00e1s de medio siglo, me di cuenta de la m\u00e1s profunda relaci\u00f3n del alma hisp\u00e1nica y del alma mexicana. Mexicanos y espa\u00f1oles tenemos el privilegio, pero tambi\u00e9n la carga de entender que la muerte es la vida. O sea: todo es vida incluyendo a la muerte, que es parte esencial de la vida<\/q>.<\/p>\n<p>A lo largo del texto, Carlos Fuentes realiza una deliciosa semblanza de la historia del toreo y destaca a matadores mexicanos como Rodolfo Gaona, Armillita y Carlos Arruza, as\u00ed como a figuras cl\u00e1sicas, entre ellas\u00a0<em>Pepe-Hillo,\u00a0<\/em>Manolete, Belmonte y Joselito.<\/p>\n<p>Para Carlos Fuentes, la fiesta brava fue rito y ofrenda como t\u00e9rminos inseparables.\u00a0<q>La fiesta brava es un acto hermanado de saber y de fe. La sociedad separa el conocimiento y la creencia; el rito taurino lo re\u00fane en la fiesta, porque se cree y porque se sabe<\/q>.<\/p>\n<p class=\"email\">\n<\/div>\n<\/div>\n<\/div>\n<div id=\"taboola-below-content-thumbnails\" class=\" trc_related_container trc_spotlight_widget tbl-feed-container tbl-feed-frame-DIVIDER  render-late-effect\" data-feed-container-num=\"1\" data-feed-main-container-id=\"taboola-below-content-thumbnails\" data-parent-placement-name=\"Below Content Thumbnails\" data-pub-lang=\"es\">\n<div class=\" tbl-feed-header tbl-logo-right-position\">\n<div class=\"tbl-feed-header-logo\"><\/div>\n<\/div>\n<\/div>\n","protected":false},"excerpt":{"rendered":"<p>Carlos Fuentes, torero Jos\u00e9 Cueli Carlos Fuentes fue recordado a 10 a\u00f1os de su fallecimiento en la Feria Internacional del Libro de Guadalajara. Nuestro peri\u00f3dico dedic\u00f3 una nota a su erudici\u00f3n. Llaman la atenci\u00f3n sus reflexiones sobre Nietzsche. En ocasi\u00f3n de que las corridas de toros han sido suspendidas en la Plaza M\u00e9xico, gracias a [&hellip;]<\/p>\n","protected":false},"author":249,"featured_media":30389,"comment_status":"open","ping_status":"closed","sticky":false,"template":"","format":"standard","meta":{"footnotes":""},"categories":[26],"tags":[],"class_list":["post-30388","post","type-post","status-publish","format-standard","has-post-thumbnail","hentry","category-mundo"],"_links":{"self":[{"href":"https:\/\/eloficiodehistoriar.com.mx\/index.php?rest_route=\/wp\/v2\/posts\/30388","targetHints":{"allow":["GET"]}}],"collection":[{"href":"https:\/\/eloficiodehistoriar.com.mx\/index.php?rest_route=\/wp\/v2\/posts"}],"about":[{"href":"https:\/\/eloficiodehistoriar.com.mx\/index.php?rest_route=\/wp\/v2\/types\/post"}],"author":[{"embeddable":true,"href":"https:\/\/eloficiodehistoriar.com.mx\/index.php?rest_route=\/wp\/v2\/users\/249"}],"replies":[{"embeddable":true,"href":"https:\/\/eloficiodehistoriar.com.mx\/index.php?rest_route=%2Fwp%2Fv2%2Fcomments&post=30388"}],"version-history":[{"count":1,"href":"https:\/\/eloficiodehistoriar.com.mx\/index.php?rest_route=\/wp\/v2\/posts\/30388\/revisions"}],"predecessor-version":[{"id":30390,"href":"https:\/\/eloficiodehistoriar.com.mx\/index.php?rest_route=\/wp\/v2\/posts\/30388\/revisions\/30390"}],"wp:featuredmedia":[{"embeddable":true,"href":"https:\/\/eloficiodehistoriar.com.mx\/index.php?rest_route=\/wp\/v2\/media\/30389"}],"wp:attachment":[{"href":"https:\/\/eloficiodehistoriar.com.mx\/index.php?rest_route=%2Fwp%2Fv2%2Fmedia&parent=30388"}],"wp:term":[{"taxonomy":"category","embeddable":true,"href":"https:\/\/eloficiodehistoriar.com.mx\/index.php?rest_route=%2Fwp%2Fv2%2Fcategories&post=30388"},{"taxonomy":"post_tag","embeddable":true,"href":"https:\/\/eloficiodehistoriar.com.mx\/index.php?rest_route=%2Fwp%2Fv2%2Ftags&post=30388"}],"curies":[{"name":"wp","href":"https:\/\/api.w.org\/{rel}","templated":true}]}}