{"id":30391,"date":"2022-12-02T14:43:59","date_gmt":"2022-12-02T20:43:59","guid":{"rendered":"https:\/\/eloficiodehistoriar.com.mx\/?p=30391"},"modified":"2022-12-02T14:43:59","modified_gmt":"2022-12-02T20:43:59","slug":"oscar-rene-vargas-militante-de-las-causas-de-la-soberania-la-libertad-la-justicia-social-y-la-democracia","status":"publish","type":"post","link":"https:\/\/eloficiodehistoriar.com.mx\/?p=30391","title":{"rendered":"\u00d3scar Ren\u00e9 Vargas, militante de las causas de la soberan\u00eda, la libertad, la justicia social y la democracia"},"content":{"rendered":"<div id=\"article-cont\" class=\"main-cont article-cont analysis\">\n<div class=\"cabeza\">\u00d3scar Ren\u00e9 y Jos\u00e9 Rub\u00e9n<\/div>\n<div class=\"sumarios\"><\/div>\n<div class=\"credito-articulo\">Pedro Miguel<\/div>\n<div><\/div>\n<div id=\"article-text\" class=\"text tbl-forkorts-article\">\n<div class=\"col\">\n<div class=\"inicial\"><q>Hola<\/q><q>soy \u00d3scar Ren\u00e9 Vargas. De formaci\u00f3n profesional, soy soci\u00f3logo, economista, historiador, analista pol\u00edtico y escritor. Soy autor de 36 libros y coautor de otros 20. Algunos de mis ensayos han sido traducidos al ingl\u00e9s, franc\u00e9s, alem\u00e1n, sueco, holand\u00e9s e italiano.<\/q>\u00a0Esto dice de s\u00ed mismo un hombre que ha sido adem\u00e1s profesor en seis universidades, incluida la UNAM, que ha trabajado para el Unicef, la OPS\/OMS, el PNUD y que ha sido asesor principal del presidente de la Asamblea General de la ONU entre 2008 y 2009.<\/div>\n<p>Lo que \u00d3scar Ren\u00e9 no dice de s\u00ed mismo es que durante m\u00e1s de medio siglo ha sido militante de las causas de la soberan\u00eda, la libertad, la justicia social y la democracia en su natal Nicaragua; que es uno de los fundadores del Frente Sandinista de Liberaci\u00f3n Nacional y que en un episodio ya remoto le salv\u00f3 la vida al actual gobernante de ese pa\u00eds, Daniel Ortega Saavedra. Algunos datos que no aparecen en su p\u00e1gina en Internet son que ese mismo Daniel Ortega lo mantiene preso desde el pasado 22 de noviembre, que est\u00e1 acusado por\u00a0<q>ofensas al Estado<\/q>, que tiene 77 a\u00f1os, que sufre hipertensi\u00f3n, usa un marcapasos y que, en efecto, es un individuo peligros\u00edsimo para el neosomocismo que se ha instaurado en Nicaragua en un amargo viraje de la historia: la conoce, sabe analizar la realidad, es capaz de comunicar sus pensamientos y, sobre todo, es un hombre de convicciones firmes.<\/p>\n<p>No es, desde luego, el \u00fanico sandinista hist\u00f3rico que ha sido encarcelado por eso en lo que se convirti\u00f3 Daniel Ortega. Dora Mar\u00eda T\u00e9llez, la\u00a0<em>Comandante Dos<\/em>\u00a0que particip\u00f3 en el asalto al Palacio Nacional en agosto de 1978 y que a los 23 a\u00f1os dirigi\u00f3 la toma de la ciudad de Le\u00f3n en v\u00edsperas de la ca\u00edda de Somoza, en 1979, padece desde hace a\u00f1o y medio un r\u00e9gimen de aislamiento y permanente tortura sicol\u00f3gica en una celda de la prisi\u00f3n de El Chipote.<\/p>\n<p>El\u00a0<em>Comandante Uno<\/em>, Hugo Torres Jim\u00e9nez, quien en 1974 colabor\u00f3 en una operaci\u00f3n de toma de rehenes para liberar a sandinistas presos \u2013Ortega Saavedra, entre ellos\u2013, fue viceministro del Interior tras el triunfo de la revoluci\u00f3n, recibi\u00f3 la Condecoraci\u00f3n Carlos Fonseca Amador por sus m\u00e9ritos \u00e9ticos y su respeto a la legalidad, lleg\u00f3 a general en el ej\u00e9rcito tras el triunfo de la revoluci\u00f3n y fue detenido en junio de 2021 \u2013en v\u00edsperas de una elecci\u00f3n presidencial realizada con una decena de candidatos presidenciales encarcelados\u2013 bajo la acusaci\u00f3n de conspirar contra la integridad nacional. La acusaci\u00f3n informal en boca de Ortega era\u00a0<q>hijo de perra de los imperialistas yanquis<\/q>. Torres no sali\u00f3 vivo de la prisi\u00f3n; tras un declive general de salud causado por las duras condiciones de su encarcelamiento, muri\u00f3 en prisi\u00f3n en febrero de este a\u00f1o.<\/p>\n<p>En la cercana Guatemala no hay involuci\u00f3n hist\u00f3rica alguna. All\u00ed impera desde 1954 un r\u00e9gimen olig\u00e1rquico y cleptocr\u00e1tico que ha pasado por \u00e9pocas de democracia simulada, de dictadura abierta y de ficci\u00f3n institucional, y su botarga presidencial en turno se llama Alejandro Giammattei. Los \u00fanicos rasgos en com\u00fan entre \u00e9ste y Ortega son su esp\u00edritu represivo, su desmedido apetito por los bienes p\u00fablicos y sus posturas sociales reaccionarias y oscurantistas. Si el nicarag\u00fcense prohibi\u00f3 el aborto hasta en casos de riesgo de vida de la madre, el guatemalteco endureci\u00f3 recientemente las penas de c\u00e1rcel para las mujeres que interrumpen su embarazo, proscribi\u00f3 la educaci\u00f3n sexual en las escuelas y dio un portazo a cualquier posibilidad de legislar el matrimonio igualitario.<\/p>\n<p>El pasado 29 de julio, la polic\u00eda detuvo a Jos\u00e9 Rub\u00e9n Zamora Marroqu\u00edn, un hombre que lleva el periodismo en los genes y que ha fundado, a lo largo de su carrera, tres rotativos:\u00a0<em>Siglo Veintiuno, El Peri\u00f3dico y Nuestro Diario<\/em>.<\/p>\n<p>Zamora no es una figura heroica ni un guerrillero legendario, sino, simplemente, un hombre decente y un informador que se atrevi\u00f3 a participar en la divulgaci\u00f3n de la escandalosa corrupci\u00f3n que florece en el gobierno de Giammattei. En un verdadero acto de proyecci\u00f3n, Jos\u00e9 Rub\u00e9n fue acusado en falso de chantaje, tr\u00e1fico de influencias y lavado de dinero, cargos que perfectamente podr\u00edan aplicarse al gobernante guatemalteco y a sus m\u00e1s connotados compinches en el saqueo del erario.<\/p>\n<p>La amarga moraleja de estas historias es que, m\u00e1s all\u00e1 de orientaciones pol\u00edticas o de disfraces ideol\u00f3gicos (como el del\u00a0<q>izquierdista<\/q>\u00a0Ortega), la esencia represiva de un r\u00e9gimen es inocultable. Quienes acusan al gobierno mexicano de llevar a cabo persecuciones pol\u00edticas y de ataques a la libertad de expresi\u00f3n har\u00edan bien en contrastar la situaci\u00f3n en M\u00e9xico \u2013donde, nadie lo niega, la delincuencia organizada sigue cobr\u00e1ndose un alto n\u00famero de v\u00edctimas, algunas de ellas periodistas\u2013 con lo que ocurre en esos pa\u00edses hermanos.<\/p>\n<p>Twitter:\u00a0<a href=\"https:\/\/twitter.com\/@Navegaciones\" target=\"_blank\" rel=\"noopener\">@Navegaciones<\/a><\/p>\n<p class=\"email\"><a href=\"mailto:%6e%61%76%65%67%61%63%69%6f%6e%65%73@%79%61%68%6f%6f.%63%6f%6d\">navegaciones@yahoo.com<\/a><\/p>\n<\/div>\n<\/div>\n<\/div>\n<div id=\"taboola-below-content-thumbnails\" class=\" trc_related_container trc_spotlight_widget tbl-feed-container tbl-feed-frame-DIVIDER  render-late-effect\" data-feed-container-num=\"1\" data-feed-main-container-id=\"taboola-below-content-thumbnails\" data-parent-placement-name=\"Below Content Thumbnails\" data-pub-lang=\"es\">\n<div class=\" tbl-feed-header tbl-logo-right-position\">\n<div class=\"tbl-feed-header-logo\"><\/div>\n<\/div>\n<\/div>\n","protected":false},"excerpt":{"rendered":"<p>\u00d3scar Ren\u00e9 y Jos\u00e9 Rub\u00e9n Pedro Miguel Holasoy \u00d3scar Ren\u00e9 Vargas. De formaci\u00f3n profesional, soy soci\u00f3logo, economista, historiador, analista pol\u00edtico y escritor. Soy autor de 36 libros y coautor de otros 20. Algunos de mis ensayos han sido traducidos al ingl\u00e9s, franc\u00e9s, alem\u00e1n, sueco, holand\u00e9s e italiano.\u00a0Esto dice de s\u00ed mismo un hombre que ha [&hellip;]<\/p>\n","protected":false},"author":249,"featured_media":30392,"comment_status":"open","ping_status":"closed","sticky":false,"template":"","format":"standard","meta":{"footnotes":""},"categories":[26],"tags":[],"class_list":["post-30391","post","type-post","status-publish","format-standard","has-post-thumbnail","hentry","category-mundo"],"_links":{"self":[{"href":"https:\/\/eloficiodehistoriar.com.mx\/index.php?rest_route=\/wp\/v2\/posts\/30391","targetHints":{"allow":["GET"]}}],"collection":[{"href":"https:\/\/eloficiodehistoriar.com.mx\/index.php?rest_route=\/wp\/v2\/posts"}],"about":[{"href":"https:\/\/eloficiodehistoriar.com.mx\/index.php?rest_route=\/wp\/v2\/types\/post"}],"author":[{"embeddable":true,"href":"https:\/\/eloficiodehistoriar.com.mx\/index.php?rest_route=\/wp\/v2\/users\/249"}],"replies":[{"embeddable":true,"href":"https:\/\/eloficiodehistoriar.com.mx\/index.php?rest_route=%2Fwp%2Fv2%2Fcomments&post=30391"}],"version-history":[{"count":1,"href":"https:\/\/eloficiodehistoriar.com.mx\/index.php?rest_route=\/wp\/v2\/posts\/30391\/revisions"}],"predecessor-version":[{"id":30393,"href":"https:\/\/eloficiodehistoriar.com.mx\/index.php?rest_route=\/wp\/v2\/posts\/30391\/revisions\/30393"}],"wp:featuredmedia":[{"embeddable":true,"href":"https:\/\/eloficiodehistoriar.com.mx\/index.php?rest_route=\/wp\/v2\/media\/30392"}],"wp:attachment":[{"href":"https:\/\/eloficiodehistoriar.com.mx\/index.php?rest_route=%2Fwp%2Fv2%2Fmedia&parent=30391"}],"wp:term":[{"taxonomy":"category","embeddable":true,"href":"https:\/\/eloficiodehistoriar.com.mx\/index.php?rest_route=%2Fwp%2Fv2%2Fcategories&post=30391"},{"taxonomy":"post_tag","embeddable":true,"href":"https:\/\/eloficiodehistoriar.com.mx\/index.php?rest_route=%2Fwp%2Fv2%2Ftags&post=30391"}],"curies":[{"name":"wp","href":"https:\/\/api.w.org\/{rel}","templated":true}]}}