{"id":30395,"date":"2022-12-03T13:44:17","date_gmt":"2022-12-03T19:44:17","guid":{"rendered":"https:\/\/eloficiodehistoriar.com.mx\/?p=30395"},"modified":"2022-12-03T13:44:17","modified_gmt":"2022-12-03T19:44:17","slug":"la-quimioterapia-se-ha-suspendido-y-pele-esta-recibiendo-medidas-de-confort-para-aliviar-el-dolor","status":"publish","type":"post","link":"https:\/\/eloficiodehistoriar.com.mx\/?p=30395","title":{"rendered":"La quimioterapia se ha suspendido y Pel\u00e9 est\u00e1 recibiendo medidas de confort para aliviar el dolor"},"content":{"rendered":"<h2 id=\"article-title-tts\" class=\"title title-default\">Pel\u00e9 deja de responder a quimioterapia, dice prensa brasile\u00f1a<\/h2>\n<div class=\"article-info\"><a class=\"author\" href=\"https:\/\/www.jornada.com.mx\/author\/reuters.html\">Reuters<\/a><\/div>\n<div class=\"article-info\"><\/div>\n<div id=\"article-content-images\" class=\"content-items-media\"><em>Sao Paulo.<\/em><\/div>\n<div class=\"article-row\">\n<div class=\"social-links right\">\n<div id=\"content-sintesis-audio\" class=\"sintesis-audio\">\n<div class=\"speak-cont btn-group\">\n<form>La leyenda del f\u00fatbol Pel\u00e9, de 82 a\u00f1os, ha dejado de responder al tratamiento de quimioterapia contra un c\u00e1ncer detectado en 2021 y se encuentra en cuidados paliativos en un hospital de Sao Paulo, inform\u00f3 el s\u00e1bado el diario\u00a0<em>Folha<\/em>\u00a0de Sao Paulo.<\/p>\n<\/form>\n<\/div>\n<\/div>\n<\/div>\n<div class=\"article-main\">\n<div class=\"\">\n<div id=\"article-content-tts\" class=\"article-content ljn-nota-contenido\">\n<div id=\"content_nitf\">\n<p>Seg\u00fan la publicaci\u00f3n, la quimioterapia se ha suspendido y Pel\u00e9 est\u00e1 recibiendo medidas de confort para aliviar el dolor y la dificultad para respirar.<\/p>\n<p>\u00abLas medidas depender\u00e1n de los s\u00edntomas, de la funcionalidad y del pron\u00f3stico, es decir, de cu\u00e1nto tiempo se espera que sobreviva el paciente\u00bb, dijo\u00a0<em>Folha<\/em>.<\/p>\n<p>Un representante de Pel\u00e9 no respondi\u00f3 inmediatamente a un pedido de comentarios de Reuters.<\/p>\n<p>El hospital Albert Einstein, donde el ex futbolista se encuentra internado desde el martes, dijo que la \u00faltima informaci\u00f3n disponible es el bolet\u00edn m\u00e9dico difundido el viernes, en el que se indica que Pel\u00e9 se encontraba en la habitaci\u00f3n, siendo tratado por una infecci\u00f3n respiratoria, con respuesta adecuada.<\/p>\n<p>El reporte del viernes tambi\u00e9n se\u00f1al\u00f3 que el tricampe\u00f3n del mundo con la selecci\u00f3n brasile\u00f1a, \u00abse encuentra estable, con una mejora general de la salud\u00bb.<\/p>\n<p>Pel\u00e9, que fue operado en 2021 para extirparle un tumor en el colon, ha sufrido problemas de salud en los \u00faltimos a\u00f1os, que tambi\u00e9n le han llevado a operarse de la cadera y a necesitar ayuda para caminar. Desde entonces ha reducido sus apariciones p\u00fablicas.<\/p>\n<p>Pel\u00e9, considerado por muchos como el mejor futbolista de todos los tiempos, realiz\u00f3 el jueves un posteo en su cuenta de Instagram en el que agradeci\u00f3 los mensajes de apoyo que ha recibido y el homenaje que se le ha rendido durante el Mundial de Qatar y dijo que estaba haciendo una \u00abvisita mensual\u00bb al hospital.<\/p>\n<\/div>\n<\/div>\n<\/div>\n<\/div>\n<\/div>\n","protected":false},"excerpt":{"rendered":"<p>Pel\u00e9 deja de responder a quimioterapia, dice prensa brasile\u00f1a Reuters Sao Paulo. La leyenda del f\u00fatbol Pel\u00e9, de 82 a\u00f1os, ha dejado de responder al tratamiento de quimioterapia contra un c\u00e1ncer detectado en 2021 y se encuentra en cuidados paliativos en un hospital de Sao Paulo, inform\u00f3 el s\u00e1bado el diario\u00a0Folha\u00a0de Sao Paulo. Seg\u00fan la [&hellip;]<\/p>\n","protected":false},"author":249,"featured_media":30396,"comment_status":"open","ping_status":"closed","sticky":false,"template":"","format":"standard","meta":{"footnotes":""},"categories":[26],"tags":[],"class_list":["post-30395","post","type-post","status-publish","format-standard","has-post-thumbnail","hentry","category-mundo"],"_links":{"self":[{"href":"https:\/\/eloficiodehistoriar.com.mx\/index.php?rest_route=\/wp\/v2\/posts\/30395","targetHints":{"allow":["GET"]}}],"collection":[{"href":"https:\/\/eloficiodehistoriar.com.mx\/index.php?rest_route=\/wp\/v2\/posts"}],"about":[{"href":"https:\/\/eloficiodehistoriar.com.mx\/index.php?rest_route=\/wp\/v2\/types\/post"}],"author":[{"embeddable":true,"href":"https:\/\/eloficiodehistoriar.com.mx\/index.php?rest_route=\/wp\/v2\/users\/249"}],"replies":[{"embeddable":true,"href":"https:\/\/eloficiodehistoriar.com.mx\/index.php?rest_route=%2Fwp%2Fv2%2Fcomments&post=30395"}],"version-history":[{"count":1,"href":"https:\/\/eloficiodehistoriar.com.mx\/index.php?rest_route=\/wp\/v2\/posts\/30395\/revisions"}],"predecessor-version":[{"id":30397,"href":"https:\/\/eloficiodehistoriar.com.mx\/index.php?rest_route=\/wp\/v2\/posts\/30395\/revisions\/30397"}],"wp:featuredmedia":[{"embeddable":true,"href":"https:\/\/eloficiodehistoriar.com.mx\/index.php?rest_route=\/wp\/v2\/media\/30396"}],"wp:attachment":[{"href":"https:\/\/eloficiodehistoriar.com.mx\/index.php?rest_route=%2Fwp%2Fv2%2Fmedia&parent=30395"}],"wp:term":[{"taxonomy":"category","embeddable":true,"href":"https:\/\/eloficiodehistoriar.com.mx\/index.php?rest_route=%2Fwp%2Fv2%2Fcategories&post=30395"},{"taxonomy":"post_tag","embeddable":true,"href":"https:\/\/eloficiodehistoriar.com.mx\/index.php?rest_route=%2Fwp%2Fv2%2Ftags&post=30395"}],"curies":[{"name":"wp","href":"https:\/\/api.w.org\/{rel}","templated":true}]}}