{"id":30398,"date":"2022-12-03T13:50:45","date_gmt":"2022-12-03T19:50:45","guid":{"rendered":"https:\/\/eloficiodehistoriar.com.mx\/?p=30398"},"modified":"2022-12-03T13:50:45","modified_gmt":"2022-12-03T19:50:45","slug":"luis-suarez-como-en-sus-mejores-tiempos-uruguay-vencio-ayer-2-0-a-ghana-pero-quedo-fuera-del-mundial","status":"publish","type":"post","link":"https:\/\/eloficiodehistoriar.com.mx\/?p=30398","title":{"rendered":"Luis Su\u00e1rez como en sus mejores tiempos, Uruguay venci\u00f3 ayer 2-0 a Ghana, pero qued\u00f3 fuera del Mundial"},"content":{"rendered":"<div id=\"article-cont\" class=\"main-cont article-cont actuality\">\n<div class=\"series\">Qatar 2022<\/div>\n<div class=\"cabeza\">Desconsuelo y frustraci\u00f3n charr\u00faa despu\u00e9s de quedar fuera<\/div>\n<div class=\"sumarios\"><\/div>\n<div id=\"article-text\" class=\"text\">\n<div class=\"foto\">\n<div class=\"pie-foto\">Luis Su\u00e1rez, quien disputa el bal\u00f3n al ghan\u00e9s Mohammed Salisu, jug\u00f3 65 minutos en lo que fue su \u00faltimo Mundial, ayer en Qatar. n<\/div>\n<div><\/div>\n<\/div>\n<div class=\"col col1\">\n<div class=\"credito-autor\">Afp y Ap<\/div>\n<div class=\"credito-titulo\"><\/div>\n<div class=\"hemero\">La Jornada<\/p>\n<\/div>\n<p class=\"s-s\">Doha.<\/p>\n<p class=\"s-s\">Con Luis Su\u00e1rez como en sus mejores tiempos y un letal Giorgian de Arrascaeta, Uruguay venci\u00f3 ayer 2-0 a Ghana, pero qued\u00f3 fuera del Mundial catar\u00ed por menor cantidad de goles en favor que Corea del Sur.<\/p>\n<p>Los asi\u00e1ticos derrotaron a la ya clasificada Portugal por 2-1 en el otro partido del Grupo H y quedaron con cuatro puntos, al igual que\u00a0<em>La Celeste<\/em>, y con la misma diferencia de goles (0), pero anotaron cuatro tantos y Uruguay s\u00f3lo dos.<\/p>\n<p>Ghana, que con la victoria clasificaba a octavos, termin\u00f3 \u00faltima con tres unidades.<\/p>\n<p><q>No creo que el empate ante Corea (0-0, en el debut) nos haya eliminado, fue el penal cobrado ante Portugal, que la FIFA ahora dice que no fue<\/q>, afirm\u00f3 el t\u00e9cnico de Uruguay, Diego Alonso.<\/p>\n<p>El timonel hac\u00eda referencia a la pena m\u00e1xima por una mano involuntaria de Josema Gim\u00e9nez en el partido contra los lusos, que el \u00e1rbitro iran\u00ed Aireza Faghani hab\u00eda desestimado y posteriormente cobr\u00f3 a instancias del VAR. Bruno Fernandes remat\u00f3 y marc\u00f3 el 2-0.<\/p>\n<p>De Arrascaeta, a los minutos 26 y 32, marc\u00f3 los goles charr\u00faas en el estadio Al Janoub, al sur de Doha.<\/p>\n<p>El m\u00e1ximo exponente del desconsuelo y la frustraci\u00f3n de Uruguay fue Su\u00e1rez. Tap\u00e1ndose con una camiseta de su selecci\u00f3n, el delantero llor\u00f3 desconsolado tras el pitido final.<\/p>\n<\/div>\n<div class=\"col col2\">\n<p><q>Es tristeza y decepci\u00f3n lo que sentimos<\/q>, dijo el atacante, quien antes del torneo hab\u00eda indicado que Qatar 2022 ser\u00eda su \u00faltimo Mundial.<\/p>\n<p>Necesitado de la victoria, el timonel charr\u00faa apost\u00f3 por el talentoso De Arrascaeta de titular por primera vez en la Copa, acompa\u00f1ado por Su\u00e1rez y Darwin N\u00fa\u00f1ez en ataque.<\/p>\n<p>El partido era parejo hasta que lleg\u00f3 la jugada clave al minuto 17: Jordan Ayew remat\u00f3 bajo, el portero uruguayo, Sergio Rochet, dio rebote y cuando fue en busca del bal\u00f3n lleg\u00f3 tarde y cometi\u00f3 penal sobre Mohammed Kudus, que el \u00e1rbitro alem\u00e1n Daniel Siebert marc\u00f3 tras consultar el VAR.<\/p>\n<p>Andr\u00e9 Ayew, el \u00fanico sobreviviente de las\u00a0<em>Estrellas Negras\u00a0<\/em>del recordado partido de cuartos de final de Sud\u00e1frica 2010, se encarg\u00f3 del penal y Rochet se lanz\u00f3 hacia su izquierda y lo ataj\u00f3.<\/p>\n<p>Su\u00e1rez, que al 59 recibi\u00f3 una amarilla, fue sustituido al 65 por Edinson Cavani, quien al final del partido desquit\u00f3 su frustraci\u00f3n con el televisor del VAR, el cual derrib\u00f3 de un pu\u00f1etazo.<\/p>\n<p>&nbsp;<\/p>\n<\/div>\n<\/div>\n<div class=\"go gui\">\n<div class=\"go-up\"><\/div>\n<\/div>\n<\/div>\n<div id=\"taboola-below-content-thumbnails\" class=\" trc_related_container trc_spotlight_widget tbl-feed-container tbl-feed-frame-DIVIDER  render-late-effect\" data-feed-container-num=\"1\" data-feed-main-container-id=\"taboola-below-content-thumbnails\" data-parent-placement-name=\"Below Content Thumbnails\" data-pub-lang=\"es\">\n<div class=\" tbl-feed-header tbl-logo-right-position\">\n<div class=\"tbl-feed-header-logo\"><\/div>\n<\/div>\n<\/div>\n","protected":false},"excerpt":{"rendered":"<p>Qatar 2022 Desconsuelo y frustraci\u00f3n charr\u00faa despu\u00e9s de quedar fuera Luis Su\u00e1rez, quien disputa el bal\u00f3n al ghan\u00e9s Mohammed Salisu, jug\u00f3 65 minutos en lo que fue su \u00faltimo Mundial, ayer en Qatar. n Afp y Ap La Jornada Doha. Con Luis Su\u00e1rez como en sus mejores tiempos y un letal Giorgian de Arrascaeta, Uruguay [&hellip;]<\/p>\n","protected":false},"author":249,"featured_media":30399,"comment_status":"open","ping_status":"closed","sticky":false,"template":"","format":"standard","meta":{"footnotes":""},"categories":[26],"tags":[],"class_list":["post-30398","post","type-post","status-publish","format-standard","has-post-thumbnail","hentry","category-mundo"],"_links":{"self":[{"href":"https:\/\/eloficiodehistoriar.com.mx\/index.php?rest_route=\/wp\/v2\/posts\/30398","targetHints":{"allow":["GET"]}}],"collection":[{"href":"https:\/\/eloficiodehistoriar.com.mx\/index.php?rest_route=\/wp\/v2\/posts"}],"about":[{"href":"https:\/\/eloficiodehistoriar.com.mx\/index.php?rest_route=\/wp\/v2\/types\/post"}],"author":[{"embeddable":true,"href":"https:\/\/eloficiodehistoriar.com.mx\/index.php?rest_route=\/wp\/v2\/users\/249"}],"replies":[{"embeddable":true,"href":"https:\/\/eloficiodehistoriar.com.mx\/index.php?rest_route=%2Fwp%2Fv2%2Fcomments&post=30398"}],"version-history":[{"count":1,"href":"https:\/\/eloficiodehistoriar.com.mx\/index.php?rest_route=\/wp\/v2\/posts\/30398\/revisions"}],"predecessor-version":[{"id":30400,"href":"https:\/\/eloficiodehistoriar.com.mx\/index.php?rest_route=\/wp\/v2\/posts\/30398\/revisions\/30400"}],"wp:featuredmedia":[{"embeddable":true,"href":"https:\/\/eloficiodehistoriar.com.mx\/index.php?rest_route=\/wp\/v2\/media\/30399"}],"wp:attachment":[{"href":"https:\/\/eloficiodehistoriar.com.mx\/index.php?rest_route=%2Fwp%2Fv2%2Fmedia&parent=30398"}],"wp:term":[{"taxonomy":"category","embeddable":true,"href":"https:\/\/eloficiodehistoriar.com.mx\/index.php?rest_route=%2Fwp%2Fv2%2Fcategories&post=30398"},{"taxonomy":"post_tag","embeddable":true,"href":"https:\/\/eloficiodehistoriar.com.mx\/index.php?rest_route=%2Fwp%2Fv2%2Ftags&post=30398"}],"curies":[{"name":"wp","href":"https:\/\/api.w.org\/{rel}","templated":true}]}}