{"id":31091,"date":"2023-02-11T12:25:03","date_gmt":"2023-02-11T18:25:03","guid":{"rendered":"https:\/\/eloficiodehistoriar.com.mx\/?p=31091"},"modified":"2023-02-11T12:25:03","modified_gmt":"2023-02-11T18:25:03","slug":"pablo-me-dicen-que-sueles-caminar-de-noche-solo-por-c-u-ten-cuidado-no-te-vaya-a-pasar-algo","status":"publish","type":"post","link":"https:\/\/eloficiodehistoriar.com.mx\/?p=31091","title":{"rendered":"\u00abPablo, me dicen que sueles caminar de noche solo por C. U. Ten cuidado, no te vaya a pasar algo.\u00bb"},"content":{"rendered":"<div id=\"article-cont\" class=\"main-cont article-cont analysis\">\n<div class=\"cabeza\">Los muchachos sabr\u00e1n responder<\/div>\n<div class=\"sumarios\"><\/div>\n<div class=\"credito-articulo\">Luis Hern\u00e1ndez Navarro<\/div>\n<div><\/div>\n<div id=\"article-text\" class=\"text\">\n<div class=\"col col1\">\n<div class=\"inicial\">Eran d\u00edas dif\u00edciles. La matanza del Jueves de Corpus era una enorme herida abierta y la\u00a0<em>guerra sucia<\/em>\u00a0se desplegaba por todo el pa\u00eds. En una reuni\u00f3n del presidente Luis Echeverr\u00eda \u00c1lvarez con el rector Pablo Gonz\u00e1lez Casanova, el mandatario le advirti\u00f3:<\/div>\n<p>\u2013Pablo, me dicen mis informantes que sueles caminar de noche solo por Ciudad Universitaria. Ten cuidado, no te vaya a pasar algo.<\/p>\n<p>Sin amilanarse, don Pablo respondi\u00f3:\u00a0<q>No se preocupe, se\u00f1or presidente. Si me pasa algo, los muchachos sabr\u00e1n c\u00f3mo responder<\/q>.<\/p>\n<p>Herencia de aquellos d\u00edas de amenazas y provocaciones, el doctor Gonz\u00e1lez Casanova adquiri\u00f3 la costumbre de sentarse siempre con la espalda pegada a la pared y, de preferencia, con la mirada puesta en la puerta. Explica este h\u00e1bito por su astigmatismo y el malestar que le provoca recibir directamente la luz en los ojos.<\/p>\n<p>Don Pablo fue rector de la Universidad Nacional Aut\u00f3noma de M\u00e9xico (UNAM) entre 1970 y 1972. \u00c9l no buscaba serlo. Su candidato era el qu\u00edmico Manuel Madrazo.\u00a0<q>Nunca luch\u00e9 por ser director de nada, salvo del Instituto de Investigaciones Sociales<\/q>, cuenta.\u00a0<q>Ah\u00ed s\u00ed ten\u00eda muchas ganas. Una de mis fuerzas, que parecen virtudes, para resistir la carrera pol\u00edtica, fue que me gustaba mucho investigar<\/q>.<\/p>\n<p>Con el eco del movimiento estudiantil-popular rebotando por todo el pa\u00eds, su destino fue otro. \u201cLa Junta de Gobierno me nombr\u00f3 para suceder al magn\u00edfico rector Javier Barros Sierra. A altas horas de la noche algunos miembros de la Junta me fueron a visitar para darme la noticia. Estaba muy sorprendido porque yo estaba con Madrazo. Al d\u00eda siguiente \u00e9l fue a felicitarme. Le dije: \u2018quiero que seas secretario general\u2019\u201d.<\/p>\n<p>En su discurso de toma de posesi\u00f3n, se\u00f1al\u00f3 que asum\u00eda una responsabilidad transitoria, porque\u00a0<q>antes que nada somos o seremos profesores, y los puestos de direcci\u00f3n constituyen una etapa parcial de nuestra vida universitaria<\/q>. Y a\u00f1adi\u00f3:\u00a0<q>el verdadero profesor es aquel que sigue estudiando y el verdadero estudiante es el que aprende a ense\u00f1ar. Un gobierno universitario implica el uso de la raz\u00f3n, y el ejemplo de la conducta. Para que no resulte una ficci\u00f3n rom\u00e1ntica e ilusa, se necesita que sea un gobierno en el que todos compartan la responsabilidad<\/q>.<\/p>\n<p>Su visi\u00f3n de la democratizaci\u00f3n de la ense\u00f1anza combinaba apertura de los estudios superiores a n\u00fameros cada vez m\u00e1s grandes de estudiantes, y la participaci\u00f3n mayor en la responsabilidad y las decisiones universitarias por parte de profesores y estudiantes. Y, como parte de la misi\u00f3n de la UNAM, remarcaba el ense\u00f1ar a disentir.<\/p>\n<p>Al asumir la rector\u00eda, 68 universitarios, polit\u00e9cnicos y dirigentes populares se encontraban presos en Lecumberri por su participaci\u00f3n en el movimiento de 1968, condenados a largos a\u00f1os de c\u00e1rcel por los m\u00e1s variados delitos. Sus procesos legales estaban llenos de m\u00faltiples y graves irregularidades.<\/p>\n<p>El 13 de noviembre de 1970, poco m\u00e1s de seis meses despu\u00e9s de asumir el cargo, Gonz\u00e1lez Casanova demand\u00f3 una Ley de Amnist\u00eda para los detenidos, invocando que\u00a0<q>la liberaci\u00f3n de los profesores y estudiantes presos nos incumbe y preocupa como universitarios<\/q>. Para justificar la necesidad de su promulgaci\u00f3n, en lugar de meterse a debatir sobre el orden jur\u00eddico, decidi\u00f3 apelar a\u00a0<q>la m\u00e1s recia tradici\u00f3n republicana, la de Ju\u00e1rez<\/q>, y a razones de seguridad nacional. \u201cLa Universidad \u2013dijo\u2013 tiene el deber de indicar la desaz\u00f3n que produce entre sus estudiantes y profesores el proceso contra sus compa\u00f1eros\u201d. Y\u00a0<q>la desaz\u00f3n, la zozobra, la duda frente al derecho, son indicio de inseguridad, que en nada beneficia el sano desarrollo de la naci\u00f3n<\/q>.<\/p>\n<\/div>\n<div class=\"col col2\">\n<p>A la demanda de una Ley de Amnist\u00eda se sumaron directivos de la UNAM, intelectuales y el obispo Sergio M\u00e9ndez Arceo. El 18 de noviembre se movilizaron en su apoyo multitud de universitarios. Se opusieron a ella destacadas figuras del r\u00e9gimen, pero, tambi\u00e9n, algunos comit\u00e9s de lucha, como el de F\u00edsico-Matem\u00e1ticas del IPN y Ciencias Pol\u00edticas de la Universidad.<\/p>\n<p>El 10 de junio de 1971, una movilizaci\u00f3n estudiantil en apoyo a la autonom\u00eda de la Universidad Aut\u00f3noma de Nuevo Le\u00f3n (UANL), suprimida por el gobierno, fue salvajemente reprimida en la Ciudad de M\u00e9xico por granaderos, polic\u00edas y\u00a0<em>halcones<\/em>. Una ola de indignaci\u00f3n y rabia se levant\u00f3 en la juventud capitalina y sacudi\u00f3 la UNAM.<\/p>\n<p>El 31 de mayo, el doctor Gonz\u00e1lez Casanova se pronunci\u00f3 p\u00fablicamente en defensa de la UANL. \u201cCuando la autonom\u00eda universitaria es afectada \u2013advirti\u00f3\u2013, el r\u00e9gimen constitucional sufre en forma innegable. Cuando se atenta contra la autonom\u00eda de la Universidad, se atenta contra la autonom\u00eda de las dem\u00e1s universidades y contra el propio r\u00e9gimen de derecho de la naci\u00f3n. Cuando se atenta contra la autonom\u00eda universitaria mediante medidas pol\u00edticas, policiales o militares, abiertas o veladas, se sientan las bases de un r\u00e9gimen anticonstitucional y de fuerza\u201d.<\/p>\n<p>Eran a\u00f1os de turbulenta confusi\u00f3n. En medio de este clima de desconcierto, sobrevino la\u00a0<em>toma<\/em>\u00a0de Rector\u00eda. Con el pretexto de propiciar el ingreso autom\u00e1tico de los normalistas a la Facultad de Derecho, un peque\u00f1o grupo dirigido por Castro Bustos y Falc\u00f3n arroj\u00f3 al rector de sus oficinas y\u00a0<em>tom\u00f3\u00a0<\/em>la Rector\u00eda. Cuando el problema parec\u00eda estar en v\u00edas de soluci\u00f3n, irrumpi\u00f3 un fuerte conflicto por la sindicalizaci\u00f3n de los trabajadores universitarios.<\/p>\n<p><q>Fue un caso muy duro<\/q>\u00a0\u2013recuerda el ex rector\u2013,\u00a0<q>sobre todo para las gentes que nos pens\u00e1bamos de izquierda. Hab\u00eda que respetar los derechos de los trabajadores, pero, por otro lado, estaba la unidad de la instituci\u00f3n. La mayor parte de los integrantes del Consejo Universitario no eran favorables a la idea de permitir la sindicalizaci\u00f3n. Hicimos varios proyectos. Hasta que me dijeron que, o le daba la cl\u00e1usula de exclusi\u00f3n a Evaristo P\u00e9rez Arreola y compa\u00f1\u00eda o no aceptaban. Defend\u00ed la l\u00ednea que el Partido Comunista Mexicano defendi\u00f3 toda la vida hasta entonces: no permitir la cl\u00e1usula de exclusi\u00f3n que faculta a los dirigentes sindicales a despedir a los trabajadores que no les son leales<\/q>.<\/p>\n<p>El 7 de diciembre de 1972, ante la inminencia de la entrada de la polic\u00eda a la instituci\u00f3n, don Pablo renunci\u00f3. Estuvo en la Rector\u00eda apenas dos a\u00f1os y cerca de nueve meses. Sin embargo, en esa experiencia est\u00e1 buena parte de la simiente para regenerar la UNAM.<\/p>\n<p>Twitter:\u00a0<a href=\"https:\/\/twitter.com\/@lhan55\" target=\"_blank\" rel=\"noopener\">@lhan55<\/a><\/p>\n<p class=\"email\">\n<\/div>\n<\/div>\n<div class=\"go gui\">\n<div class=\"go-up\"><\/div>\n<\/div>\n<\/div>\n","protected":false},"excerpt":{"rendered":"<p>Los muchachos sabr\u00e1n responder Luis Hern\u00e1ndez Navarro Eran d\u00edas dif\u00edciles. La matanza del Jueves de Corpus era una enorme herida abierta y la\u00a0guerra sucia\u00a0se desplegaba por todo el pa\u00eds. En una reuni\u00f3n del presidente Luis Echeverr\u00eda \u00c1lvarez con el rector Pablo Gonz\u00e1lez Casanova, el mandatario le advirti\u00f3: \u2013Pablo, me dicen mis informantes que sueles caminar [&hellip;]<\/p>\n","protected":false},"author":249,"featured_media":31092,"comment_status":"open","ping_status":"closed","sticky":false,"template":"","format":"standard","meta":{"footnotes":""},"categories":[26],"tags":[],"class_list":["post-31091","post","type-post","status-publish","format-standard","has-post-thumbnail","hentry","category-mundo"],"_links":{"self":[{"href":"https:\/\/eloficiodehistoriar.com.mx\/index.php?rest_route=\/wp\/v2\/posts\/31091","targetHints":{"allow":["GET"]}}],"collection":[{"href":"https:\/\/eloficiodehistoriar.com.mx\/index.php?rest_route=\/wp\/v2\/posts"}],"about":[{"href":"https:\/\/eloficiodehistoriar.com.mx\/index.php?rest_route=\/wp\/v2\/types\/post"}],"author":[{"embeddable":true,"href":"https:\/\/eloficiodehistoriar.com.mx\/index.php?rest_route=\/wp\/v2\/users\/249"}],"replies":[{"embeddable":true,"href":"https:\/\/eloficiodehistoriar.com.mx\/index.php?rest_route=%2Fwp%2Fv2%2Fcomments&post=31091"}],"version-history":[{"count":1,"href":"https:\/\/eloficiodehistoriar.com.mx\/index.php?rest_route=\/wp\/v2\/posts\/31091\/revisions"}],"predecessor-version":[{"id":31093,"href":"https:\/\/eloficiodehistoriar.com.mx\/index.php?rest_route=\/wp\/v2\/posts\/31091\/revisions\/31093"}],"wp:featuredmedia":[{"embeddable":true,"href":"https:\/\/eloficiodehistoriar.com.mx\/index.php?rest_route=\/wp\/v2\/media\/31092"}],"wp:attachment":[{"href":"https:\/\/eloficiodehistoriar.com.mx\/index.php?rest_route=%2Fwp%2Fv2%2Fmedia&parent=31091"}],"wp:term":[{"taxonomy":"category","embeddable":true,"href":"https:\/\/eloficiodehistoriar.com.mx\/index.php?rest_route=%2Fwp%2Fv2%2Fcategories&post=31091"},{"taxonomy":"post_tag","embeddable":true,"href":"https:\/\/eloficiodehistoriar.com.mx\/index.php?rest_route=%2Fwp%2Fv2%2Ftags&post=31091"}],"curies":[{"name":"wp","href":"https:\/\/api.w.org\/{rel}","templated":true}]}}