{"id":31191,"date":"2023-02-18T13:10:09","date_gmt":"2023-02-18T19:10:09","guid":{"rendered":"https:\/\/eloficiodehistoriar.com.mx\/?p=31191"},"modified":"2023-02-18T13:10:09","modified_gmt":"2023-02-18T19:10:09","slug":"la-escultora-angela-gurria-davo-primera-mujer-en-ingresar-a-la-academia-de-artes-en-1973","status":"publish","type":"post","link":"https:\/\/eloficiodehistoriar.com.mx\/?p=31191","title":{"rendered":"La escultora \u00c1ngela Gurr\u00eda Dav\u00f3, primera mujer en ingresar a la Academia de Artes, en 1973"},"content":{"rendered":"<div id=\"article-cont\" class=\"main-cont article-cont actuality\">\n<div class=\"cabeza\"><q>La escultura es un arte vivo<\/q>, sosten\u00eda \u00c1ngela Gurr\u00eda; falleci\u00f3 ayer a los 93 a\u00f1os<\/div>\n<div class=\"sumarios\">\n<p>Autora de\u00a0<em>Se\u00f1ales,\u00a0<\/em>emblem\u00e1tica obra de la Ruta de la Amistad, fue la primera mujer en ingresar a la Academia de las Artes, en 1973 \/\/ Se le rendir\u00e1 homenaje, inform\u00f3 la SC federal<\/p>\n<\/div>\n<div id=\"article-text\" class=\"text\">\n<div class=\"foto\"><\/div>\n<div class=\"foto\">\n<div class=\"pie-foto\">Merry MacMasters<\/div>\n<\/div>\n<div class=\"col col1\">\n<div class=\"credito-titulo\"><\/div>\n<div class=\"hemero\">La Jornada<\/p>\n<\/div>\n<p class=\"s-s\">La escultora \u00c1ngela Gurr\u00eda Dav\u00f3, primera mujer en ingresar a la Academia de Artes, en 1973, falleci\u00f3 ayer a las 8:30 horas en su casa en Coyoac\u00e1n, a los 93 a\u00f1os.<\/p>\n<p>La Secretar\u00eda de Cultura (SC) federal y el Instituto Nacional de Bellas Artes y Literatura (Inbal) lamentaron el deceso de la artista, autora de\u00a0<em>Se\u00f1ales\u00a0<\/em>(1968), emblem\u00e1tica obra monumental de 18 metros de altura que forma parte de la Ruta de la Amistad, en el perif\u00e9rico sur de la Ciudad de M\u00e9xico. La titular de la SC, Alejandra Frausto Guerrero, anunci\u00f3 en su cuenta de Twitter que en acuerdo con la familia de Gurr\u00eda se le rendir\u00e1 un homenaje p\u00f3stumo en el Palacio de Bellas Artes con fecha por definir.<\/p>\n<p>Las exequias de la escultora se realizaron a partir de la noche de ayer en una agencia funeraria de la avenida F\u00e9lix Cuevas.<\/p>\n<p>El Museo del Palacio de Bellas Artes prepara una exposici\u00f3n retrospectiva de su obra para 2024. En 2015 recibi\u00f3 la Medalla Bellas Artes.<\/p>\n<p>En 2013, cuando se le otorg\u00f3 el Premio Nacional de Ciencias y Artes en el \u00e1rea de Bellas Artes, Gurr\u00eda dijo a\u00a0<em>La Jornada:\u00a0<\/em><q>La escultura es un arte de muchos, para muchos. Lo que hago, escultura urbana, lleva ingenieros, arquitectos, los que cuelan el cemento para recibirla, por eso es muy bonita. Es un arte solitario mientras uno lo piensa, pero en el momento de hacerlo involucra muchas personas; entonces, es vivo<\/q>.<\/p>\n<p>Aparte de la obra que hizo para la Ruta de la Amistad, Gurr\u00eda Dav\u00f3, quien naci\u00f3 en la Ciudad de M\u00e9xico el 24 de marzo de 1929, es autora de\u00a0<em>Fuenterrosa<\/em>\u00a0(1970), de ocho metros de di\u00e1metro por cuatro metros de altura, ubicada en la unidad de inter\u00e9s social Jard\u00edn de los Amantes, en Acapulco; tambi\u00e9n, del monumento\u00a0<em>Al trabajador del drenaje profundo<\/em>\u00a0(1974-75), que consta de cinco torres de 14 por 30 metros de altura, en Tenayuca;\u00a0<em>Trofeo a Sim\u00f3n Bol\u00edvar<\/em>\u00a0(1984), en la C\u00e1mara de Diputados, en Caracas, Venezuela, y\u00a0<em>El coraz\u00f3n m\u00e1gico de Cutzamala (Homenaje a Tl\u00e1loc),\u00a0<\/em>de 1985, trabajo de integraci\u00f3n al paisaje de 100 metros de altura, por mencionar unos cuantos.<\/p>\n<p>Mientras la escultura urbana le dio muchas satisfacciones, tambi\u00e9n le caus\u00f3 dolor: el grupo Gucadigose, 1975-1976, primer colectivo de escultores que Gurr\u00eda form\u00f3 con Geles Cabrera, Juan Luis D\u00edaz, Math\u00edas Goeritz y Sebasti\u00e1n, desarroll\u00f3 cinco glorietas en el libramiento de Villahermosa, Tabasco; sin embargo, hubo cambio de gobernador y fueron destruidas tres\u00a0<q>en menos de una semana<\/q>.<\/p>\n<\/div>\n<div class=\"col col2\">\n<p>Gurr\u00eda comenz\u00f3 su carrera de escultora al ingresar en el Mexico City College (ahora Universidad de las Am\u00e9ricas) bajo la tutela del artista Germ\u00e1n Cueto. Su ingreso al recinto se debi\u00f3 a que\u00a0<q>eran sitios donde se pensaba que quiz\u00e1 no corr\u00eda peligro, que no me pod\u00eda salir de la l\u00ednea trazada en la vida, pues, ellos (su familia) pensaban que el arte era \u00fanicamente eso que haces para pasar el tiempo, pero no. Cuando empec\u00e9 a usar las manos, me di cuenta de que eso era realmente lo que quer\u00eda, lo que necesitaba<\/q>.<\/p>\n<p class=\"sumario\">Disc\u00edpula de Cueto y Zamora<\/p>\n<p class=\"s-s\">Estudi\u00f3 con Cueto en un momento en el que \u00e9ste cultivaba la abstracci\u00f3n. Se dio cuenta, no obstante, de que necesitaba\u00a0<q>otra visi\u00f3n<\/q>; entonces, hizo estudios con\u00a0<q>el maestro figurativo Mario Zamora<\/q>, porque \u201cnecesitaba fijarme en la forma \u2013hasta el momento hab\u00eda trabajado con la pura imaginaci\u00f3n\u2013, saber c\u00f3mo es el cuerpo de un hombre o una mujer, o de seres vivos\u201d.<\/p>\n<p>En la obra de Gurr\u00eda Dav\u00f3 prevalece un amor tanto por la escultura prehisp\u00e1nica como por la naturaleza. Respecto del primero, siempre manifest\u00f3 su admiraci\u00f3n por las representaciones aztecas:\u00a0<q>Veo el cincel, c\u00f3mo se hizo, para m\u00ed es el sumo. \u00bfNo ser\u00e1 porque soy tenochca? Acepto que me he apoyado mucho en la obra precortesiana. Esa vasija de corazones que est\u00e1 en la sala Azteca (del Museo Nacional de Antropolog\u00eda)&#8230; qu\u00e9 barbaridad, qu\u00e9 escultores<\/q>. Incluso, lleg\u00f3 a decir que la obra de sus antepasados se aventajaba\u00a0<q>porque, adem\u00e1s, son conceptos, son figuraciones, son mundos en peque\u00f1os s\u00edmbolos<\/q>.<\/p>\n<p>La artista esculpi\u00f3\u00a0<q>monta\u00f1as, r\u00edos y nubes<\/q>; tambi\u00e9n ten\u00eda\u00a0<q>obsesi\u00f3n<\/q>\u00a0por las calaveras, por los tzompantlis, adem\u00e1s de hacer puertas que no van a ning\u00fan lado. La piedra y el hierro eran sus materiales favoritos. Para\u00a0<em>Nube\u00a0<\/em>(1973), escultura exhibida en el Museo de Arte Moderno (MAM), emple\u00f3 una piedra que vio, que la llam\u00f3 y que le cost\u00f3 mucho trabajo comprar, porque no se la quer\u00edan vender. En el jard\u00edn escult\u00f3rico del recinto tambi\u00e9n exhiben sus obras<em>\u00a0R\u00edo Papaloapan\u00a0<\/em>(1970) y\u00a0<em>Aguaje\u00a0<\/em>(2002). En un principio tallaba directamente la piedra.<\/p>\n<p>Como parte de los trabajos del proyecto Chapultepec Naturaleza y Cultura, el MAM realiz\u00f3 la limpieza de\u00a0<em>R\u00edo Papaloapan\u00a0<\/em>y la renovaci\u00f3n de contenidos y cedulario en braille y en lengua de se\u00f1as mexicana de \u00e9sta obra y de\u00a0<em>Aguaje.<\/em><\/p>\n<\/div>\n<\/div>\n<div class=\"go gui\">\n<div class=\"go-up\"><\/div>\n<\/div>\n<\/div>\n<div id=\"taboola-below-content-thumbnails\" class=\" trc_related_container trc_spotlight_widget tbl-feed-container tbl-feed-frame-DIVIDER  render-late-effect\" data-feed-container-num=\"1\" data-feed-main-container-id=\"taboola-below-content-thumbnails\" data-parent-placement-name=\"Below Content Thumbnails\" data-pub-lang=\"es\">\n<div class=\" tbl-feed-header tbl-logo-right-position\">\n<div class=\"tbl-feed-header-logo\"><\/div>\n<\/div>\n<\/div>\n","protected":false},"excerpt":{"rendered":"<p>La escultura es un arte vivo, sosten\u00eda \u00c1ngela Gurr\u00eda; falleci\u00f3 ayer a los 93 a\u00f1os Autora de\u00a0Se\u00f1ales,\u00a0emblem\u00e1tica obra de la Ruta de la Amistad, fue la primera mujer en ingresar a la Academia de las Artes, en 1973 \/\/ Se le rendir\u00e1 homenaje, inform\u00f3 la SC federal Merry MacMasters La Jornada La escultora \u00c1ngela Gurr\u00eda [&hellip;]<\/p>\n","protected":false},"author":249,"featured_media":31192,"comment_status":"open","ping_status":"closed","sticky":false,"template":"","format":"standard","meta":{"footnotes":""},"categories":[26],"tags":[],"class_list":["post-31191","post","type-post","status-publish","format-standard","has-post-thumbnail","hentry","category-mundo"],"_links":{"self":[{"href":"https:\/\/eloficiodehistoriar.com.mx\/index.php?rest_route=\/wp\/v2\/posts\/31191","targetHints":{"allow":["GET"]}}],"collection":[{"href":"https:\/\/eloficiodehistoriar.com.mx\/index.php?rest_route=\/wp\/v2\/posts"}],"about":[{"href":"https:\/\/eloficiodehistoriar.com.mx\/index.php?rest_route=\/wp\/v2\/types\/post"}],"author":[{"embeddable":true,"href":"https:\/\/eloficiodehistoriar.com.mx\/index.php?rest_route=\/wp\/v2\/users\/249"}],"replies":[{"embeddable":true,"href":"https:\/\/eloficiodehistoriar.com.mx\/index.php?rest_route=%2Fwp%2Fv2%2Fcomments&post=31191"}],"version-history":[{"count":1,"href":"https:\/\/eloficiodehistoriar.com.mx\/index.php?rest_route=\/wp\/v2\/posts\/31191\/revisions"}],"predecessor-version":[{"id":31193,"href":"https:\/\/eloficiodehistoriar.com.mx\/index.php?rest_route=\/wp\/v2\/posts\/31191\/revisions\/31193"}],"wp:featuredmedia":[{"embeddable":true,"href":"https:\/\/eloficiodehistoriar.com.mx\/index.php?rest_route=\/wp\/v2\/media\/31192"}],"wp:attachment":[{"href":"https:\/\/eloficiodehistoriar.com.mx\/index.php?rest_route=%2Fwp%2Fv2%2Fmedia&parent=31191"}],"wp:term":[{"taxonomy":"category","embeddable":true,"href":"https:\/\/eloficiodehistoriar.com.mx\/index.php?rest_route=%2Fwp%2Fv2%2Fcategories&post=31191"},{"taxonomy":"post_tag","embeddable":true,"href":"https:\/\/eloficiodehistoriar.com.mx\/index.php?rest_route=%2Fwp%2Fv2%2Ftags&post=31191"}],"curies":[{"name":"wp","href":"https:\/\/api.w.org\/{rel}","templated":true}]}}