{"id":31194,"date":"2023-02-18T13:19:11","date_gmt":"2023-02-18T19:19:11","guid":{"rendered":"https:\/\/eloficiodehistoriar.com.mx\/?p=31194"},"modified":"2023-02-18T13:19:11","modified_gmt":"2023-02-18T19:19:11","slug":"tres-decadas-de-trabajo-para-que-jorge-drexler-llegara-al-concierto-mas-grande-de-su-carrera","status":"publish","type":"post","link":"https:\/\/eloficiodehistoriar.com.mx\/?p=31194","title":{"rendered":"Tres d\u00e9cadas de trabajo para que Jorge Drexler llegara al concierto m\u00e1s grande de su carrera."},"content":{"rendered":"<div id=\"article-cont\" class=\"main-cont article-cont actuality\">\n<div class=\"cabeza\">Con la pandemia aprendimos que no somos el centro del universo, afirma Jorge Drexler<\/div>\n<div class=\"sumarios\">\n<p>El cantante se present\u00f3 la noche del jueves ante 10 mil personas en el Auditorio Nacional<\/p>\n<\/div>\n<div id=\"article-text\" class=\"text\">\n<div class=\"foto\">\n<div class=\"pie-foto\"><q>Estoy tan contento de que esta historia de amor con M\u00e9xico se haya dado de manera gradual<\/q>, se\u00f1al\u00f3 el m\u00fasico uruguayo al t\u00e9rmino de la canci\u00f3n\u00a0<em>El plan maestro<\/em>.<\/div>\n<div><\/div>\n<div class=\"pie-foto\">Juan Ibarra<\/div>\n<\/div>\n<div class=\"col col1\">\n<div class=\"credito-titulo\"><\/div>\n<div class=\"hemero\">La Jornada<\/p>\n<\/div>\n<p class=\"s-s\">Tres d\u00e9cadas de trabajo fueron necesarias para que Jorge Drexler llegara al concierto m\u00e1s grande de su carrera. En un Auditorio Nacional repleto y a oscuras, la voz de una mujer comenz\u00f3 a escucharse reverberando en todo el lugar. Sus palabras hablaban de amor y de ciencia, de evoluci\u00f3n, de vida, y de c\u00f3mo todo eso est\u00e1 conectado entre s\u00ed, como un pre\u00e1mbulo que anunciaba el rumbo que la presentaci\u00f3n tomar\u00eda. El p\u00fablico ansioso gritaba emocionado durante los minutos previos, manifestando sus mensajes de cari\u00f1o desde todos los rincones del lugar.<\/p>\n<p>De pronto la voz de la mujer call\u00f3, mientras percusiones y sintetizador iban trazando ya la forma que tomar\u00eda la primera canci\u00f3n. Entonces Drexler entr\u00f3 al centro del escenario corriendo para ser recibido por una cari\u00f1osa algarab\u00eda que \u00e9l correspondi\u00f3 inclin\u00e1ndose, se encontraba ante 10 mil personas celebr\u00e1ndolo.\u00a0<q>Estoy tan contento de que esta historia de amor con M\u00e9xico se haya dado de manera gradual, de escaloncito a escaloncito, hasta llegar hoy aqu\u00ed, a este templo maravilloso de la m\u00fasica y del arte que tienen ustedes<\/q>, pronunci\u00f3 el m\u00fasico apenas termin\u00f3 de interpretar\u00a0<em>El plan maestro<\/em>.<\/p>\n<p>Entre la primera vez que el uruguayo se present\u00f3 en M\u00e9xico y su m\u00e1s reciente actuaci\u00f3n hay m\u00e1s de 20 a\u00f1os de diferencia, que se acent\u00faan todav\u00eda m\u00e1s al comparar a las 22 personas que fueron a verlo entonces y las 10 mil que abarrotaron el Auditorio Nacional el pasado jueves. La conciencia de ese contraste mantendr\u00eda al cantante at\u00f3nito y alegre durante todo su concierto.<\/p>\n<p class=\"sumario\"><q>\u00a1Te amo!<\/q><\/p>\n<p class=\"s-s\">En el Auditorio Nacional la emoci\u00f3n no cesaba. Cada canci\u00f3n que Drexler ofrec\u00eda era festejada con un estruendo del que, de vez en cuando, se escapaba alg\u00fan\u00a0<q>\u00a1te amo!<\/q>\u00a0que lograba completar su recorrido hasta los o\u00eddos del cantante.\u00a0<q>Yo tambi\u00e9n los amo<\/q>, respond\u00eda felizmente. El romance se apoder\u00f3 de la primera parte del concierto, logrando que los asistentes abandonaran definitivamente sus asientos y sumaran sus voces tanto a las melod\u00edas m\u00e1s nuevas como las m\u00e1s longevas.\u00a0<q>De la misma manera en que uno va cambiando con el paso del tiempo, tambi\u00e9n van cambiando sus canciones<\/q>, indic\u00f3 haciendo referencia a las contradicciones argumentales entre\u00a0<em>Coraz\u00f3n impar<\/em>\u00a0y\u00a0<em>Fusi\u00f3n<\/em>.<\/p>\n<p>Drexler tambi\u00e9n se dio el tiempo de explicar el mecanismo de algunas de sus canciones. Antes de tocar\u00a0<em>Era de amar<\/em>, cont\u00f3 que el tema surgi\u00f3 en una \u00e9poca en que \u00e9l estaba obsesionado con la complejidad de la m\u00fasica, por eso su base r\u00edtmica es muy peculiar.\u00a0<q>Tum-tum-p\u00e1, tum-tum-p\u00e1, tum-tum-p\u00e1<\/q>, ilustr\u00f3 el cantante para pedir al p\u00fablico su acompa\u00f1amiento. A poco de terminar, la melod\u00eda se mezcl\u00f3 con la letra de\u00a0<em>Puente<\/em>, de Gustavo Cerati, a quien el uruguayo rindi\u00f3 homenaje con el gesto.<\/p>\n<p><em>Salvapantallas<\/em>,\u00a0<em>Asilo<\/em>,\u00a0<em>Milonga del moro jud\u00edo<\/em>\u00a0y varias m\u00e1s sonaron tambi\u00e9n. El p\u00fablico incluso pudo escuchar a Drexler rapear en ingl\u00e9s cuando lleg\u00f3 el momento de tocar\u00a0<em>\u00a1Oh, algoritmo!<\/em>\u00a0<q>Est\u00e1n teniendo una combinaci\u00f3n de amor, de participaci\u00f3n y de silencio que es absolutamente maravillosa, muchas gracias<\/q>, reconoci\u00f3 el cantante. Drexler hab\u00eda logrado convivir de una forma casi \u00edntima por medio de su m\u00fasica, aumentando y disminuyendo la intensidad de la energ\u00eda.<\/p>\n<\/div>\n<div class=\"col col2\">\n<p><q>Hagamos de cuenta que estamos en el sal\u00f3n de casa<\/q>, pidi\u00f3 el uruguayo, pero en lugar de eso, del p\u00fablico comenzaron a surgir peticiones. Drexler complaci\u00f3 con\u00a0<em>Pongamos que hablo<\/em>\u00a0<em>de Mart\u00ednez<\/em>, un tema que le compuso a Joaqu\u00edn Sabina. Adem\u00e1s record\u00f3 que a\u00f1os atr\u00e1s \u00e9l mismo hab\u00eda acudido como p\u00fablico del Auditorio Nacional para ver a ese padrino musical al que ahora le cantaba.<\/p>\n<p class=\"sumario\">Experiencias e influencias<\/p>\n<p class=\"s-s\">Las canciones de Jorge Drexler est\u00e1n escritas desde una lograda mezcla que concentra las cosas que llaman su atenci\u00f3n, sus experiencias y sus influencias; mismas que el uruguayo no duda en revelar a sus seguidores.\u00a0<q>\u00bfPor qu\u00e9 la portada del disco es toda blanca?, \u00bfpor qu\u00e9 el escenario es todo blanco? Porque fue una batalla muy dura contra la hoja en blanco durante la pandemia. Me cost\u00f3 mucho escribir. Habitualmente la que ganaba siempre era la hoja en blanco, y muy pocas veces consegu\u00eda romper ese vac\u00edo, ese precipicio, en la posibilidad infinita. De a poco fui ganando algunas batallas, gan\u00e9 10, y esas son las diez que suceden y que mostramos en el disco<\/q>, cont\u00f3 en el ecuador del concierto.<\/p>\n<p>Euf\u00f3rico, Drexler tambi\u00e9n manifest\u00f3 que esa noche qued\u00f3 grabada en sus retinas la imagen del p\u00fablico en el Auditorio Nacional encendiendo sus l\u00e1mparas para acompa\u00f1arlo en\u00a0<em>Soledad<\/em>, tambi\u00e9n tocada a petici\u00f3n de alguien. Hacia el final de la presentaci\u00f3n, el cantante sorprendi\u00f3 con unos toques de m\u00fasica jarocha a cargo de un cuarteto originario de la regi\u00f3n del Sotavento.\u00a0<em>Todo se transforma<\/em>\u00a0retumb\u00f3 a miles de voces, lo mismo que canciones previas como\u00a0<em>Tocarte<\/em>\u00a0y\u00a0<em>Telefon\u00eda<\/em>.<\/p>\n<p><q>Si aprendimos algo de la pandemia es que no somos m\u00e1s que un bicho, tampoco menos. No somos el centro del universo, es importante que nos demos cuenta de que m\u00e1s all\u00e1 de todas las narrativas que hemos tenido como especie, siempre nos hemos puesto en el centro, no lo estamos. Ni en el centro de las especies, ni en el centro del planeta, ni siquiera nuestro planeta est\u00e1 en el centro del Sistema Solar; ni siquiera el Sistema Solar est\u00e1 en el centro de la galaxia<\/q>, se\u00f1al\u00f3 en una de las \u00faltimas pausas,\u00a0<q>saber que somos del todo apenas una parte, a ver si nos ense\u00f1a a cuidar un poquito m\u00e1s esta maravilla que tenemos que es la biosfera, que es nuestra, y de la cual somos s\u00f3lo una partecita<\/q>.<\/p>\n<p>El folclor mexicano volver\u00eda a aparecer con\u00a0<em>Luna de Rasqu\u00ed<\/em>\u00a0y\u00a0<em>Amor al arte<\/em>, tema que con el que Jorge Drexler despidi\u00f3 su concierto m\u00e1s grande hasta la fecha.<\/p>\n<\/div>\n<\/div>\n<div class=\"go gui\">\n<div class=\"go-up\"><\/div>\n<\/div>\n<\/div>\n<div id=\"taboola-below-content-thumbnails\" class=\" trc_related_container trc_spotlight_widget tbl-feed-container tbl-feed-frame-DIVIDER  render-late-effect\" data-feed-container-num=\"1\" data-feed-main-container-id=\"taboola-below-content-thumbnails\" data-parent-placement-name=\"Below Content Thumbnails\" data-pub-lang=\"es\">\n<div class=\" tbl-feed-header tbl-logo-right-position\">\n<div class=\"tbl-feed-header-logo\"><\/div>\n<\/div>\n<\/div>\n","protected":false},"excerpt":{"rendered":"<p>Con la pandemia aprendimos que no somos el centro del universo, afirma Jorge Drexler El cantante se present\u00f3 la noche del jueves ante 10 mil personas en el Auditorio Nacional Estoy tan contento de que esta historia de amor con M\u00e9xico se haya dado de manera gradual, se\u00f1al\u00f3 el m\u00fasico uruguayo al t\u00e9rmino de la [&hellip;]<\/p>\n","protected":false},"author":249,"featured_media":31196,"comment_status":"open","ping_status":"closed","sticky":false,"template":"","format":"standard","meta":{"footnotes":""},"categories":[26],"tags":[],"class_list":["post-31194","post","type-post","status-publish","format-standard","has-post-thumbnail","hentry","category-mundo"],"_links":{"self":[{"href":"https:\/\/eloficiodehistoriar.com.mx\/index.php?rest_route=\/wp\/v2\/posts\/31194","targetHints":{"allow":["GET"]}}],"collection":[{"href":"https:\/\/eloficiodehistoriar.com.mx\/index.php?rest_route=\/wp\/v2\/posts"}],"about":[{"href":"https:\/\/eloficiodehistoriar.com.mx\/index.php?rest_route=\/wp\/v2\/types\/post"}],"author":[{"embeddable":true,"href":"https:\/\/eloficiodehistoriar.com.mx\/index.php?rest_route=\/wp\/v2\/users\/249"}],"replies":[{"embeddable":true,"href":"https:\/\/eloficiodehistoriar.com.mx\/index.php?rest_route=%2Fwp%2Fv2%2Fcomments&post=31194"}],"version-history":[{"count":1,"href":"https:\/\/eloficiodehistoriar.com.mx\/index.php?rest_route=\/wp\/v2\/posts\/31194\/revisions"}],"predecessor-version":[{"id":31197,"href":"https:\/\/eloficiodehistoriar.com.mx\/index.php?rest_route=\/wp\/v2\/posts\/31194\/revisions\/31197"}],"wp:featuredmedia":[{"embeddable":true,"href":"https:\/\/eloficiodehistoriar.com.mx\/index.php?rest_route=\/wp\/v2\/media\/31196"}],"wp:attachment":[{"href":"https:\/\/eloficiodehistoriar.com.mx\/index.php?rest_route=%2Fwp%2Fv2%2Fmedia&parent=31194"}],"wp:term":[{"taxonomy":"category","embeddable":true,"href":"https:\/\/eloficiodehistoriar.com.mx\/index.php?rest_route=%2Fwp%2Fv2%2Fcategories&post=31194"},{"taxonomy":"post_tag","embeddable":true,"href":"https:\/\/eloficiodehistoriar.com.mx\/index.php?rest_route=%2Fwp%2Fv2%2Ftags&post=31194"}],"curies":[{"name":"wp","href":"https:\/\/api.w.org\/{rel}","templated":true}]}}