{"id":31202,"date":"2023-02-18T13:32:07","date_gmt":"2023-02-18T19:32:07","guid":{"rendered":"https:\/\/eloficiodehistoriar.com.mx\/?p=31202"},"modified":"2023-02-18T13:32:07","modified_gmt":"2023-02-18T19:32:07","slug":"jurgen-habermas-dusseldorf-alemania-1929-sociologo-y-filosofo-aleman","status":"publish","type":"post","link":"https:\/\/eloficiodehistoriar.com.mx\/?p=31202","title":{"rendered":"J\u00fcrgen Habermas  (D\u00fcsseldorf, Alemania, 1929) Soci\u00f3logo y fil\u00f3sofo alem\u00e1n"},"content":{"rendered":"<h1>J\u00fcrgen Habermas<\/h1>\n<p class=\"biog\">(D\u00fcsseldorf, Alemania, 1929) Soci\u00f3logo y fil\u00f3sofo alem\u00e1n. Principal representante de la \u00absegunda generaci\u00f3n\u00bb de la Escuela de Frankfurt, entre 1955 y 1959 trabaj\u00f3 en el Instituto de Investigaci\u00f3n Social de la ciudad. Ense\u00f1\u00f3 filosof\u00eda en Heidelberg y sociolog\u00eda en Frankfurt, y dirigi\u00f3 el Instituto Max Planck de Starnberg entre 1971 y 1980. En 1983 obtuvo la c\u00e1tedra de Filosof\u00eda y Sociolog\u00eda en la Universidad de Frankfurt.<\/p>\n<p class=\"biog\">Heredero de la \u00abdial\u00e9ctica de la ilustraci\u00f3n\u00bb de\u00a0<a href=\"https:\/\/www.biografiasyvidas.com\/biografia\/a\/adorno.htm\">Theodor W. Adorno<\/a>\u00a0y\u00a0<a href=\"https:\/\/www.biografiasyvidas.com\/biografia\/h\/horkheimer.htm\">Max Horkheimer<\/a>\u00a0en su proyecto sociol\u00f3gico y filos\u00f3fico de una reflexi\u00f3n moral sobre el desarrollo del capitalismo avanzado, Habermas propuso un\u00a0<a href=\"https:\/\/www.biografiasyvidas.com\/monografia\/marx\/marxismo.htm\">marxismo<\/a>\u00a0no ortodoxo que abandona la idea marxista de una organizaci\u00f3n exclusivamente productivista de la sociedad, causa de un empobrecimiento de la esfera vital.<\/p>\n<p class=\"biog\">Su obra filos\u00f3fica trata de recuperar un punto de contacto entre teor\u00eda y praxis, frente a la pretendida neutralidad de los saberes positivos y cient\u00edficos. Seg\u00fan Habermas, no es posible una objetividad ajena a valores e intereses, raz\u00f3n por la cual aquellos saberes resultan reductores, en la medida en que se basan en una raz\u00f3n meramente instrumental. Resultado de ello, siguiendo su cr\u00edtica, es la creciente burocratizaci\u00f3n de la sociedad a todos los niveles y la despolitizaci\u00f3n de los ciudadanos.<\/p>\n<p class=\"biog\">A trav\u00e9s del proyecto de una racionalidad discursiva, que contrapone a la tecnol\u00f3gica, Habermas indica, en una teor\u00eda de la acci\u00f3n comunicativa, el m\u00e9todo para escapar a la continua desvalorizaci\u00f3n de lo vivido. Las acciones comunicativas, al contrario de las de tipo instrumental o estrat\u00e9gico, no se basan en la estructura de la actividad dedicada a un objetivo. En ellas los proyectos de acci\u00f3n de los participantes se coordinan con actos de comprensi\u00f3n, que se basan en el supuesto de un entendimiento posible y en una coincidencia de sus proyectos vitales. Esta \u00abraz\u00f3n comunicativa\u00bb, fundamentada en el car\u00e1cter intersubjetivo y consensual de todo saber, devolver\u00eda a la sociedad el control cr\u00edtico y la orientaci\u00f3n consciente de fines y valores respecto de sus propios procesos.<\/p>\n<p class=\"biog\">Entre sus principales escritos destacan\u00a0<i>Historia y cr\u00edtica de la opini\u00f3n p\u00fablica<\/i>\u00a0(1962),\u00a0<i>Teor\u00eda y pr\u00e1ctica<\/i>\u00a0(1963),\u00a0<i>La l\u00f3gica de las ciencias sociales<\/i>\u00a0(1967),\u00a0<i>Conocimiento e inter\u00e9s<\/i>\u00a0(1968),\u00a0<i>Ciencia y t\u00e9cnica como ideolog\u00eda<\/i>\u00a0(1968),\u00a0<i>Cultura y cr\u00edtica<\/i>\u00a0(1973),\u00a0<i>La crisis de la racionalidad en el capitalismo evolucionado<\/i>\u00a0(1973),\u00a0<i>La reconstrucci\u00f3n del materialismo hist\u00f3rico<\/i>\u00a0(1976),\u00a0<i>Teor\u00eda de la acci\u00f3n comunicativa<\/i>\u00a0(1981),\u00a0<i>Conciencia moral y acci\u00f3n comunicativa<\/i>\u00a0(1983) y\u00a0<i>El discurso filos\u00f3fico de la modernidad<\/i>\u00a0(1985). En 2003 le fue concedido el Premio Pr\u00edncipe de Asturias de Ciencias Sociales y en 2005 el Premio Holberg.<\/p>\n<p class=\"citar\">\nFern\u00e1ndez, Tom\u00e1s y Tamaro, Elena.<\/p>\n","protected":false},"excerpt":{"rendered":"<p>J\u00fcrgen Habermas (D\u00fcsseldorf, Alemania, 1929) Soci\u00f3logo y fil\u00f3sofo alem\u00e1n. Principal representante de la \u00absegunda generaci\u00f3n\u00bb de la Escuela de Frankfurt, entre 1955 y 1959 trabaj\u00f3 en el Instituto de Investigaci\u00f3n Social de la ciudad. Ense\u00f1\u00f3 filosof\u00eda en Heidelberg y sociolog\u00eda en Frankfurt, y dirigi\u00f3 el Instituto Max Planck de Starnberg entre 1971 y 1980. En [&hellip;]<\/p>\n","protected":false},"author":249,"featured_media":31203,"comment_status":"open","ping_status":"closed","sticky":false,"template":"","format":"standard","meta":{"footnotes":""},"categories":[26],"tags":[],"class_list":["post-31202","post","type-post","status-publish","format-standard","has-post-thumbnail","hentry","category-mundo"],"_links":{"self":[{"href":"https:\/\/eloficiodehistoriar.com.mx\/index.php?rest_route=\/wp\/v2\/posts\/31202","targetHints":{"allow":["GET"]}}],"collection":[{"href":"https:\/\/eloficiodehistoriar.com.mx\/index.php?rest_route=\/wp\/v2\/posts"}],"about":[{"href":"https:\/\/eloficiodehistoriar.com.mx\/index.php?rest_route=\/wp\/v2\/types\/post"}],"author":[{"embeddable":true,"href":"https:\/\/eloficiodehistoriar.com.mx\/index.php?rest_route=\/wp\/v2\/users\/249"}],"replies":[{"embeddable":true,"href":"https:\/\/eloficiodehistoriar.com.mx\/index.php?rest_route=%2Fwp%2Fv2%2Fcomments&post=31202"}],"version-history":[{"count":1,"href":"https:\/\/eloficiodehistoriar.com.mx\/index.php?rest_route=\/wp\/v2\/posts\/31202\/revisions"}],"predecessor-version":[{"id":31204,"href":"https:\/\/eloficiodehistoriar.com.mx\/index.php?rest_route=\/wp\/v2\/posts\/31202\/revisions\/31204"}],"wp:featuredmedia":[{"embeddable":true,"href":"https:\/\/eloficiodehistoriar.com.mx\/index.php?rest_route=\/wp\/v2\/media\/31203"}],"wp:attachment":[{"href":"https:\/\/eloficiodehistoriar.com.mx\/index.php?rest_route=%2Fwp%2Fv2%2Fmedia&parent=31202"}],"wp:term":[{"taxonomy":"category","embeddable":true,"href":"https:\/\/eloficiodehistoriar.com.mx\/index.php?rest_route=%2Fwp%2Fv2%2Fcategories&post=31202"},{"taxonomy":"post_tag","embeddable":true,"href":"https:\/\/eloficiodehistoriar.com.mx\/index.php?rest_route=%2Fwp%2Fv2%2Ftags&post=31202"}],"curies":[{"name":"wp","href":"https:\/\/api.w.org\/{rel}","templated":true}]}}