{"id":31209,"date":"2023-02-19T12:37:06","date_gmt":"2023-02-19T18:37:06","guid":{"rendered":"https:\/\/eloficiodehistoriar.com.mx\/?p=31209"},"modified":"2023-02-19T12:37:06","modified_gmt":"2023-02-19T18:37:06","slug":"el-asta-de-50-m-se-coloco-en-1952-y-en-1957-el-zocalo-en-su-aspecto-actual-1999-la-bandera-monumentales","status":"publish","type":"post","link":"https:\/\/eloficiodehistoriar.com.mx\/?p=31209","title":{"rendered":"El asta, de 50 m. se coloc\u00f3 en 1952 y en 1957, el Z\u00f3calo en su aspecto actual. 1999, la bandera monumentales."},"content":{"rendered":"<div id=\"article-cont\" class=\"main-cont article-cont analysis\">\n<div class=\"cabeza\">Querido s\u00edmbolo nacional<\/div>\n<div class=\"sumarios\"><\/div>\n<div class=\"credito-articulo\">\u00c1ngeles Gonz\u00e1lez Gamio<\/div>\n<div><\/div>\n<div id=\"article-text\" class=\"text tbl-forkorts-article\">\n<div class=\"col\">\n<div class=\"inicial\">El pr\u00f3ximo d\u00eda 24 se conmemora el D\u00eda de la Bandera, entra\u00f1able s\u00edmbolo nacional que une a todos los mexicanos, por lo que en todo el pa\u00eds se van a realizar solemnes ceremonias. Alguna vez comentamos que el caso del l\u00e1baro patrio, por fortuna, no es como el de muchas mamacitas, que las festejan el 10 de mayo y el resto no les echan un lazo.<\/div>\n<p>A la bandera todos los d\u00edas le rinden homenaje, entre otros sitios, en el Z\u00f3calo capitalino, en las emocionantes ceremonias de izamiento y arriamiento de la bandera que se llevan a cabo a las ocho de la ma\u00f1ana y a las seis de la tarde. Al toque de tambores, tras emotivo saludo, es bajada lentamente y un grupo de soldados doblan con elaborado ritual el inmenso lienzo en un alarde de maestr\u00eda, para escoltarla con solemnidad a su nicho en el interior del Palacio Nacional. Pesa m\u00e1s de 200 kilos, por lo que, a pesar de contar con un mecanismo el\u00e9ctrico que la sube y baja, se necesitan 15 militares para doblarla y cargarla.<\/p>\n<p>El asta, de 50 metros de altura, se coloc\u00f3 en 1952 y fue hasta 1957 que la plancha del Z\u00f3calo adquiri\u00f3 su aspecto actual. Sin embargo, el protagonismo que guarda ahora se dio a partir de la creaci\u00f3n, en 1999, de las llamadas\u00a0<q>banderas monumentales<\/q>.<\/p>\n<p>Estos emblemas tienen un rico antecedente hist\u00f3rico en nuestro pa\u00eds, ya que eran utilizadas por los ej\u00e9rcitos prehisp\u00e1nicos. Los tlaxcaltecas, los aztecas y tecpanecas mostraban s\u00edmbolos del Estado o de los jefes militares en sus banderas. Los cronistas espa\u00f1oles las describen con admiraci\u00f3n. El estandarte azteca era impresionante por sus adornos de oro y plumas fin\u00edsimas de mil colores. Clavijero cuenta que el abanderado llevaba el palo del estandarte fuertemente atado a la espalda.<\/p>\n<p>Los estandartes de los tlaxcaltecas, que se aliaron a los conquistadores para dominar a los mexicas, impactaron al soldado que despu\u00e9s har\u00eda la excelsa cr\u00f3nica, Bernal D\u00edaz del Castillo, quien dice:\u00a0<q>Aparecieron con sus banderas tendidas; y el ave blanca que tienen por armas que parece \u00e1guila, con sus alas tendidas y tra\u00edan sus alf\u00e9rez revolando sus banderas y estandartes<\/q>.<\/p>\n<p>Los espa\u00f1oles, por su parte, ten\u00edan sus ense\u00f1as, entre las que resaltaba, seg\u00fan testimonio de Boturini,\u00a0<q>la que ten\u00eda pintada una efigie de Mar\u00eda Sant\u00edsima, coronada de oro y rodeada de 12 estrellas, con sus manos juntas, con que ruega a su hijo proteja y esfuerce a los espa\u00f1oles a subyugar el imperio idol\u00e1trico a la fe cat\u00f3lica<\/q>.<\/p>\n<p>Durante el virreinato no hubo una bandera oficial; algunos virreyes utilizaban alguna espa\u00f1ola o con una imagen religiosa. Fue hasta la Independencia que surgieron como s\u00edmbolo del nuevo pa\u00eds libre. El Supremo Consejo, reunido en Michoac\u00e1n, emiti\u00f3 en 1815 un decreto para crear tres ense\u00f1as; el decreto lo firm\u00f3 Jos\u00e9 Mar\u00eda Morelos. Fray Servando Teresa de Mier escribi\u00f3 en 1816 que la bandera utilizada por los insurgentes era\u00a0<q>blanca con la orillita azul, encarnada, amarilla y blanca y en medio el \u00e1guila y el nopal<\/q>.<\/p>\n<p>Los colores de nuestro actual pend\u00f3n aparecen por primera vez en manos de los que enarbolaban las tropas de Guadalupe Victoria. En 1821, Agust\u00edn de Iturbide mand\u00f3 confeccionar una bandera tricolor con una estrella en cada franja y, en la central, una corona imperial orlada con las palabras: Religi\u00f3n, Independencia y Uni\u00f3n, por lo que a esa bandera se le llam\u00f3 de las Tres Garant\u00edas. El blanco representaba la Iglesia, el verde la Independencia y el rojo la Uni\u00f3n.<\/p>\n<p>Consumada la Independencia, la Junta Provisional Gubernativa, por decreto del 2 de noviembre de 1821, orden\u00f3 un nuevo emblema tricolor, con el nopal y un \u00e1guila coronada en el centro. Dos a\u00f1os m\u00e1s tarde, por Ley del Congreso Constituyente, se le quit\u00f3 la corona al \u00e1guila y se le adorn\u00f3 con los s\u00edmbolos republicanos de las ramas de encino y laurel.<\/p>\n<p>En lo sucesivo tuvo pocos cambios; uno de los m\u00e1s relevantes fue el que realiz\u00f3 Venustiano Carranza quien, prestando atenci\u00f3n a un ensayo de Manuel Gamio \u2013publicado en su libro\u00a0<em>Forjando Patria<\/em>\u00a0(Porr\u00faa 1915)\u2013 mand\u00f3 cambiar el \u00e1guila europea por la mexicana, que ahora luce la bandera nacional.<\/p>\n<p>Me parece que hay que festejar nuestro querido l\u00e1baro con comida mexicana y como es fin de mes y la patria personal est\u00e1 magra, vamos a comer unas buenas tortas al legendario Rey del Pavo, en la calle Palma 32. Obviamente la especialidad son las tortas de pavo y no cantan mal las rancheras las de ternera y las de bacalao. Una agua de guan\u00e1bana o una cervecita para acompa\u00f1ar.<\/p>\n<p class=\"email\">\n<\/div>\n<\/div>\n<\/div>\n<div id=\"taboola-below-content-thumbnails\" class=\" trc_related_container trc_spotlight_widget tbl-feed-container tbl-feed-frame-DIVIDER  render-late-effect\" data-feed-container-num=\"1\" data-feed-main-container-id=\"taboola-below-content-thumbnails\" data-parent-placement-name=\"Below Content Thumbnails\" data-pub-lang=\"es\">\n<div class=\" tbl-feed-header tbl-logo-right-position\">\n<div class=\"tbl-feed-header-logo\"><\/div>\n<\/div>\n<\/div>\n","protected":false},"excerpt":{"rendered":"<p>Querido s\u00edmbolo nacional \u00c1ngeles Gonz\u00e1lez Gamio El pr\u00f3ximo d\u00eda 24 se conmemora el D\u00eda de la Bandera, entra\u00f1able s\u00edmbolo nacional que une a todos los mexicanos, por lo que en todo el pa\u00eds se van a realizar solemnes ceremonias. Alguna vez comentamos que el caso del l\u00e1baro patrio, por fortuna, no es como el de [&hellip;]<\/p>\n","protected":false},"author":249,"featured_media":31210,"comment_status":"open","ping_status":"closed","sticky":false,"template":"","format":"standard","meta":{"footnotes":""},"categories":[26],"tags":[],"class_list":["post-31209","post","type-post","status-publish","format-standard","has-post-thumbnail","hentry","category-mundo"],"_links":{"self":[{"href":"https:\/\/eloficiodehistoriar.com.mx\/index.php?rest_route=\/wp\/v2\/posts\/31209","targetHints":{"allow":["GET"]}}],"collection":[{"href":"https:\/\/eloficiodehistoriar.com.mx\/index.php?rest_route=\/wp\/v2\/posts"}],"about":[{"href":"https:\/\/eloficiodehistoriar.com.mx\/index.php?rest_route=\/wp\/v2\/types\/post"}],"author":[{"embeddable":true,"href":"https:\/\/eloficiodehistoriar.com.mx\/index.php?rest_route=\/wp\/v2\/users\/249"}],"replies":[{"embeddable":true,"href":"https:\/\/eloficiodehistoriar.com.mx\/index.php?rest_route=%2Fwp%2Fv2%2Fcomments&post=31209"}],"version-history":[{"count":1,"href":"https:\/\/eloficiodehistoriar.com.mx\/index.php?rest_route=\/wp\/v2\/posts\/31209\/revisions"}],"predecessor-version":[{"id":31211,"href":"https:\/\/eloficiodehistoriar.com.mx\/index.php?rest_route=\/wp\/v2\/posts\/31209\/revisions\/31211"}],"wp:featuredmedia":[{"embeddable":true,"href":"https:\/\/eloficiodehistoriar.com.mx\/index.php?rest_route=\/wp\/v2\/media\/31210"}],"wp:attachment":[{"href":"https:\/\/eloficiodehistoriar.com.mx\/index.php?rest_route=%2Fwp%2Fv2%2Fmedia&parent=31209"}],"wp:term":[{"taxonomy":"category","embeddable":true,"href":"https:\/\/eloficiodehistoriar.com.mx\/index.php?rest_route=%2Fwp%2Fv2%2Fcategories&post=31209"},{"taxonomy":"post_tag","embeddable":true,"href":"https:\/\/eloficiodehistoriar.com.mx\/index.php?rest_route=%2Fwp%2Fv2%2Ftags&post=31209"}],"curies":[{"name":"wp","href":"https:\/\/api.w.org\/{rel}","templated":true}]}}