{"id":31215,"date":"2023-02-19T12:46:14","date_gmt":"2023-02-19T18:46:14","guid":{"rendered":"https:\/\/eloficiodehistoriar.com.mx\/?p=31215"},"modified":"2023-02-19T12:46:14","modified_gmt":"2023-02-19T18:46:14","slug":"contra-la-dictadura-de-lo-numeroso","status":"publish","type":"post","link":"https:\/\/eloficiodehistoriar.com.mx\/?p=31215","title":{"rendered":"Contra la dictadura de lo numeroso"},"content":{"rendered":"<h1 class=\"ljs-merri\">Edici\u00f3n y poes\u00eda: contra la dictadura de lo numeroso<\/h1>\n<p><span class=\"sem-autor\">Jos\u00e9 Mar\u00eda Espinasa<\/span><\/p>\n<div id=\"carouselSemControls\" class=\"carousel slide\" data-ride=\"carousel\">\n<div class=\"carousel-inner\">\n<div class=\"carousel-item active\">\n<div class=\"ljs-nota-img\">\n<p class=\"ljs-nota-pie\">En defensa de la labor que llevan a cabo las llamadas editoriales independientes de poes\u00eda, este art\u00edculo hace el encomio de algunas de ellas, sobrevivientes de la pandemia y de los rigores de una industria editorial despiadada (incluyendo las librer\u00edas), convencidas de la importancia de la difusi\u00f3n de la poes\u00eda, aunque, se afirma aqu\u00ed, poco a poco la \u201cbuena poes\u00eda se vuelve un asunto secreto\u201d.<\/p>\n<\/div>\n<\/div>\n<\/div>\n<\/div>\n<div class=\"ljs-nota-cuerpo\">\n<p>&nbsp;<\/p>\n<p>Hace unos treinta a\u00f1os los proyectos editoriales independientes decidieron hacer una apuesta peculiar: no ser ef\u00edmeros. Con muy distintos proyectos, capacidades y presupuestos El Tuc\u00e1n de Virginia, Verdehalago, Colibr\u00ed, Trilce, Ediciones Sin Nombre, Aldus, El Milagro y La Otra, vivieron a principios del siglo XXI un buen momento, pero muy pocos, a pesar de su calidad, aunque algunos siguen vivos y activos, consiguieron escapar a esa condici\u00f3n de fragilidad. El gran problema: la actitud de distribuidores y librer\u00edas. En ese camino algunos nuevos sellos como Almad\u00eda, Vaso Roto y Sexto Piso consiguieron, ellos s\u00ed, dejar ese espacio semioculto de los editores independientes.<\/p>\n<p>Sin embargo, no dejaron de existir otros proyectos que revindicaban una actitud no s\u00f3lo de resistencia, sino que incluso afirmaban como propias sus caracter\u00edsticas marginales y secretas, ef\u00edmeras y subterr\u00e1neas. Ahora hay una nueva cosecha de estas propuestas ligadas a una actitud admirable: difundir notables autores que est\u00e1n lejos de ese universo de los dos o tres mil ejemplares. Para ello han aprovechado las nuevas tecnolog\u00edas incorporando tambi\u00e9n aspectos artesanales y de dise\u00f1o muy elaborado. Son muchas y notables y a veces muy logradas (entre las recientes pienso en Bonobos o en La Di\u00e9resis); en esta nota quiero dejar constancia de algo en la misma direcci\u00f3n, pero distinto en algunos peque\u00f1os pero importantes detalles.<\/p>\n<p>El poeta Julio Eutiquio Sarabia, durante mucho tiempo editor de la revista\u00a0<i>Cr\u00edtica<\/i>\u00a0de la Universidad de Puebla, me env\u00eda dos libros suyos recientes, de los que me ocupar\u00e9 en otro momento, pero que me llevan a estas reflexiones. Uno de ellos est\u00e1 editado por Monte Carmelo, el heroico y maravilloso sello que, desde Comalcalco, Tabasco, sigue entregando de vez en cuando t\u00edtulos notables. All\u00ed han publicado poetas ya reconocidos como Juan Gelman, Hugo Mujica, Francisco Hern\u00e1ndez, David Huerta, Marco Antonio Campos, Jorge Esquinca, Mar\u00eda Baranda y Eduardo Mil\u00e1n, adem\u00e1s de los libros de su director y fundador, Francisco Maga\u00f1a. Libros de gran belleza y un exigente cat\u00e1logo que manejo de memoria pues creo que no tiene p\u00e1gina web (o no la encuentro). Su regreso de la pandemia llama la atenci\u00f3n: tres libros excepcionales:\u00a0<i>Salmos<\/i>,<i>\u00a0<\/i>de Francisco Segovia,\u00a0<i>La isla<\/i>, de Silvia Eugenia Castilleros, y Julio Eutiquio Sarabia con\u00a0<i>Don de la oblicuidad<\/i>. Monte Carmelo, pues, regresa a escena con un reparto notable. Est\u00e1n celebrando con ellos veinticinco a\u00f1os de existencia.<\/p>\n<p>El otro libro que me env\u00eda Julio Eutiquio esta publicado por Manosanta, editorial de Guadalajara, animada por Jorge Esquinca, Emmanuel Carballo y Luis Fernando Ortega, tres editores de probada eficacia y gusto, que llevan casi cuarenta a\u00f1os en el asunto, y el primero un notable poeta. El libro se llama\u00a0<i>Como una piedra roja en la ventana<\/i>. Todos los mencionados, editores y autores, pertenecen a una misma generaci\u00f3n, nacidos entre 1955 y 1965. He de confesar que de Manosanta no ten\u00eda noticia, aunque tiene ya casi diez a\u00f1os de existencia y, como s\u00ed tiene p\u00e1gina web para paliar mi ignorancia, me sorprende su labor. Su propuesta: tirajes de cien ejemplares en papel y los pdf a disposici\u00f3n en la red. Dicen que el riego por goteo ha vuelto zonas des\u00e9rticas un para\u00edso. Ojal\u00e1 que algo as\u00ed pasara en poes\u00eda y que los lectores buscaran estos libros \u2013son dif\u00edciles de encontrar en librer\u00eda, tal vez s\u00f3lo en Prof\u00e9tica, en la ciudad de Puebla, la mejor librer\u00eda del pa\u00eds, si va la Angel\u00f3polis no deje de visitarla\u2013 y terminaran volvi\u00e9ndose t\u00edtulos conocidos.<\/p>\n<p>Otro poeta de esa generaci\u00f3n, Alfonso D\u2019Aquino, tambi\u00e9n anima un proyecto similar \u2013bajo tiraje y disponibilidad digital\u2013 llamado Odradek, que ha publicado entre otros t\u00edtulos<i>\u00a0Mi osad\u00eda, mi osamenta<\/i>, de V\u00edctor Hugo Pi\u00f1a Williams, tambi\u00e9n contempor\u00e1neo suyo. \u00bfEs ya una tendencia? \u00bfLos poetas de los setenta deciden editar, como querr\u00eda Michaux, en tirajes adecuados a la lectura de poes\u00eda en nuestro tiempo?<\/p>\n<p>La dificultad de encontrar los ejemplares en papel en las librer\u00edas parece resuelta con la disponibilidad digital y a quienes les interese tenerlos en f\u00edsico tendr\u00e1n que ir en su b\u00fasqueda y convertirse en coleccionistas. Hace unos a\u00f1os, cuando apareci\u00f3\u00a0<i>359 Delicados (con filtro): antolog\u00eda de la poes\u00eda actual en M\u00e9xico<\/i>, los poetas-ant\u00f3logos Carlos L\u00f3pez Beltr\u00e1n y Pedro Serrano hicieron ver la dificultad de leer la poes\u00eda mexicana actual; sus libros no est\u00e1n en librer\u00edas y tampoco en bibliotecas, sino dispersos en la nueva oralidad que son las redes digitales y las ediciones de bajo tiraje. El fen\u00f3meno se traduce en otro s\u00edntoma: al poco tiempo de su aparici\u00f3n la edici\u00f3n en papel se agota para la venta y se vuelve muy cara por su escasez. La buena poes\u00eda se vuelve un asunto secreto.<\/p>\n<p>Habr\u00eda que pensar en una publicaci\u00f3n digital que hiciera circular esa informaci\u00f3n para que ese secreto, siendo secreto, sea compartido por un grupo, no necesariamente una secta. Hubo \u00e9pocas \u2013hace m\u00e1s o menos un siglo\u2013 en que una edici\u00f3n peque\u00f1a pod\u00eda sin embargo volver al poeta conocido en distintas latitudes. Hoy se supone que eso lo resuelve la red y no es as\u00ed. Que poetas reconocidos y premiados no s\u00f3lo publiquen en ediciones de (muy) baja circulaci\u00f3n, sino que adem\u00e1s impulsen proyectos editoriales que suponemos les dan una gran satisfacci\u00f3n, pues desde luego dividendos econ\u00f3micos no, es una \u2013otra\u2013 se\u00f1al del sentido que tiene la poes\u00eda como resistencia a ese dominio de lo numeroso que acaba por tener un costo m\u00e1s all\u00e1 de lo cultural.<\/p>\n<\/div>\n","protected":false},"excerpt":{"rendered":"<p>Edici\u00f3n y poes\u00eda: contra la dictadura de lo numeroso Jos\u00e9 Mar\u00eda Espinasa En defensa de la labor que llevan a cabo las llamadas editoriales independientes de poes\u00eda, este art\u00edculo hace el encomio de algunas de ellas, sobrevivientes de la pandemia y de los rigores de una industria editorial despiadada (incluyendo las librer\u00edas), convencidas de la [&hellip;]<\/p>\n","protected":false},"author":249,"featured_media":31216,"comment_status":"open","ping_status":"closed","sticky":false,"template":"","format":"standard","meta":{"footnotes":""},"categories":[26],"tags":[],"class_list":["post-31215","post","type-post","status-publish","format-standard","has-post-thumbnail","hentry","category-mundo"],"_links":{"self":[{"href":"https:\/\/eloficiodehistoriar.com.mx\/index.php?rest_route=\/wp\/v2\/posts\/31215","targetHints":{"allow":["GET"]}}],"collection":[{"href":"https:\/\/eloficiodehistoriar.com.mx\/index.php?rest_route=\/wp\/v2\/posts"}],"about":[{"href":"https:\/\/eloficiodehistoriar.com.mx\/index.php?rest_route=\/wp\/v2\/types\/post"}],"author":[{"embeddable":true,"href":"https:\/\/eloficiodehistoriar.com.mx\/index.php?rest_route=\/wp\/v2\/users\/249"}],"replies":[{"embeddable":true,"href":"https:\/\/eloficiodehistoriar.com.mx\/index.php?rest_route=%2Fwp%2Fv2%2Fcomments&post=31215"}],"version-history":[{"count":1,"href":"https:\/\/eloficiodehistoriar.com.mx\/index.php?rest_route=\/wp\/v2\/posts\/31215\/revisions"}],"predecessor-version":[{"id":31217,"href":"https:\/\/eloficiodehistoriar.com.mx\/index.php?rest_route=\/wp\/v2\/posts\/31215\/revisions\/31217"}],"wp:featuredmedia":[{"embeddable":true,"href":"https:\/\/eloficiodehistoriar.com.mx\/index.php?rest_route=\/wp\/v2\/media\/31216"}],"wp:attachment":[{"href":"https:\/\/eloficiodehistoriar.com.mx\/index.php?rest_route=%2Fwp%2Fv2%2Fmedia&parent=31215"}],"wp:term":[{"taxonomy":"category","embeddable":true,"href":"https:\/\/eloficiodehistoriar.com.mx\/index.php?rest_route=%2Fwp%2Fv2%2Fcategories&post=31215"},{"taxonomy":"post_tag","embeddable":true,"href":"https:\/\/eloficiodehistoriar.com.mx\/index.php?rest_route=%2Fwp%2Fv2%2Ftags&post=31215"}],"curies":[{"name":"wp","href":"https:\/\/api.w.org\/{rel}","templated":true}]}}