{"id":31227,"date":"2023-02-20T12:05:02","date_gmt":"2023-02-20T18:05:02","guid":{"rendered":"https:\/\/eloficiodehistoriar.com.mx\/?p=31227"},"modified":"2023-02-20T12:05:02","modified_gmt":"2023-02-20T18:05:02","slug":"el-retorno-de-la-principal-alegria-para-los-sambistas-aseguro-la-brasilena-taiza-marques-antes-de-empezar-a-desfilar-ayer-en-el-sambodromo-de-rio-de-janeiro-que-se-rencontro-con-su-carnaval-de-despa","status":"publish","type":"post","link":"https:\/\/eloficiodehistoriar.com.mx\/?p=31227","title":{"rendered":"El retorno de la principal alegr\u00eda para los sambistas, asegur\u00f3 la brasile\u00f1a Taiza Marques antes de empezar a desfilar ayer en el Samb\u00f3dromo de R\u00edo de Janeiro, que se rencontr\u00f3 con su Carnaval de desparpajo y total libertad tras la pandemia."},"content":{"rendered":"<div id=\"article-cont\" class=\"main-cont article-cont actuality\">\n<div class=\"cabeza\">Retorn\u00f3 el Carnaval a R\u00edo de Janeiro con su desparpajo y total libertad tras la pandemia<\/div>\n<div class=\"sumarios\">\n<p>Es la principal alegr\u00eda para los sambistas, dice una de las integrantes de una de las 12 escuelas que desfilan en el Samb\u00f3dromo \/\/ Festejan\u00a0<q>la vida y la democracia<\/q>, as\u00ed como el fin del gobierno de Bolsonaro<\/p>\n<\/div>\n<div id=\"article-text\" class=\"text\">\n<div class=\"foto\">\n<div class=\"pie-foto\">Afp<\/div>\n<\/div>\n<div class=\"col col1\">\n<div class=\"credito-titulo\"><\/div>\n<div class=\"hemero\">La Jornada<\/p>\n<\/div>\n<p class=\"s-s\">R\u00edo de Janeiro.<\/p>\n<p class=\"s-s\"><q>Este retorno es la principal alegr\u00eda para los sambistas<\/q>, asegur\u00f3 la brasile\u00f1a Taiza Marques antes de empezar a desfilar ayer en el Samb\u00f3dromo de R\u00edo de Janeiro, que se rencontr\u00f3 con su Carnaval de desparpajo y total libertad tras la pandemia.<\/p>\n<p>Vestida con un delicado sujetador amarillo y piedras verdes, esta guardia municipal, de 30 a\u00f1os, no escond\u00eda su emoci\u00f3n.\u00a0<q>Vamos a abrir los pases, va a ser el primer impacto para este p\u00fablico grandioso<\/q>, asegur\u00f3 esta integrante de la escuela Imperio Serrano a punto de subirse a una carroza gigante con m\u00faltiples cabezas de drag\u00f3n.<\/p>\n<p>Unas 70 mil almas recibieron con aplausos y v\u00edtores el primero de los desfiles que entre ayer y hoy electrizan la famosa pasarela del Samb\u00f3dromo. Lo har\u00e1n al vibrante ritmo de las percusiones y con la asombrosa creatividad de las\u00a0<em>escolas,<\/em>\u00a0que durante meses confeccionan con ah\u00ednco miles de ex\u00f3ticos disfraces.<\/p>\n<p><q>Va a ser un carnaval inolvidable<\/q>, adelant\u00f3 Iaraci Santos, de 64 a\u00f1os.\u00a0<q>Desfilo desde los siete a\u00f1os, pero cada vez que entro en la avenida es como si fuera la primera vez. Me dan ganas de llorar<\/q>, agreg\u00f3 esta enfermera ataviada con una americana blanca y verde, a conjunto con un gorro.<\/p>\n<p>Es que los brasile\u00f1os estuvieron este a\u00f1o m\u00e1s impacientes que nunca por celebrar su fiesta favorita despu\u00e9s de que la pandemia de covid-19 forzara la cancelaci\u00f3n de la edici\u00f3n de 2021 y restringiera la de 2022, celebrada excepcionalmente en abril.<\/p>\n<p>Muchos tambi\u00e9n festejan el fin del mandato del presidente ultraderechista Jair Bolsonaro, que recort\u00f3 fondos para la cultura y menospreci\u00f3 el carnaval.<\/p>\n<p>Su sucesor, el izquierdista Luiz In\u00e1cio Lula da Silva, prometi\u00f3 volver a dar alas a la cultura mientras su esposa,\u00a0<em>Janja,<\/em>\u00a0estuvo presente ayer en el carnaval de Salvador (noreste), seg\u00fan im\u00e1genes difundidas por la prensa local en las que se le ve bailar con una sonrisa de oreja a oreja.<\/p>\n<p class=\"sumario\">Doble felicidad<\/p>\n<p class=\"s-s\"><q>La felicidad es doble. Con este carnaval podemos celebrar el fin de ese gobierno (de Bolsonaro) y tambi\u00e9n dejamos atr\u00e1s los horrores de la pandemia<\/q>, que en Brasil dej\u00f3 unos 700 mil muertos, afirm\u00f3 a Afp Amanda Olivia, de 34 a\u00f1os, quien participar\u00e1 en el pase de la\u00a0<em>escola<\/em>\u00a0carioca Mangueira, en el que tambi\u00e9n desfilar\u00e1 la titular de Cultura, la cantante Margareth Menezes.<\/p>\n<\/div>\n<div class=\"col col2\">\n<p>R\u00edo celebrar\u00e1\u00a0<q>la vida y la democracia<\/q>, se\u00f1al\u00f3 el viernes el alcalde Eduardo Paes, al entregar simb\u00f3licamente las llaves de la ciudad al personaje del rey Momo, un simp\u00e1tico\u00a0<q>monarca<\/q>\u00a0que\u00a0<q>gobierna<\/q>\u00a0durante los cuatro d\u00edas de jolgorio.<\/p>\n<p>La alcald\u00eda estima que el Carnaval de R\u00edo, incluido el callejero que volvi\u00f3 a celebrarse plenamente en los barrios de la ciudad por primera vez en tres a\u00f1os, atraer\u00e1 en total a 5 millones de personas.<\/p>\n<p>En el Samb\u00f3dromo, 12 escuelas desfilan entre ayer y hoy: cada una con varios miles de personas que avanzar\u00e1n al un\u00edsono agitando hasta el \u00faltimo m\u00fasculo.<\/p>\n<p>Disponen de entre 60 y 70 minutos para convencer al jurado de que su\u00a0<q>enredo<\/q>, el nudo tem\u00e1tico que cada a\u00f1o eligen, es el mejor en cuanto a letra, percusi\u00f3n, trajes, carrozas y puesta en escena en general.<\/p>\n<p><q>Brasil no invent\u00f3 el carnaval, pero el pueblo se apeg\u00f3 de tal forma a la fiesta (&#8230;) que fue al rev\u00e9s: el carnaval invent\u00f3 un pa\u00eds posible y original<\/q>, escribi\u00f3 en Twitter el historiador brasile\u00f1o Luiz Antonio Simas.<\/p>\n<p>Los sondeos actuales confirman esta adhesi\u00f3n: la mayor\u00eda de los brasile\u00f1os son considerados\u00a0<q>fiesteros natos<\/q>\u00a0durante el carnaval, es decir, que no se lo pierden por nada del mundo, seg\u00fan un estudio de la plataforma Navegg citado por el diario Globo.<\/p>\n<p>Este a\u00f1o, sin embargo, el del estado de Sao Paulo qued\u00f3 ensombrecido por la tragedia: al menos 26 personas murieron el fin de semana por fuertes lluvias en el litoral norte, que acoge a miles de visitantes durante estas fechas.<\/p>\n<\/div>\n<\/div>\n<div class=\"go gui\">\n<div class=\"go-up\"><\/div>\n<\/div>\n<\/div>\n<div id=\"taboola-below-content-thumbnails\" class=\" trc_related_container trc_spotlight_widget tbl-feed-container tbl-feed-frame-DIVIDER  render-late-effect\" data-feed-container-num=\"1\" data-feed-main-container-id=\"taboola-below-content-thumbnails\" data-parent-placement-name=\"Below Content Thumbnails\" data-pub-lang=\"es\">\n<div class=\" tbl-feed-header tbl-logo-right-position\">\n<div class=\"tbl-feed-header-logo\"><\/div>\n<\/div>\n<\/div>\n","protected":false},"excerpt":{"rendered":"<p>Retorn\u00f3 el Carnaval a R\u00edo de Janeiro con su desparpajo y total libertad tras la pandemia Es la principal alegr\u00eda para los sambistas, dice una de las integrantes de una de las 12 escuelas que desfilan en el Samb\u00f3dromo \/\/ Festejan\u00a0la vida y la democracia, as\u00ed como el fin del gobierno de Bolsonaro Afp La [&hellip;]<\/p>\n","protected":false},"author":249,"featured_media":31228,"comment_status":"open","ping_status":"closed","sticky":false,"template":"","format":"standard","meta":{"footnotes":""},"categories":[26],"tags":[],"class_list":["post-31227","post","type-post","status-publish","format-standard","has-post-thumbnail","hentry","category-mundo"],"_links":{"self":[{"href":"https:\/\/eloficiodehistoriar.com.mx\/index.php?rest_route=\/wp\/v2\/posts\/31227","targetHints":{"allow":["GET"]}}],"collection":[{"href":"https:\/\/eloficiodehistoriar.com.mx\/index.php?rest_route=\/wp\/v2\/posts"}],"about":[{"href":"https:\/\/eloficiodehistoriar.com.mx\/index.php?rest_route=\/wp\/v2\/types\/post"}],"author":[{"embeddable":true,"href":"https:\/\/eloficiodehistoriar.com.mx\/index.php?rest_route=\/wp\/v2\/users\/249"}],"replies":[{"embeddable":true,"href":"https:\/\/eloficiodehistoriar.com.mx\/index.php?rest_route=%2Fwp%2Fv2%2Fcomments&post=31227"}],"version-history":[{"count":1,"href":"https:\/\/eloficiodehistoriar.com.mx\/index.php?rest_route=\/wp\/v2\/posts\/31227\/revisions"}],"predecessor-version":[{"id":31229,"href":"https:\/\/eloficiodehistoriar.com.mx\/index.php?rest_route=\/wp\/v2\/posts\/31227\/revisions\/31229"}],"wp:featuredmedia":[{"embeddable":true,"href":"https:\/\/eloficiodehistoriar.com.mx\/index.php?rest_route=\/wp\/v2\/media\/31228"}],"wp:attachment":[{"href":"https:\/\/eloficiodehistoriar.com.mx\/index.php?rest_route=%2Fwp%2Fv2%2Fmedia&parent=31227"}],"wp:term":[{"taxonomy":"category","embeddable":true,"href":"https:\/\/eloficiodehistoriar.com.mx\/index.php?rest_route=%2Fwp%2Fv2%2Fcategories&post=31227"},{"taxonomy":"post_tag","embeddable":true,"href":"https:\/\/eloficiodehistoriar.com.mx\/index.php?rest_route=%2Fwp%2Fv2%2Ftags&post=31227"}],"curies":[{"name":"wp","href":"https:\/\/api.w.org\/{rel}","templated":true}]}}