{"id":31230,"date":"2023-02-20T12:15:58","date_gmt":"2023-02-20T18:15:58","guid":{"rendered":"https:\/\/eloficiodehistoriar.com.mx\/?p=31230"},"modified":"2023-02-20T12:15:58","modified_gmt":"2023-02-20T18:15:58","slug":"se-conmemora-a-los-hablantes-indigenas-se-desarrollara-un-amplio-programa-de-actividades","status":"publish","type":"post","link":"https:\/\/eloficiodehistoriar.com.mx\/?p=31230","title":{"rendered":"se conmemora a los hablantes ind\u00edgenas, se desarrollar\u00e1 un amplio programa de actividades"},"content":{"rendered":"<div id=\"article-cont\" class=\"main-cont article-cont actuality\">\n<div class=\"cabeza\">Desde diversas disciplinas se conmemora a los hablantes ind\u00edgenas<\/div>\n<div class=\"sumarios\">\n<p>A partir de hoy se desarrollar\u00e1 un amplio programa de actividades en varias ciudades del pa\u00eds \/\/ Se unen al festejo el Metro y la Lotenal<\/p>\n<\/div>\n<div id=\"article-text\" class=\"text\">\n<div class=\"col col1\">\n<div class=\"credito-autor\">De La Redacci\u00f3n<\/div>\n<div class=\"credito-titulo\"><\/div>\n<div class=\"hemero\">La Jornada<\/p>\n<\/div>\n<p class=\"s-s\">Con motivo del D\u00eda Internacional de la Lengua Materna (DILM) 2023, que se conmemora ma\u00f1ana, se llevar\u00e1n a cabo diversas actividades, desde talleres, conversatorios, exposiciones, conferencias, c\u00e1psulas literarias, mesas de di\u00e1logo, presentaciones de libros, transmisiones de radio y televisi\u00f3n p\u00fablicas, as\u00ed como la cuarta Muestra de Cine en Lenguas Originarias.<\/p>\n<p>Este a\u00f1o, Mar\u00eda de Jes\u00fas Mart\u00ednez M\u00e9ndez, hablante de la lengua popoloca o ngiwa, dirigir\u00e1 un discurso en este idioma desde la tribuna de la C\u00e1mara de Diputados, al inicio de la sesi\u00f3n ordinaria, la cual se podr\u00e1 seguir a trav\u00e9s del Canal del Congreso y de su cuenta de YouTube.<\/p>\n<p>Se realizar\u00e1 tambi\u00e9n el conversatorio\u00a0<em>Retos y perspectivas para la implementaci\u00f3n del plan de acci\u00f3n en el \u00e1mbito educativo,<\/em>\u00a0que organiza el Instituto Nacional de Lenguas Ind\u00edgenas (Inali), con la participaci\u00f3n de hablantes de las cinco regiones etnoling\u00fcistas del pa\u00eds, que se llevar\u00e1 a cabo este lunes en el teatro Macedonio Alcal\u00e1 de la capital oaxaque\u00f1a.<\/p>\n<p class=\"sumario\">Semilleros, presentes<\/p>\n<p class=\"s-s\">Para los ni\u00f1os y j\u00f3venes hablantes de zapoteco, se dar\u00e1n a conocer los trabajos del Semillero Creativo de Pintura, Dibujo y Cartoner\u00eda en San Agust\u00edn Yatareni, Oaxaca, a trav\u00e9s de un video, que se encuentra en su cuenta de Facebook, enfocado en la importancia del rescate de su lengua.<\/p>\n<p>El Semillero de Artes Multidisciplinarias en lengua yaqui, de Guaymas, Sonora, publicar\u00e1n en sus redes sociales una c\u00e1psula en su idioma, sobre la conmemoraci\u00f3n del DILM, y el Semillero de Escritura Creativa y Bordado, en Muna, Yucat\u00e1n, desarrollar\u00e1 un conversatorio con la participaci\u00f3n de las escritoras yucatecas Effy Luz V\u00e1zquez y Pilar Acevedo, quienes han trabajado por la dignidad del pueblo mayahablante; en esta ocasi\u00f3n conversar\u00e1n sobre la creaci\u00f3n literaria.<\/p>\n<p>Otras mujeres participar\u00e1n con sus reflexiones en la mesa en l\u00ednea\u00a0<em>Lenguas maternas: salvaguardia y derechos,<\/em>\u00a0organizada por la Direcci\u00f3n General de Culturas Populares, Ind\u00edgenas y Urbanas, en colaboraci\u00f3n con la Secretar\u00eda de Cultura de Chihuahua, y como parte del Programa de Desarrollo Cultural Yoreme. La transmisi\u00f3n se realizar\u00e1 hoy a las 17 horas del centro de M\u00e9xico a trav\u00e9s de la p\u00e1gina de Facebook\u00a0<a href=\"https:\/\/twitter.com\/@CulturasPopularesOficial.\" target=\"_blank\" rel=\"noopener\">@CulturasPopularesOficial.<\/a><\/p>\n<\/div>\n<div class=\"col col2\">\n<p>Para los miles de metronautas, el Sistema de Transporte Colectivo Metro en colaboraci\u00f3n con el Inali, presenta la exposici\u00f3n\u00a0<em>Fiesta de im\u00e1genes, el color de la identidad,<\/em>\u00a0que se encuentra en la estaci\u00f3n Ermita. Por otra parte, la Loter\u00eda Nacional tambi\u00e9n conmemora el DILM, con la emisi\u00f3n del billete del Sorteo Mayor n\u00famero 3876, alusivo a la efem\u00e9ride.<\/p>\n<p>La Escuela de Antropolog\u00eda e Historia del Norte de M\u00e9xico, ubicada en Chihuahua, organiz\u00f3 el conversatorio\u00a0<em>Las experiencias con la lengua materna,<\/em>\u00a0en el cual participar\u00e1n cuatro hablantes de mazahua, comca\u2019ac, chatino y rar\u00e1muri; lo que permitir\u00e1 conocer y reflexionar en torno a esas lenguas que se hablan en el norte del pa\u00eds. El encuentro ser\u00e1 transmitido ma\u00f1ana en las redes sociales de la instituci\u00f3n de 12:15 a 14 horas.<\/p>\n<p class=\"sumario\">S\u00e9ptimo arte<\/p>\n<p class=\"s-s\">El s\u00e9ptimo arte aporta su visi\u00f3n de la realidad en torno a la lengua materna. El Instituto Mexicano de Cinematograf\u00eda (Imcine) seleccion\u00f3 ocho pel\u00edculas para la cuarta Muestra de Cine en Lenguas Originarias, cintas en las que est\u00e1n presentes 10 lenguas originarias.<\/p>\n<p>La muestra se realizar\u00e1 del 21 al 26 de febrero con proyecciones a trav\u00e9s de televisoras estatales y nacionales, el Canal MX Nuestro Cine (se\u00f1al 22.2) y en FilminLatino, plataforma del Imcine.<\/p>\n<p>En tanto, el Canal 22 incluir\u00e1 en su emisi\u00f3n, entre otros programas, el estreno de la serie\u00a0<em>La magia de los pueblos,\u00a0<\/em>hoy a las 17 horas. El viernes a las 17 horas se presentar\u00e1 el documental\u00a0<em>La maya, lengua viva,\u00a0<\/em>y el s\u00e1bado a las 18:30 horas el cap\u00edtulo\u00a0<em>Sue\u00f1o en otro idioma, los peligros de perder una lengua,<\/em>\u00a0del programa La ra\u00edz doble. Ese mismo d\u00eda, a las 23 horas, se transmitir\u00e1 el filme\u00a0<em>Mam\u00e1,<\/em>\u00a0como parte de la muestra de cine.<\/p>\n<p>Para conocer m\u00e1s detalles sobre las actividades del DILM, se pueden consultar la plataforma mexicoescultura.com.mx y las redes sociales de las instituciones culturales del pa\u00eds.<\/p>\n<\/div>\n<\/div>\n<div class=\"go gui\">\n<div class=\"go-up\"><\/div>\n<\/div>\n<\/div>\n","protected":false},"excerpt":{"rendered":"<p>Desde diversas disciplinas se conmemora a los hablantes ind\u00edgenas A partir de hoy se desarrollar\u00e1 un amplio programa de actividades en varias ciudades del pa\u00eds \/\/ Se unen al festejo el Metro y la Lotenal De La Redacci\u00f3n La Jornada Con motivo del D\u00eda Internacional de la Lengua Materna (DILM) 2023, que se conmemora ma\u00f1ana, [&hellip;]<\/p>\n","protected":false},"author":249,"featured_media":31232,"comment_status":"open","ping_status":"closed","sticky":false,"template":"","format":"standard","meta":{"footnotes":""},"categories":[26],"tags":[],"class_list":["post-31230","post","type-post","status-publish","format-standard","has-post-thumbnail","hentry","category-mundo"],"_links":{"self":[{"href":"https:\/\/eloficiodehistoriar.com.mx\/index.php?rest_route=\/wp\/v2\/posts\/31230","targetHints":{"allow":["GET"]}}],"collection":[{"href":"https:\/\/eloficiodehistoriar.com.mx\/index.php?rest_route=\/wp\/v2\/posts"}],"about":[{"href":"https:\/\/eloficiodehistoriar.com.mx\/index.php?rest_route=\/wp\/v2\/types\/post"}],"author":[{"embeddable":true,"href":"https:\/\/eloficiodehistoriar.com.mx\/index.php?rest_route=\/wp\/v2\/users\/249"}],"replies":[{"embeddable":true,"href":"https:\/\/eloficiodehistoriar.com.mx\/index.php?rest_route=%2Fwp%2Fv2%2Fcomments&post=31230"}],"version-history":[{"count":1,"href":"https:\/\/eloficiodehistoriar.com.mx\/index.php?rest_route=\/wp\/v2\/posts\/31230\/revisions"}],"predecessor-version":[{"id":31233,"href":"https:\/\/eloficiodehistoriar.com.mx\/index.php?rest_route=\/wp\/v2\/posts\/31230\/revisions\/31233"}],"wp:featuredmedia":[{"embeddable":true,"href":"https:\/\/eloficiodehistoriar.com.mx\/index.php?rest_route=\/wp\/v2\/media\/31232"}],"wp:attachment":[{"href":"https:\/\/eloficiodehistoriar.com.mx\/index.php?rest_route=%2Fwp%2Fv2%2Fmedia&parent=31230"}],"wp:term":[{"taxonomy":"category","embeddable":true,"href":"https:\/\/eloficiodehistoriar.com.mx\/index.php?rest_route=%2Fwp%2Fv2%2Fcategories&post=31230"},{"taxonomy":"post_tag","embeddable":true,"href":"https:\/\/eloficiodehistoriar.com.mx\/index.php?rest_route=%2Fwp%2Fv2%2Ftags&post=31230"}],"curies":[{"name":"wp","href":"https:\/\/api.w.org\/{rel}","templated":true}]}}