{"id":31238,"date":"2023-02-21T11:39:24","date_gmt":"2023-02-21T17:39:24","guid":{"rendered":"https:\/\/eloficiodehistoriar.com.mx\/?p=31238"},"modified":"2023-02-21T11:39:24","modified_gmt":"2023-02-21T17:39:24","slug":"en-atenco-en-el-carnaval-cientos-de-pobladores-con-mascaras-figurando-hombres-viejos-bailan","status":"publish","type":"post","link":"https:\/\/eloficiodehistoriar.com.mx\/?p=31238","title":{"rendered":"En Atenco en el carnaval cientos de pobladores con m\u00e1scaras figurando hombres viejos bailan"},"content":{"rendered":"<div id=\"article-cont\" class=\"main-cont article-cont actuality\">\n<div class=\"cabeza\">San Salvador Atenco se ti\u00f1e de colores con cientos de danzantes del carnaval que tiene m\u00e1s de 140 a\u00f1os<\/div>\n<div class=\"sumarios\">\n<p>La celebraci\u00f3n es familiar y busca rescatar los valores, dicen participantes<\/p>\n<\/div>\n<div id=\"article-text\" class=\"text tbl-forkorts-article\">\n<div class=\"foto\">\n<div class=\"pie-foto\">El vestuario es confeccionado meses antes especialmente para la ocasi\u00f3n.<\/div>\n<div><\/div>\n<\/div>\n<div class=\"col\">\n<div class=\"credito-autor\">Javier Salinas Ces\u00e1reo<\/div>\n<div><\/div>\n<div class=\"hemero\">La Jornada<\/p>\n<\/div>\n<p class=\"s-s\">San Salvador Atenco, M\u00e9x.,<\/p>\n<p class=\"s-s\">Las calles de San Salvador Atenco se ti\u00f1eron de colores ayer cuando cientos de pobladores ataviados con m\u00e1scaras de cera caracterizados como hombres viejos, de largas barbas y de sombreros multicolores, que bailaban a ritmo de la banda de viento para dar vida al tradicional carnaval, ue data de hace m\u00e1s de 140 a\u00f1os.<\/p>\n<p>Aqu\u00ed, en los pueblos de Atenco, que lucharon muchos a\u00f1os contra la construcci\u00f3n del nuevo aeropuerto en sus tierras, estos d\u00edas de febrero son de festejo, m\u00fasica y baile, as\u00ed como de demostrar que conservan sus tradiciones.<\/p>\n<p>Este ancestral carnaval, mantiene un significado religioso y aleg\u00f3rico.<\/p>\n<p>Desde temprana hora, los pobladores alistan sus trajes, m\u00e1scaras, sombreros y paraguas, mandados a confeccionar desde meses antes, exclusivamente para la ocasi\u00f3n.<\/p>\n<p>Las m\u00e1scaras de hombres viejos y barbados son la representaci\u00f3n de los europeos que vinieron al continente americano y son una mofa a su aspecto. Los trajes multicolores son una alegor\u00eda del festival.<\/p>\n<p>Algunos otros hombres se disfrazan de mujeres, con vestidos cortos, medias y tacones. Este a\u00f1o, muchos ni\u00f1os participan con sus trajes multicolores.<\/p>\n<p>Fieles a la tradici\u00f3n, los pobladores salen a las calles guardando una formaci\u00f3n y a ritmo de m\u00fasica de banda de viento, bailan en cada vivienda que los solicitan. Los moradores ofrecen comida y bebida a los danzantes.<\/p>\n<p>Con el paso de los a\u00f1os el festival ha tenido diferentes significados: el religioso, representaci\u00f3n de la b\u00fasqueda de Jesucristo; burlarse del aspecto de los europeos, y de carnal. Sin embargo, hoy d\u00eda es, adem\u00e1s, una festividad familiar y aleg\u00f3rica, que sobre todo significa preservar las tradiciones\u201d.<\/p>\n<p class=\"sumario\">Gran pista de baile<\/p>\n<p class=\"s-s\">En la zona centro de Atenco existen dos grupos: primera y segunda cuadrilla, que compiten por llevar los mejores disfraces, banda y ambiente. Al final del d\u00eda danzan juntos en la explanada del poblado y convierten el lugar en una verdadera pista de baile.<\/p>\n<p>\u201cEsta tradici\u00f3n es muy bonita y muy concurrida. Es un ambiente familiar que se conserva y que debe seguir preserv\u00e1ndose porque en la actualidad la sociedad ya est\u00e1 muy maleada y no mantiene sus valores. Estas costumbres son importantes para rescatarlos.<\/p>\n<p><q>Lo importante es que la gente disfrute esto en compa\u00f1\u00eda de su familia, debido a que los \u00edndices delictivos han alcanzado muchos factores y se pierden los valores<\/q>, asegur\u00f3 C\u00e9sar, uno de los danzantes de la segunda cuadrilla.<\/p>\n<p><q>Para el carnaval, el pueblo se prepara durante todo el a\u00f1o. Es m\u00e1s una representaci\u00f3n de fiesta con danzas de cuadrillas, que culmina por la noche con un baile masivo<\/q>, expres\u00f3 Daniel N\u00fa\u00f1ez, de la primera cuadrilla.<\/p>\n<p>Para Roberto Cervantes, otro de los pobladores, haber mantenido durante muchos a\u00f1os en Atenco una resistencia contra un aeropuerto, signific\u00f3 conservar tradiciones como la del carnaval atenquense.<\/p>\n<\/div>\n<\/div>\n<div class=\"go gui\">\n<div class=\"go-prev\"><\/div>\n<div class=\"go-up\"><\/div>\n<\/div>\n<\/div>\n<div id=\"taboola-below-content-thumbnails\" class=\" trc_related_container trc_spotlight_widget tbl-feed-container tbl-feed-frame-DIVIDER  render-late-effect\" data-feed-container-num=\"1\" data-feed-main-container-id=\"taboola-below-content-thumbnails\" data-parent-placement-name=\"Below Content Thumbnails\" data-pub-lang=\"es\">\n<div class=\" tbl-feed-header tbl-logo-right-position\">\n<div class=\"tbl-feed-header-logo\"><\/div>\n<\/div>\n<\/div>\n","protected":false},"excerpt":{"rendered":"<p>San Salvador Atenco se ti\u00f1e de colores con cientos de danzantes del carnaval que tiene m\u00e1s de 140 a\u00f1os La celebraci\u00f3n es familiar y busca rescatar los valores, dicen participantes El vestuario es confeccionado meses antes especialmente para la ocasi\u00f3n. Javier Salinas Ces\u00e1reo La Jornada San Salvador Atenco, M\u00e9x., Las calles de San Salvador Atenco [&hellip;]<\/p>\n","protected":false},"author":249,"featured_media":31239,"comment_status":"open","ping_status":"closed","sticky":false,"template":"","format":"standard","meta":{"footnotes":""},"categories":[26],"tags":[],"class_list":["post-31238","post","type-post","status-publish","format-standard","has-post-thumbnail","hentry","category-mundo"],"_links":{"self":[{"href":"https:\/\/eloficiodehistoriar.com.mx\/index.php?rest_route=\/wp\/v2\/posts\/31238","targetHints":{"allow":["GET"]}}],"collection":[{"href":"https:\/\/eloficiodehistoriar.com.mx\/index.php?rest_route=\/wp\/v2\/posts"}],"about":[{"href":"https:\/\/eloficiodehistoriar.com.mx\/index.php?rest_route=\/wp\/v2\/types\/post"}],"author":[{"embeddable":true,"href":"https:\/\/eloficiodehistoriar.com.mx\/index.php?rest_route=\/wp\/v2\/users\/249"}],"replies":[{"embeddable":true,"href":"https:\/\/eloficiodehistoriar.com.mx\/index.php?rest_route=%2Fwp%2Fv2%2Fcomments&post=31238"}],"version-history":[{"count":1,"href":"https:\/\/eloficiodehistoriar.com.mx\/index.php?rest_route=\/wp\/v2\/posts\/31238\/revisions"}],"predecessor-version":[{"id":31240,"href":"https:\/\/eloficiodehistoriar.com.mx\/index.php?rest_route=\/wp\/v2\/posts\/31238\/revisions\/31240"}],"wp:featuredmedia":[{"embeddable":true,"href":"https:\/\/eloficiodehistoriar.com.mx\/index.php?rest_route=\/wp\/v2\/media\/31239"}],"wp:attachment":[{"href":"https:\/\/eloficiodehistoriar.com.mx\/index.php?rest_route=%2Fwp%2Fv2%2Fmedia&parent=31238"}],"wp:term":[{"taxonomy":"category","embeddable":true,"href":"https:\/\/eloficiodehistoriar.com.mx\/index.php?rest_route=%2Fwp%2Fv2%2Fcategories&post=31238"},{"taxonomy":"post_tag","embeddable":true,"href":"https:\/\/eloficiodehistoriar.com.mx\/index.php?rest_route=%2Fwp%2Fv2%2Ftags&post=31238"}],"curies":[{"name":"wp","href":"https:\/\/api.w.org\/{rel}","templated":true}]}}