{"id":31241,"date":"2023-02-21T11:51:34","date_gmt":"2023-02-21T17:51:34","guid":{"rendered":"https:\/\/eloficiodehistoriar.com.mx\/?p=31241"},"modified":"2023-02-21T11:51:34","modified_gmt":"2023-02-21T17:51:34","slug":"totem-pelicula-construida-a-partir-de-la-diversidad-de-un-hogar-con-alma-y-corazon","status":"publish","type":"post","link":"https:\/\/eloficiodehistoriar.com.mx\/?p=31241","title":{"rendered":"\u201cT\u00f3tem\u00bb pel\u00edcula\u00a0construida a partir de la diversidad de un hogar con alma y coraz\u00f3n"},"content":{"rendered":"<div id=\"main-cont\">\n<article>\n<div id=\"article-cont\" class=\"main-cont article-cont actuality\">\n<div class=\"cabeza\"><em>\u201cT\u00f3tem<\/em>\u00a0est\u00e1 construida a partir de la diversidad de un hogar con alma y coraz\u00f3n\u201d<\/div>\n<div class=\"sumarios\">\n<p>Dedico la cinta a mi hija, afirm\u00f3 Lila Avil\u00e9s en la Berlinale<\/p>\n<p>La directora mexicana compite por el Oso de Oro<\/p>\n<\/div>\n<div id=\"article-text\" class=\"text\">\n<div class=\"foto\">\n<div class=\"pie-foto\">Alia Lira Hartmann<\/div>\n<\/div>\n<div class=\"col col1\">\n<div class=\"credito-titulo\"><\/div>\n<div class=\"hemero\">La Jornada<\/p>\n<\/div>\n<p class=\"s-s\">Berl\u00edn.<\/p>\n<p class=\"s-s\">La joven realizadora mexicana Lila Avil\u00e9s pisa fuerte en la carrera por el Oso de Oro de la Berlinale. Su pel\u00edcula\u00a0<em>T\u00f3tem,\u00a0<\/em>\u00fanica representante latinoamericana, participa en la competencia oficial. Coproducci\u00f3n entre M\u00e9xico, Dinamarca y Francia, fue calificada en el encuentro como profundamente humana.<\/p>\n<p>La cinta gira alrededor de una familia mexicana que se re\u00fane en torno al cumplea\u00f1os de uno de sus miembros, el joven artista Tonatiuh,\u00a0<em>Tona.<\/em>\u00a0Todo se desarrolla en la casa de los padres de \u00e9ste, cuya madre falleci\u00f3 hace poco tiempo. \u00c9l sufre de una enfermedad terminal que lo tiene postrado en cama, pero con enormes dificultades logra levantarse para celebrar con su familia y amigos. La fiesta se advierte al mismo tiempo como un ritual de despedida.<\/p>\n<p>La cinta se desarrolla desde la visi\u00f3n infantil de Sol, hija de\u00a0<em>Tona,\u00a0<\/em>quien tiene siete a\u00f1os. La ni\u00f1a es interpretada de manera magn\u00edfica por Naima Sent\u00edes, quien con su elocuencia y desenvoltura se adue\u00f1\u00f3 del escenario durante la conferencia de prensa en la que fue presentada la pel\u00edcula.<\/p>\n<p><q>Creo que soy muy afortunada. Me identifico mucho con el papel de Sol<\/q>, a\u00f1adi\u00f3 Naima.<\/p>\n<p>En el acto, la directora sostuvo: \u201cMe convert\u00ed en madre muy joven. Desde lo m\u00e1s profundo de mi ser dedico esta pel\u00edcula a mi hija. Se trataba de construir una cinta desde adentro, regresar al concepto de casa y c\u00f3mo se habita, toda la diversidad en un hogar con alma y coraz\u00f3n, respetando y considerando esa diversidad como un regalo divino, de ah\u00ed\u00a0<em>T\u00f3tem<\/em>\u201d.<\/p>\n<p>La realizadora cont\u00f3 que busc\u00f3\u00a0<q>a una ni\u00f1a que tuviera esa madurez, con esa capacidad de discernir, incluso de tener un mundo propio, con siete a\u00f1os de edad<\/q>.<\/p>\n<p><q>Esta pel\u00edcula ha sido un hermoso viaje. Es sobre lo animales que somos los seres humanos<\/q>, declar\u00f3 Lila Avil\u00e9s, cuya \u00f3pera prima fue\u00a0<em>La camarista,\u00a0<\/em>de 2018.<\/p>\n<\/div>\n<div class=\"col col2\">\n<p>Mostrar la fuerza de los v\u00ednculos familiares y de amistad en una familia mexicana y el paraca\u00eddas emocional que esos seres constituyen ante las p\u00e9rdidas es el eje de pel\u00edcula. La mirada y los recursos resilientes de la peque\u00f1a Sol ante la inminente tragedia de la enfermedad y p\u00e9rdida del padre conmovi\u00f3 al p\u00fablico asistente hasta las l\u00e1grimas.<\/p>\n<p><em>T\u00f3tem\u00a0<\/em>narra una historia, pero igual de importante es la interpretaci\u00f3n de los personajes, recalc\u00f3 Avil\u00e9s.\u00a0<q>Era vital encontrar esta colmena, ese cosmos de actores y actrices extraordinarios<\/q>, a\u00f1adi\u00f3. Para el\u00a0<em>casting,<\/em>\u00a0esta joven directora, nacida en 1982, se apoy\u00f3 en su actriz\u00a0<q>fetiche<\/q>, protagonista de su anterior largometraje: Teresita S\u00e1nchez.<\/p>\n<p>\u201cSab\u00eda que la base fundamental de esta pel\u00edcula era el\u00a0<em>casting\u201d,<\/em>\u00a0revel\u00f3 la realizadora. S\u00e1nchez, quien recibi\u00f3 elogiosas cr\u00edticas por su papel de empleada de un hotel en\u00a0<em>La camarista,<\/em>\u00a0ayud\u00f3 a Avil\u00e9s a buscar a los actores.\u00a0<q>Estaba segura de que el poder iba a estar en ellos. Me gusta mucho ese ying-yang<\/q>\u00a0de mezclar histriones profesionales y los que no lo son, afirm\u00f3 Avil\u00e9s.<\/p>\n<p>Forman parte del elenco de T\u00f3tem Montserrat Mara\u00f1\u00f3n (conocida por la serie televisiva\u00a0<em>Mar\u00eda de todos los \u00c1ngeles)<\/em>\u00a0y Marisol Gas\u00e9 (quien tambi\u00e9n es diputada federal en el Congreso mexicano).<\/p>\n<p>Con formaci\u00f3n de actriz, Lila Avil\u00e9s empez\u00f3 su trayectoria en series televisivas como\u00a0<em>El pantera<\/em>\u00a0(2006) y\u00a0<em>Drenajes profundos<\/em>\u00a0(2010). Rod\u00f3 su primer cortometraje,<em>\u00a0D\u00e9j\u00e0 vu,<\/em>\u00a0en 2016, y su \u00f3pera prima,\u00a0<em>La camarista,\u00a0<\/em>de 2018, que le dio el premio Ariel a la mejor pel\u00edcula mexicana.<\/p>\n<p>Con informaci\u00f3n de Afp<\/p>\n<\/div>\n<\/div>\n<div class=\"go gui\">\n<div class=\"go-up\"><\/div>\n<\/div>\n<\/div>\n<div id=\"taboola-below-content-thumbnails\" class=\" trc_related_container trc_spotlight_widget\"><\/div>\n<\/article>\n<\/div>\n<div id=\"interstitialdfpportadas\"><\/div>\n","protected":false},"excerpt":{"rendered":"<p>\u201cT\u00f3tem\u00a0est\u00e1 construida a partir de la diversidad de un hogar con alma y coraz\u00f3n\u201d Dedico la cinta a mi hija, afirm\u00f3 Lila Avil\u00e9s en la Berlinale La directora mexicana compite por el Oso de Oro Alia Lira Hartmann La Jornada Berl\u00edn. La joven realizadora mexicana Lila Avil\u00e9s pisa fuerte en la carrera por el Oso [&hellip;]<\/p>\n","protected":false},"author":249,"featured_media":31242,"comment_status":"open","ping_status":"closed","sticky":false,"template":"","format":"standard","meta":{"footnotes":""},"categories":[26],"tags":[],"class_list":["post-31241","post","type-post","status-publish","format-standard","has-post-thumbnail","hentry","category-mundo"],"_links":{"self":[{"href":"https:\/\/eloficiodehistoriar.com.mx\/index.php?rest_route=\/wp\/v2\/posts\/31241","targetHints":{"allow":["GET"]}}],"collection":[{"href":"https:\/\/eloficiodehistoriar.com.mx\/index.php?rest_route=\/wp\/v2\/posts"}],"about":[{"href":"https:\/\/eloficiodehistoriar.com.mx\/index.php?rest_route=\/wp\/v2\/types\/post"}],"author":[{"embeddable":true,"href":"https:\/\/eloficiodehistoriar.com.mx\/index.php?rest_route=\/wp\/v2\/users\/249"}],"replies":[{"embeddable":true,"href":"https:\/\/eloficiodehistoriar.com.mx\/index.php?rest_route=%2Fwp%2Fv2%2Fcomments&post=31241"}],"version-history":[{"count":1,"href":"https:\/\/eloficiodehistoriar.com.mx\/index.php?rest_route=\/wp\/v2\/posts\/31241\/revisions"}],"predecessor-version":[{"id":31243,"href":"https:\/\/eloficiodehistoriar.com.mx\/index.php?rest_route=\/wp\/v2\/posts\/31241\/revisions\/31243"}],"wp:featuredmedia":[{"embeddable":true,"href":"https:\/\/eloficiodehistoriar.com.mx\/index.php?rest_route=\/wp\/v2\/media\/31242"}],"wp:attachment":[{"href":"https:\/\/eloficiodehistoriar.com.mx\/index.php?rest_route=%2Fwp%2Fv2%2Fmedia&parent=31241"}],"wp:term":[{"taxonomy":"category","embeddable":true,"href":"https:\/\/eloficiodehistoriar.com.mx\/index.php?rest_route=%2Fwp%2Fv2%2Fcategories&post=31241"},{"taxonomy":"post_tag","embeddable":true,"href":"https:\/\/eloficiodehistoriar.com.mx\/index.php?rest_route=%2Fwp%2Fv2%2Ftags&post=31241"}],"curies":[{"name":"wp","href":"https:\/\/api.w.org\/{rel}","templated":true}]}}