{"id":31303,"date":"2023-02-26T13:17:13","date_gmt":"2023-02-26T19:17:13","guid":{"rendered":"https:\/\/eloficiodehistoriar.com.mx\/?p=31303"},"modified":"2023-02-26T13:17:13","modified_gmt":"2023-02-26T19:17:13","slug":"en-libros-de-alfredo-lopez-austin-1936-2021-del-mexico-precolombino-hay-felicidad-rigor-y-gusto","status":"publish","type":"post","link":"https:\/\/eloficiodehistoriar.com.mx\/?p=31303","title":{"rendered":"En libros de Alfredo L\u00f3pez Austin (1936-2021), del M\u00e9xico precolombino,\u00a0hay felicidad, rigor y gusto"},"content":{"rendered":"<div id=\"article-cont\" class=\"main-cont article-cont actuality\">\n<div class=\"cabeza\">Como homenaje p\u00f3stumo, la UNAM present\u00f3\u00a0<em>Obras de Alfredo L\u00f3pez Austin<\/em>\u00a0en la 44 feria de Miner\u00eda<\/div>\n<div class=\"sumarios\">\n<p><q>Detr\u00e1s de sus libros hay felicidad, rigor y gusto por la ense\u00f1anza<\/q>, dijo su viuda, Martha Rosario Luj\u00e1n<\/p>\n<\/div>\n<div id=\"article-text\" class=\"text tbl-forkorts-article\">\n<div class=\"foto\">\n<div class=\"pie-foto\">Elisa Speckman, Guilhem Olivier, Eduardo Matos y Ana Bella L\u00f3pez Castro.<\/div>\n<div class=\"pie-foto\"><\/div>\n<\/div>\n<div class=\"col\">\n<div class=\"credito-autor\">\u00c1ngel Vargas<\/div>\n<div class=\"credito-titulo\"><\/div>\n<div class=\"hemero\">La Jornada<\/p>\n<\/div>\n<p class=\"s-s\">Detr\u00e1s de los libros del historiador Alfredo L\u00f3pez Austin (1936-2021), uno de los estudiosos m\u00e1s connotados del M\u00e9xico precolombino,\u00a0<q>lo que hay es felicidad, mucho rigor y gusto por la ense\u00f1anza<\/q>.<\/p>\n<p>As\u00ed lo asegur\u00f3 este s\u00e1bado su viuda, Martha Rosario Luj\u00e1n Pedrueza, en la presentaci\u00f3n de la colecci\u00f3n<em>\u00a0Obras de Alfredo L\u00f3pez Austin,\u00a0<\/em>efectuada en la 44 Feria Internacional del Libro del Palacio Miner\u00eda (FILPM).\u00a0<q>Quiz\u00e1 tengan algunos detalles, pero son temas que servir\u00e1n como base a las siguientes generaciones<\/q>, agreg\u00f3.<\/p>\n<p>Dicha colecci\u00f3n editorial fue concebida como un homenaje p\u00f3stumo de la Universidad Nacional Aut\u00f3noma de M\u00e9xico (UNAM), por conducto del Instituto de Investigaciones Hist\u00f3ricas (IIH), a quien fue uno de sus historiadores, investigadores y docentes m\u00e1s eminentes.<\/p>\n<p>Est\u00e1 conformada por la redici\u00f3n de tres de las obras m\u00e1s emblem\u00e1ticas del estudioso:\u00a0<em>Augurios y abusiones, Textos de medicina n\u00e1huatl\u00a0<\/em>y\u00a0<em>Hombre-Dios,\u00a0<\/em>reunidas en una caja con un atractivo dise\u00f1o.<\/p>\n<p><q>Es un acierto la publicaci\u00f3n de estos tomos, a los que esperamos que sigan otros m\u00e1s. La presencia de Alfredo contin\u00faa a trav\u00e9s de algo tan importante como son sus libros<\/q>, destac\u00f3 el arque\u00f3logo Eduardo Matos Moctezuma, amigo cercano del historiador<\/p>\n<p><q>Es un lujo tener estos tres estudios, porque nos dan, adem\u00e1s, la visi\u00f3n del Alfredo de sus primeras obras; tambi\u00e9n porque mucho de lo que \u00e9l plantea aqu\u00ed tiene vigencia, lo cual es muy valioso y significativo para un investigador.<\/q><\/p>\n<p>Matos Moctezuma recalc\u00f3 que esa tr\u00edada de estudios proviene de la admiraci\u00f3n y el conocimiento profundo que L\u00f3pez Austin tuvo de fray Bernardino de Sahag\u00fan, a cuyo estudio dedic\u00f3 su tesis de licenciatura en historia.<\/p>\n<p><q>El mismo Alfredo dice en alg\u00fan momento que la lectura de los documentos hist\u00f3ricos de fray Bernardino no s\u00f3lo ha sido el ejercicio de an\u00e1lisis m\u00e1s arduo, frecuente y sostenido a lo largo de su vida acad\u00e9mica, sino que ha constituido la base de la mayor\u00eda de sus propuestas.<\/q><\/p>\n<p>El reconocido arque\u00f3logo centr\u00f3 su intervenci\u00f3n en el libro\u00a0<em>Textos de medicina,\u00a0<\/em>cuyo pr\u00f3logo es obra suya. Resalt\u00f3 que al igual que\u00a0<em>Augurios y abusiones,\u00a0<\/em>se trata de un libro antol\u00f3gico, aunque ya no s\u00f3lo de textos de Sahag\u00fan, como el citado, sino que L\u00f3pez Austin\u00a0<q>se abri\u00f3 de manera muy significativa<\/q>\u00a0a otros personajes que abordan los temas de la medicina, las curaciones y las imploraciones.<\/p>\n<p>El espectro de los autores abarca desde el siglo XVI hasta el M\u00e9xico contempor\u00e1neo, resalt\u00f3, ya que, con esta obra, el autor se adentr\u00f3 asimismo en el mundo de la antropolog\u00eda, al incluir estudios actuales en ese momento sobre el tema de la medicina tradicional en Veracruz y del nahuatlato Luis Reyes.<\/p>\n<p>Seg\u00fan Matos Moctezuma, la introducci\u00f3n que hizo L\u00f3pez Austin a esta obra es de suma relevancia, ya que all\u00ed se encuentran las semillas de otras de sus obras esenciales, como\u00a0<em>Hombre-Dios\u00a0<\/em>y\u00a0<em>Cuerpo humano e ideolog\u00eda: las concepciones de los antiguos nahuas.<\/em><\/p>\n<p>De acuerdo con la antrop\u00f3loga Ana Bella P\u00e9rez Castro, directora del Instituto de Investigaciones Antropol\u00f3gicas de la UNAM, esta trilog\u00eda de libros no s\u00f3lo nos acerca, compenetra e introduce a la obra de Sahag\u00fan y de otros cronistas. Tambi\u00e9n permiten revisitar o analizar por primera vez la forma en que L\u00f3pez Austin\u00a0<q>comenz\u00f3 a configurar su propuesta para entender y explicar las creencias, pensamientos y acciones de los antiguos nahuas, y de los nahuas del presente, ya que siguen siendo un caudal cultural, un complejo entramado de ideas que circulan, que significan y afloran para explicar el mundo<\/q>.<\/p>\n<p>En la presentaci\u00f3n participaron tambi\u00e9n Elisa Speckman, directora del IIH, y el investigador Guilhem Olivier.<\/p>\n<\/div>\n<\/div>\n<div class=\"go gui\">\n<div class=\"go-next\"><\/div>\n<div class=\"go-up\"><\/div>\n<\/div>\n<\/div>\n<div id=\"taboola-below-content-thumbnails\" class=\" trc_related_container trc_spotlight_widget tbl-feed-container tbl-feed-frame-DIVIDER  render-late-effect\" data-feed-container-num=\"1\" data-feed-main-container-id=\"taboola-below-content-thumbnails\" data-parent-placement-name=\"Below Content Thumbnails\" data-pub-lang=\"es\">\n<div class=\" tbl-feed-header tbl-logo-right-position\">\n<div class=\"tbl-feed-header-logo\"><\/div>\n<\/div>\n<\/div>\n","protected":false},"excerpt":{"rendered":"<p>Como homenaje p\u00f3stumo, la UNAM present\u00f3\u00a0Obras de Alfredo L\u00f3pez Austin\u00a0en la 44 feria de Miner\u00eda Detr\u00e1s de sus libros hay felicidad, rigor y gusto por la ense\u00f1anza, dijo su viuda, Martha Rosario Luj\u00e1n Elisa Speckman, Guilhem Olivier, Eduardo Matos y Ana Bella L\u00f3pez Castro. \u00c1ngel Vargas La Jornada Detr\u00e1s de los libros del historiador Alfredo [&hellip;]<\/p>\n","protected":false},"author":249,"featured_media":31304,"comment_status":"open","ping_status":"closed","sticky":false,"template":"","format":"standard","meta":{"footnotes":""},"categories":[26],"tags":[],"class_list":["post-31303","post","type-post","status-publish","format-standard","has-post-thumbnail","hentry","category-mundo"],"_links":{"self":[{"href":"https:\/\/eloficiodehistoriar.com.mx\/index.php?rest_route=\/wp\/v2\/posts\/31303","targetHints":{"allow":["GET"]}}],"collection":[{"href":"https:\/\/eloficiodehistoriar.com.mx\/index.php?rest_route=\/wp\/v2\/posts"}],"about":[{"href":"https:\/\/eloficiodehistoriar.com.mx\/index.php?rest_route=\/wp\/v2\/types\/post"}],"author":[{"embeddable":true,"href":"https:\/\/eloficiodehistoriar.com.mx\/index.php?rest_route=\/wp\/v2\/users\/249"}],"replies":[{"embeddable":true,"href":"https:\/\/eloficiodehistoriar.com.mx\/index.php?rest_route=%2Fwp%2Fv2%2Fcomments&post=31303"}],"version-history":[{"count":1,"href":"https:\/\/eloficiodehistoriar.com.mx\/index.php?rest_route=\/wp\/v2\/posts\/31303\/revisions"}],"predecessor-version":[{"id":31305,"href":"https:\/\/eloficiodehistoriar.com.mx\/index.php?rest_route=\/wp\/v2\/posts\/31303\/revisions\/31305"}],"wp:featuredmedia":[{"embeddable":true,"href":"https:\/\/eloficiodehistoriar.com.mx\/index.php?rest_route=\/wp\/v2\/media\/31304"}],"wp:attachment":[{"href":"https:\/\/eloficiodehistoriar.com.mx\/index.php?rest_route=%2Fwp%2Fv2%2Fmedia&parent=31303"}],"wp:term":[{"taxonomy":"category","embeddable":true,"href":"https:\/\/eloficiodehistoriar.com.mx\/index.php?rest_route=%2Fwp%2Fv2%2Fcategories&post=31303"},{"taxonomy":"post_tag","embeddable":true,"href":"https:\/\/eloficiodehistoriar.com.mx\/index.php?rest_route=%2Fwp%2Fv2%2Ftags&post=31303"}],"curies":[{"name":"wp","href":"https:\/\/api.w.org\/{rel}","templated":true}]}}