{"id":31313,"date":"2023-02-27T12:47:34","date_gmt":"2023-02-27T18:47:34","guid":{"rendered":"https:\/\/eloficiodehistoriar.com.mx\/?p=31313"},"modified":"2023-02-27T12:47:34","modified_gmt":"2023-02-27T18:47:34","slug":"la-influencia-de-los-videojuegos-y-la-digitalizacion-en-la-obra-el-despertar-del-zombi","status":"publish","type":"post","link":"https:\/\/eloficiodehistoriar.com.mx\/?p=31313","title":{"rendered":"La influencia de los videojuegos y la digitalizaci\u00f3n en la obra\u00a0\u00abEl despertar del zombi\u00bb"},"content":{"rendered":"<div id=\"main-cont\">\n<article>\n<div id=\"article-cont\" class=\"main-cont article-cont actuality\">\n<div class=\"cabeza\"><em>El despertar del zombi\u00a0<\/em>explora la influencia de los videojuegos y la digitalizaci\u00f3n<\/div>\n<div class=\"sumarios\"><\/div>\n<div id=\"article-text\" class=\"text\">\n<div class=\"foto\">\n<div class=\"pie-foto\">Esteban Castellanos act\u00faa y dirige la puesta en escena, que se presenta en el teatro La Capilla.<\/div>\n<div><\/div>\n<\/div>\n<div class=\"col col1\">\n<div class=\"credito-autor\">Ana M\u00f3nica Rodr\u00edguez<\/div>\n<div class=\"credito-titulo\"><\/div>\n<div class=\"hemero\">La Jornada<\/p>\n<\/div>\n<p class=\"s-s\">Con una est\u00e9tica de ciencia ficci\u00f3n se plantea la influencia de los videojuegos y la digitalizaci\u00f3n en la obra\u00a0<em>El despertar del zombi,<\/em>\u00a0en la cual se hace una reflexi\u00f3n sobre la vida y la muerte, en una atm\u00f3sfera fantasmag\u00f3rica.<\/p>\n<p>El montaje, de la compa\u00f1\u00eda Los Pinches Chamacos, es un viaje fant\u00e1stico, en el que las voces de los muertos se multiplican y las problem\u00e1ticas sociales se exponen. La pieza fue escrita por Javier Malpica y es actuada y dirigida por Esteban Castellanos. Alma Curiel est\u00e1 a cargo de la producci\u00f3n ejecutiva y la coordinaci\u00f3n t\u00e9cnica.<\/p>\n<p>En el escenario del teatro La Capilla, la trama transcurre cuando un joven estudiante sufre un episodio de sicosis por encerrarse durante semanas a matar zombis sicarios en un misi\u00f3n de videojuegos. Luces verdes fosforescentes, moradas y rojas son parte del juego esc\u00e9nico, entre otros artefactos construidos por Rafael Curiel.<\/p>\n<p>El joven, en conflicto con sus padres, es torturado por una entidad maquiav\u00e9lica que ha tomado su mente; habita en el mundo virtual gracias a su interfaz y sus instintos asesinos se desarrollan a la par que su p\u00e9rdida de sue\u00f1o aumenta las alucinaciones que lo conducen al reino de los muertos.<\/p>\n<p>\u201cAlguien me observa, todo se mueve, mi cabeza es un globo a punto de reventar\u2026 siento que no he dormido en mil a\u00f1os&#8230; no siento el palpitar de mi coraz\u00f3n\u201d, expresa acongojado el joven.<\/p>\n<p>En ese ambiente, se recuerdan las desapariciones forzadas, la b\u00fasqueda incansable de padres por sus seres queridos y las fosas clandestinas, as\u00ed como suicidios, sobre todo entre las j\u00f3venes y el paso de la vida a la muerte.<\/p>\n<p>En\u00a0<em>El despertar del zombi<\/em>\u00a0se aborda la influencia de los videojuegos y los dispositivos digitales entre los j\u00f3venes, pues seg\u00fan estudios\u00a0<q>tienen la capacidad de incrementar las habilidades cognitivas, pero tambi\u00e9n de generar alteraciones en la salud mental y emocional relacionadas con ansiedad, depresi\u00f3n, pensamientos suicidas y predisposici\u00f3n a la violencia, conductas humanas que se exploran en la puesta en escena<\/q>.<\/p>\n<\/div>\n<div class=\"col col2\">\n<p class=\"sumario\">Tremenda herramienta de comunicaci\u00f3n<\/p>\n<p class=\"s-s\">Castellanos explic\u00f3:\u00a0<q>Cuando el texto fue escrito por Malpica, en 2017, no se ten\u00eda idea de que vendr\u00eda la pandemia; en 2019 lo empezamos a producir y crear; despu\u00e9s lleg\u00f3 la emergencia sanitaria, nos instalamos en un s\u00f3tano en casa de Alma y lo seguimos construyendo. Cuando presentamos el mon\u00f3logo al p\u00fablico hace un a\u00f1o se pens\u00f3 que era un proyecto pospandemia, pero no fue as\u00ed<\/q>.<\/p>\n<p>Incluso\u00a0<q>para nosotros fue revelador que la digitalizaci\u00f3n se expandi\u00f3 y es ya una tremenda herramienta de comunicaci\u00f3n<\/q>.<\/p>\n<p>Tras sus presentaciones en Nueva York, San Francisco, Madrid, Barcelona y Par\u00eds en 2022, la compa\u00f1\u00eda llega al recinto de Coyoac\u00e1n con esta\u00a0<q>historia sobre la soledad, la empat\u00eda y el despertar de la conciencia<\/q>.<\/p>\n<p>Desde hace 19 a\u00f1os, la compa\u00f1\u00eda (antes El F\u00e9nix Producciones) se ha dedicado a crear y producir de manera autogestiva propuestas teatrales de autores mexicanos para audiencias juveniles y con tem\u00e1ticas sobre derechos humanos. As\u00ed han surgido\u00a0<em>Pap\u00e1 est\u00e1 en la Atl\u00e1ntida, Benito antes de Ju\u00e1rez<\/em>\u00a0y\u00a0<em>Los ni\u00f1os perdidos<\/em>.<\/p>\n<p><em>El despertar del zombi,<\/em>\u00a0que cerrar\u00e1 temporada el 19 de marzo, se presenta en el teatro La Capilla, ubicado en Madrid 13, colonia Del Carmen Coyoac\u00e1n, con funciones s\u00e1bados y domingos a las 12:30 horas.<\/p>\n<\/div>\n<\/div>\n<div class=\"go gui\">\n<div class=\"go-up\"><\/div>\n<\/div>\n<\/div>\n<div id=\"taboola-below-content-thumbnails\" class=\" trc_related_container trc_spotlight_widget\"><\/div>\n<\/article>\n<\/div>\n<div id=\"interstitialdfpportadas\"><\/div>\n","protected":false},"excerpt":{"rendered":"<p>El despertar del zombi\u00a0explora la influencia de los videojuegos y la digitalizaci\u00f3n Esteban Castellanos act\u00faa y dirige la puesta en escena, que se presenta en el teatro La Capilla. Ana M\u00f3nica Rodr\u00edguez La Jornada Con una est\u00e9tica de ciencia ficci\u00f3n se plantea la influencia de los videojuegos y la digitalizaci\u00f3n en la obra\u00a0El despertar del [&hellip;]<\/p>\n","protected":false},"author":249,"featured_media":31314,"comment_status":"open","ping_status":"closed","sticky":false,"template":"","format":"standard","meta":{"footnotes":""},"categories":[26],"tags":[],"class_list":["post-31313","post","type-post","status-publish","format-standard","has-post-thumbnail","hentry","category-mundo"],"_links":{"self":[{"href":"https:\/\/eloficiodehistoriar.com.mx\/index.php?rest_route=\/wp\/v2\/posts\/31313","targetHints":{"allow":["GET"]}}],"collection":[{"href":"https:\/\/eloficiodehistoriar.com.mx\/index.php?rest_route=\/wp\/v2\/posts"}],"about":[{"href":"https:\/\/eloficiodehistoriar.com.mx\/index.php?rest_route=\/wp\/v2\/types\/post"}],"author":[{"embeddable":true,"href":"https:\/\/eloficiodehistoriar.com.mx\/index.php?rest_route=\/wp\/v2\/users\/249"}],"replies":[{"embeddable":true,"href":"https:\/\/eloficiodehistoriar.com.mx\/index.php?rest_route=%2Fwp%2Fv2%2Fcomments&post=31313"}],"version-history":[{"count":1,"href":"https:\/\/eloficiodehistoriar.com.mx\/index.php?rest_route=\/wp\/v2\/posts\/31313\/revisions"}],"predecessor-version":[{"id":31315,"href":"https:\/\/eloficiodehistoriar.com.mx\/index.php?rest_route=\/wp\/v2\/posts\/31313\/revisions\/31315"}],"wp:featuredmedia":[{"embeddable":true,"href":"https:\/\/eloficiodehistoriar.com.mx\/index.php?rest_route=\/wp\/v2\/media\/31314"}],"wp:attachment":[{"href":"https:\/\/eloficiodehistoriar.com.mx\/index.php?rest_route=%2Fwp%2Fv2%2Fmedia&parent=31313"}],"wp:term":[{"taxonomy":"category","embeddable":true,"href":"https:\/\/eloficiodehistoriar.com.mx\/index.php?rest_route=%2Fwp%2Fv2%2Fcategories&post=31313"},{"taxonomy":"post_tag","embeddable":true,"href":"https:\/\/eloficiodehistoriar.com.mx\/index.php?rest_route=%2Fwp%2Fv2%2Ftags&post=31313"}],"curies":[{"name":"wp","href":"https:\/\/api.w.org\/{rel}","templated":true}]}}