{"id":31329,"date":"2023-02-28T14:27:26","date_gmt":"2023-02-28T20:27:26","guid":{"rendered":"https:\/\/eloficiodehistoriar.com.mx\/?p=31329"},"modified":"2023-02-28T14:27:26","modified_gmt":"2023-02-28T20:27:26","slug":"lionel-messi-kylian-mbappe-achraf-hakimi-y-casemiro-posan-con-sus-trofeos-a-lo-mejor-del-futbol-2022","status":"publish","type":"post","link":"https:\/\/eloficiodehistoriar.com.mx\/?p=31329","title":{"rendered":"Lionel Messi, Kylian Mbapp\u00e9, Achraf Hakimi y Casemiro posan con sus trofeos a lo mejor del futbol 2022."},"content":{"rendered":"<div id=\"article-cont\" class=\"main-cont article-cont actuality\">\n<div class=\"sumarios\">\n<p>La albiceleste gana mejor jugador, t\u00e9cnico, arquero y afici\u00f3n<\/p>\n<\/div>\n<div class=\"cabeza\">Argentina arrasa en premios The Best con Messi, Scaloni y\u00a0<em>Dibu<\/em><\/div>\n<div class=\"sumarios\">\n<p>Rafael M\u00e1rquez, Cuauht\u00e9moc Blanco, La Volpe,\u00a0<em>Conejo<\/em>\u00a0P\u00e9rez e Isidoro\u00a0<em>Chololo<\/em>\u00a0D\u00edaz, entre los elegidos al Sal\u00f3n de la Fama del Futbol mexicano<\/p>\n<\/div>\n<div id=\"article-text\" class=\"text\">\n<div class=\"foto\">\n<div class=\"pie-foto\">Lionel Messi, Kylian Mbapp\u00e9, Achraf Hakimi y Casemiro posan con sus trofeos a lo mejor del futbol 2022.<\/div>\n<div><\/div>\n<\/div>\n<div class=\"col col1\">\n<div class=\"credito-autor\">Afp<\/div>\n<div class=\"credito-titulo\"><\/div>\n<div class=\"hemero\">La Jornada<\/p>\n<\/div>\n<p class=\"s-s\">Par\u00eds.<\/p>\n<p class=\"s-s\">La Copa del Mundo conquistada por Argentina en Qatar se tradujo en un protagonismo absoluto de la Albiceleste en los premios The Best de la FIFA: Lionel Messi, Lionel Scaloni y Emiliano\u00a0<em>Dibu<\/em>\u00a0Mart\u00ednez recibieron los galardones al mejor jugador, t\u00e9cnico y arquero del a\u00f1o.<\/p>\n<p>Hasta la hinchada argentina, masiva y protagonista durante el mes de competencia en el emirato vio recompensada su pasi\u00f3n al ser nombrada la mejor afici\u00f3n del mundo, un laurel que recogi\u00f3 el popular Carlos Pascual\u00a0<em>El Tula<\/em>, legendario fan\u00e1tico rosarino.<\/p>\n<p><q>Este a\u00f1o fue una locura para m\u00ed, pude conseguir mi sue\u00f1o despu\u00e9s de tanto pelear, de tanto buscar e insistir. Es un sue\u00f1o para cualquier jugador, pero muy pocos lo pueden conseguir y yo lo pude tener<\/q>, declar\u00f3 Messi al recoger el premio, visiblemente nervioso.<\/p>\n<p>En las votaciones,\u00a0<em>La Pulga<\/em>\u00a0super\u00f3 a su compa\u00f1ero franc\u00e9s del PSG, Kylian Mbapp\u00e9, y a Karim Benzema, delantero galo del Real Madrid, quien en diciembre hab\u00eda ganado el Bal\u00f3n de Oro, prestigiosa corona que entrega la revista\u00a0<em>France Football<\/em>\u00a0al mejor futbolista del a\u00f1o.<\/p>\n<p>A sus 35 a\u00f1os, esta es la tercera ocasi\u00f3n que Messi gana este premio, luego lograrlo en 2009 (cuando el peque\u00f1o trofeo ten\u00eda el nombre de FIFA World Player of the Year) y 2019, sucediendo en el palmar\u00e9s al polaco del Barcelona Robert Lewandowski, condecorado en las dos ediciones anteriores.<\/p>\n<p>Dos meses y medio despu\u00e9s de triunfar en el Mundial, el futbol argentino fue el absoluto protagonista de la gala, con los premios a Scaloni y\u00a0<em>Dibu<\/em>\u00a0Mart\u00ednez.<\/p>\n<p class=\"sumario\">Renueva hasta 2026<\/p>\n<p class=\"s-s\">Luego de anunciarse su renovaci\u00f3n como seleccionador de la Albiceleste hasta 2026, Scaloni dio las gracias\u00a0<q>a los 26 jugadores que nos llevaron a la gloria<\/q>\u00a0en Qatar.<\/p>\n<\/div>\n<div class=\"col col2\">\n<p>El estratega dej\u00f3 atr\u00e1s al italiano Carlo Ancelotti, campe\u00f3n de la Liga de Campeones con el Real Madrid, y al espa\u00f1ol Josep Guardiola, ganador de la Premier League con el Manchester City.<\/p>\n<p><em>Dibu<\/em>\u00a0Mart\u00ednez, quien ya hab\u00eda sido elegido el mejor portero del Mundial, sum\u00f3 otro galard\u00f3n a sus 30 a\u00f1os tras ser decisivo en el tercer t\u00edtulo de la Albiceleste y batir en las votaciones al belga Thibaut Courtois y al marroqu\u00ed Yassine Bounou.<\/p>\n<p>En la categor\u00eda femenina, la espa\u00f1ola Alexia Putellas logr\u00f3 su segundo The Best consecutivo, pese a perderse buena parte de la pasada temporada con el Barcelona por una lesi\u00f3n de rodilla.<\/p>\n<p>El premio al mejor entrenador del balompi\u00e9 femenil fue para la holandesa Sarina Weigman, quien condujo a Inglaterra al t\u00edtulo en la Eurocopa, y como mejor portera fue para la inglesa Mary Earps.<\/p>\n<p>En la gala celebrada en la Sala Pleyel de la capital francesa se homenaje\u00f3 a Pel\u00e9, fallecido en diciembre, con la presencia de su viuda Marcia Aoki, quien no pudo contener el llanto cuando se emitieron unas im\u00e1genes del legendario\u00a0<em>O Rei<\/em>.<\/p>\n<p class=\"sumario\">Sal\u00f3n de la Fama<\/p>\n<p class=\"s-s\">En Espa\u00f1a, entretanto, se realiz\u00f3 una votaci\u00f3n para conocer a los nuevos integrantes del Sal\u00f3n de la Fama del Futbol en su Generaci\u00f3n 2023. Los elegidos fueron Rafael M\u00e1rquez, Cuauht\u00e9moc Blanco, Ricardo La Volpe, \u00d3scar\u00a0<em>Conejo<\/em>\u00a0P\u00e9rez, Fernando Quirarte y Emilio Azc\u00e1rraga Milmo; los decanos Jos\u00e9 Alves\u00a0<em>Zague<\/em>, Isidoro\u00a0<em>Chololo<\/em>\u00a0D\u00edaz y Uwe Seeler; as\u00ed como Andrea Rodebaugh y la brasile\u00f1a Pretinha en la rama femenil.<\/p>\n<\/div>\n<\/div>\n<div class=\"go gui\">\n<div class=\"go-up\"><\/div>\n<\/div>\n<\/div>\n<div id=\"taboola-below-content-thumbnails\" class=\" trc_related_container trc_spotlight_widget tbl-feed-container tbl-feed-frame-DIVIDER  render-late-effect\" data-feed-container-num=\"1\" data-feed-main-container-id=\"taboola-below-content-thumbnails\" data-parent-placement-name=\"Below Content Thumbnails\" data-pub-lang=\"es\">\n<div class=\" tbl-feed-header tbl-logo-right-position\">\n<div class=\"tbl-feed-header-logo\"><\/div>\n<\/div>\n<\/div>\n","protected":false},"excerpt":{"rendered":"<p>La albiceleste gana mejor jugador, t\u00e9cnico, arquero y afici\u00f3n Argentina arrasa en premios The Best con Messi, Scaloni y\u00a0Dibu Rafael M\u00e1rquez, Cuauht\u00e9moc Blanco, La Volpe,\u00a0Conejo\u00a0P\u00e9rez e Isidoro\u00a0Chololo\u00a0D\u00edaz, entre los elegidos al Sal\u00f3n de la Fama del Futbol mexicano Lionel Messi, Kylian Mbapp\u00e9, Achraf Hakimi y Casemiro posan con sus trofeos a lo mejor del futbol [&hellip;]<\/p>\n","protected":false},"author":249,"featured_media":31330,"comment_status":"open","ping_status":"closed","sticky":false,"template":"","format":"standard","meta":{"footnotes":""},"categories":[26],"tags":[],"class_list":["post-31329","post","type-post","status-publish","format-standard","has-post-thumbnail","hentry","category-mundo"],"_links":{"self":[{"href":"https:\/\/eloficiodehistoriar.com.mx\/index.php?rest_route=\/wp\/v2\/posts\/31329","targetHints":{"allow":["GET"]}}],"collection":[{"href":"https:\/\/eloficiodehistoriar.com.mx\/index.php?rest_route=\/wp\/v2\/posts"}],"about":[{"href":"https:\/\/eloficiodehistoriar.com.mx\/index.php?rest_route=\/wp\/v2\/types\/post"}],"author":[{"embeddable":true,"href":"https:\/\/eloficiodehistoriar.com.mx\/index.php?rest_route=\/wp\/v2\/users\/249"}],"replies":[{"embeddable":true,"href":"https:\/\/eloficiodehistoriar.com.mx\/index.php?rest_route=%2Fwp%2Fv2%2Fcomments&post=31329"}],"version-history":[{"count":1,"href":"https:\/\/eloficiodehistoriar.com.mx\/index.php?rest_route=\/wp\/v2\/posts\/31329\/revisions"}],"predecessor-version":[{"id":31331,"href":"https:\/\/eloficiodehistoriar.com.mx\/index.php?rest_route=\/wp\/v2\/posts\/31329\/revisions\/31331"}],"wp:featuredmedia":[{"embeddable":true,"href":"https:\/\/eloficiodehistoriar.com.mx\/index.php?rest_route=\/wp\/v2\/media\/31330"}],"wp:attachment":[{"href":"https:\/\/eloficiodehistoriar.com.mx\/index.php?rest_route=%2Fwp%2Fv2%2Fmedia&parent=31329"}],"wp:term":[{"taxonomy":"category","embeddable":true,"href":"https:\/\/eloficiodehistoriar.com.mx\/index.php?rest_route=%2Fwp%2Fv2%2Fcategories&post=31329"},{"taxonomy":"post_tag","embeddable":true,"href":"https:\/\/eloficiodehistoriar.com.mx\/index.php?rest_route=%2Fwp%2Fv2%2Ftags&post=31329"}],"curies":[{"name":"wp","href":"https:\/\/api.w.org\/{rel}","templated":true}]}}