{"id":31332,"date":"2023-02-28T14:34:20","date_gmt":"2023-02-28T20:34:20","guid":{"rendered":"https:\/\/eloficiodehistoriar.com.mx\/?p=31332"},"modified":"2023-02-28T14:34:20","modified_gmt":"2023-02-28T20:34:20","slug":"la-guerra-en-ucrania-llega-a-un-ano-no-se-avizora-el-final-el-sufrimiento-y-la-destruccion","status":"publish","type":"post","link":"https:\/\/eloficiodehistoriar.com.mx\/?p=31332","title":{"rendered":"La guerra en Ucrania llega a un a\u00f1o no se avizora el final, el sufrimiento y la destrucci\u00f3n"},"content":{"rendered":"<div id=\"article-cont\" class=\"main-cont article-cont actuality\">\n<div class=\"cabeza\">Chomsky: no necesitamos una OTAN m\u00e1s fuerte<\/div>\n<div class=\"sumarios\"><\/div>\n<div id=\"article-text\" class=\"text\">\n<div class=\"foto\">\n<div class=\"pie-foto\">En tanto Alemania y Estados Unidos acuerdan enviar tanques a Kiev, Zelensky insiste en que provean de misiles de largo alcance y aviones caza.<\/div>\n<div><\/div>\n<\/div>\n<div class=\"col col1\">\n<div class=\"credito-autor\">C. J. Polychroniou*<\/div>\n<div class=\"credito-titulo\"><\/div>\n<div class=\"hemero\">La Jornada<\/p>\n<\/div>\n<p class=\"s-s\">La guerra en Ucrania llega a un a\u00f1o sin que se avizore el final de los combates, el sufrimiento y la destrucci\u00f3n. La pr\u00f3xima fase podr\u00eda convertirse en un ba\u00f1o de sangre, ahora que Estados Unidos y Alemania acuerdan proveer de tanques a Kiev y que Volodymir Zelensky demanda que Occidente env\u00ede misiles de largo alcance y aviones caza.<\/p>\n<p>Cada vez es m\u00e1s obvio que se trata de una guerra de Estados Unidos y la OTAN contra Rusia, se\u00f1ala Noam Chomsky, al refutar la idea de que, a la luz de la invasi\u00f3n rusa a Ucrania, se requiere fortalecer a la OTAN.\u00a0<q>Quienes quieren una Organizaci\u00f3n m\u00e1s fuerte tal vez querr\u00edan pensar en lo que la OTAN hace ahora mismo y en la forma en que \u00e9sta se ve a s\u00ed misma<\/q>, dice Chomsky, y advierte sobre\u00a0<q>la creciente amenaza de que se den m\u00e1s pasos hacia una guerra nuclear<\/q>.<\/p>\n<p>\u2013\u00bfCu\u00e1l es su evaluaci\u00f3n de los sucesos m\u00e1s recientes en este conflicto?<\/p>\n<p>\u2013Podemos comenzar por preguntarnos qu\u00e9 no est\u00e1 en esa agenda. La respuesta es f\u00e1cil: hacer esfuerzos por poner fin a los horrores antes de que se vuelvan algo mucho peor.\u00a0<q>Mucho peor<\/q>\u00a0empieza con una mayor devastaci\u00f3n de Ucrania, de por s\u00ed terrible. Por poner algunos ejemplos menores, al 23 de febrero pasado la ONU estima en unas 7 mil las muertes de civiles en Ucrania. Sin duda es un c\u00e1lculo demasiado bajo; si lo triplicamos, llegamos al probable saldo de la invasi\u00f3n israel\u00ed de L\u00edbano, con apoyo estadunidense, en 1982. Si lo multiplicamos por 30, llegamos al total de la matanza perpetrada por Ronald Reagan en Centroam\u00e9rica, una de las incursiones en peque\u00f1a escala de Washington. Y as\u00ed por el estilo.<\/p>\n<p>Pero\u00a0<q>mucho peor<\/q>\u00a0va mucho m\u00e1s all\u00e1 de la cuota mortal en Ucrania. Incluye a quienes enfrentan la hambruna por la restricci\u00f3n a los granos y fertilizantes de la rica regi\u00f3n del Mar Negro; la creciente amenaza de nuevos pasos hacia la guerra nuclear (es decir, terminal), y, lo que puede considerarse lo peor de todo, la reversi\u00f3n de los esfuerzos limitados por impedir la inminente cat\u00e1strofe del calentamiento global, que no deber\u00eda ser necesario revisar.<\/p>\n<p>Los medios acaban de informar que el Pent\u00e1gono convoca a un programa ultrasecreto para insertar\u00a0<q>equipos de control<\/q>\u00a0en Ucrania que rastreen el movimiento de tropas. Tambi\u00e9n ha revelado que Estados Unidos ha estado proporcionando informaci\u00f3n para dirigir todos los ataques con armas avanzadas,\u00a0<q>pr\u00e1ctica previamente oculta que revela un papel m\u00e1s profundo y operativamente activo del Pent\u00e1gono en la guerra<\/q>. En alg\u00fan momento podr\u00eda haber represalias rusas, que ser\u00edan un paso m\u00e1s para agravar el conflicto.<\/p>\n<p>Persistiendo en su curso actual, la guerra llegar\u00e1 a confirmar la opini\u00f3n de gran parte del mundo fuera de Occidente de que se trata de una guerra entre Estados Unidos y Rusia con cad\u00e1veres ucranios\u2026 cada vez m\u00e1s muertos.<\/p>\n<p>Ha habido verdaderos \u00e9xitos para la pol\u00edtica oficial de causar da\u00f1o severo a Rusia. Como han indicado muchos comentaristas, por una fracci\u00f3n de su colosal presupuesto militar, Estados Unidos, porconducto de Ucrania, est\u00e1 degradando de manera significativa la capacidad militar de su \u00fanico adversario en esta arena, lo cual no es un logro menor. En el dominio geopol\u00edtico, resuelve, al menos de manera temporal, lo que ha sido un tema importante en toda la era posterior a la Segunda Guerra Mundial: asegurar que Europa permanezca bajo control estadunidense dentro del sistema de la OTAN, en vez de adoptar un curso independiente e integrarse m\u00e1s con su socio comercial del este, rico en recursos naturales.<\/p>\n<p>\u00bfQuedan oportunidades para la diplomacia? Al continuar los combates, las posturas se endurecen, como es de esperarse. Por ahora las posturas de Ucrania y Rusia parecen irreconciliables.<\/p>\n<p class=\"sumario\">Un estribillo constante<\/p>\n<p class=\"s-s\">\u2013Analistas lo citan a usted como uno de los que son lo bastante ingenuos para creer que Occidente es responsable de crear las condiciones que provocaron el ataque ruso a Ucrania. \u00bfQu\u00e9 piensa de este\u00a0<q>an\u00e1lisis<\/q>?<\/p>\n<p>\u2013No tiene mucho caso perder tiempo en esta\u00a0<q>locura absoluta<\/q>\u00a0que, en el caso que menciona, tambi\u00e9n llama a la devastaci\u00f3n de Ucrania y a causar grandes da\u00f1os m\u00e1s all\u00e1 de ella.<\/p>\n<p>Sin embargo, no es una locura total. Tienen raz\u00f3n en lo que dicen de m\u00ed, aunque podr\u00edan a\u00f1adir que me acompa\u00f1an casi todos los historiadores y una amplia gama de prominentes expertos en pol\u00edtica desde la d\u00e9cada de 1990. En la lista est\u00e1, de hecho, cualquier persona ilustrada que sea capaz de revisar el muy claro historial y diplom\u00e1tico con mente abierta.<\/p>\n<p>\u2013El intelectual neoliberal polaco Adam Michnik tambi\u00e9n lo cita a usted como uno de los que cometen el pecado mortal de no hacer distinciones entre la invasi\u00f3n de Estados Unidos a Irak y la de Rusia a Ucrania. \u00bfQu\u00e9 opina?<\/p>\n<p>\u2013Fuera de la burbuja occidental, que se protege a s\u00ed misma, el racismo se percibe en t\u00e9rminos m\u00e1s crudos, por ejemplo, en lo que dice la distinguida escritora y activista pol\u00edtica india Arundhati Roy:\u00a0<q>Ucrania no se ve aqu\u00ed como algo que cuente una clara historia moral. Cuando se bombardea o se somete a personas de piel caf\u00e9 o negra a la t\u00e1ctica de convulsi\u00f3n y terror, no importa, pero con personas blancas se supone que es diferente<\/q>.<\/p>\n<\/div>\n<div class=\"col col2\">\n<p>Debemos reconocer, sin embargo, que Europa oriental es un caso un tanto especial. Por razones conocidas y evidentes, las \u00e9lites de esa regi\u00f3n tienden a ser m\u00e1s susceptibles de lo normal a la propaganda estadunidense. \u00c9sa es la base de la distinci\u00f3n de Donald Rumsfeld entre la vieja y la nueva Europa. La vieja Europa son los chicos malos, quienes se negaron a secundar la invasi\u00f3n estadunidense a Irak, encumbrados por ideas anticuadas acerca del derecho internacional y la moralidad elemental. La nueva Europa, en su mayor\u00eda los antiguos sat\u00e9lites sovi\u00e9ticos, son los chicos buenos, por ese antecedente.<\/p>\n<p class=\"sumario\">\u00c9sa es la OTAN&#8230;<\/p>\n<p class=\"s-s\">\u2013Por \u00faltimo, existen incluso ciertos intelectuales\u00a0<q>de izquierda<\/q>\u00a0que han adoptado la postura de que el mundo actual, a la luz de la invasi\u00f3n rusa a Ucrania, necesita una OTAN m\u00e1s fuerte y que no deber\u00eda haber soluciones negociadas al conflicto. \u00bfCu\u00e1l es su opini\u00f3n sobre esta extra\u00f1a posici\u00f3n\u00a0<q>izquierdista<\/q>?\u2013De alg\u00fan modo me perd\u00ed los llamados de la izquierda a un renacimiento del Pacto de Varsovia cuando Estados Unidos invadi\u00f3 Irak y Afganist\u00e1n mientras atacaba tambi\u00e9n a Serbia y Libia, siempre con pretextos, claro. Quienes llaman a fortalecer la OTAN tal vez quieran pensar en lo que \u00e9sta hace en estos momentos, y tambi\u00e9n en la forma en que la organizaci\u00f3n se presenta a s\u00ed misma. La m\u00e1s reciente cumbre de la OTAN extendi\u00f3 el Atl\u00e1ntico Norte hasta el Indo-Pac\u00edfico, es decir, a todo el mundo. El papel de la organizaci\u00f3n es participar en el proyecto estadunidense de planear una guerra con China, lo cual ya es una guerra econ\u00f3mica.<\/p>\n<p>En un editorial de 2005, que denunciaba el uso de f\u00f3sforo blanco en Irak, el\u00a0<em>New York Times<\/em>\u00a0(<em>NYT)\u00a0<\/em>lo describ\u00eda as\u00ed:\u00a0<q>empacado en un cartucho de artiller\u00eda, explota sobre un campo de batalla con una luz blanca que puede iluminar las posiciones enemigas. Tambi\u00e9n causa una lluvia de bolas de qu\u00edmicos ardientes, que se adhieren a todo lo que tocan y arden hasta que se agota su provisi\u00f3n de ox\u00edgeno. Pueden llegar a arder durante horas dentro de un organismo humano<\/q>.<\/p>\n<p>A principios de noviembre de 2004, junto con los reportes del\u00a0<em>NYT<\/em>\u00a0del ataque al principal hospital de Faluya, la revista\u00a0<em>The Nation<\/em>\u00a0se refiri\u00f3 a\u00a0<q>informes de que las fuerzas armadas estadunidenses dieron muerte a decenas de pacientes en un ataque a un centro de salud de Faluya y han privado a civiles de atenci\u00f3n m\u00e9dica, alimentos y agua<\/q>.<\/p>\n<p>La BBC report\u00f3 el 11 de noviembre de 2004: \u201csin agua ni electricidad, nos sentimos aislados por completo de todas las dem\u00e1s personas\u2026. hay mujeres y ni\u00f1os muertos en las calles. La gente se debilita por el hambre. Muchos mueren por sus heridas porque no se consigue ninguna ayuda m\u00e9dica en la ciudad\u201d.<\/p>\n<p>\u00c9sa es la OTAN, para quienes quieran enterarse de lo que ocurre en el mundo.<\/p>\n<p>Las \u00f3rdenes de muy arriba dicen que es escandaloso comparar el ataque del nuevo Hitler a Ucrania con la desorientada, pero benigna misi\u00f3n de caridad de Estados Unidos y Gran Breta\u00f1a para ayudar a los iraqu\u00edes a deshacerse de un malvado dictador\u2026 al que Estados Unidos apoy\u00f3 con entusiasmo cuando comet\u00eda sus peores cr\u00edmenes, pero no es tema apropiado para la clase intelectual.<\/p>\n<p>Una vez m\u00e1s, debemos ser justos. No todos est\u00e1n de acuerdo en que es inapropiado plantear dudas sobre la misi\u00f3n estadunidense en Irak. En fechas recientes se ha hecho mucho ruido sobre el rechazo de Harvard al director de Human Rights Watch, Kenneth Roth, para ocupar una posici\u00f3n en la Escuela Kennedy, el cual se rescindi\u00f3 r\u00e1pidamente ante las protestas. Las credenciales de Roth fueron elogiadas. Incluso tom\u00f3 la postura negativa en un debate, moderada por la notable activista pro derechos humanos Samantha Power, respecto de si la invasi\u00f3n de Irak califica como intervenci\u00f3n humanitaria. (Michael Ignatieff, director del Centro Carr Center por los Derechos Humanos, afirm\u00f3 que s\u00ed calificaba.)<\/p>\n<p>Qu\u00e9 afortunados somos de que, en la c\u00faspide del mundo intelectual, nuestra cultura es tan libre y abierta que podemos tener un debate acerca de si esa empresa fue un ejercicio de humanitarismo.<\/p>\n<p>Los indisciplinados podr\u00edan preguntar c\u00f3mo reaccionar\u00edamos ante un acto semejante en la Universidad de Mosc\u00fa.<\/p>\n<p>*\u00a0<em>Publicado originalmente en<\/em><\/p>\n<p>Truthout.\u00a0<em>Traducci\u00f3n: Jorge Anaya<\/em><\/p>\n<\/div>\n<\/div>\n<div class=\"go gui\">\n<div class=\"go-up\"><\/div>\n<\/div>\n<\/div>\n<div id=\"taboola-below-content-thumbnails\" class=\" trc_related_container trc_spotlight_widget tbl-feed-container tbl-feed-frame-DIVIDER  render-late-effect\" data-feed-container-num=\"1\" data-feed-main-container-id=\"taboola-below-content-thumbnails\" data-parent-placement-name=\"Below Content Thumbnails\" data-pub-lang=\"es\">\n<div class=\" tbl-feed-header tbl-logo-right-position\">\n<div class=\"tbl-feed-header-logo\"><\/div>\n<\/div>\n<\/div>\n","protected":false},"excerpt":{"rendered":"<p>Chomsky: no necesitamos una OTAN m\u00e1s fuerte En tanto Alemania y Estados Unidos acuerdan enviar tanques a Kiev, Zelensky insiste en que provean de misiles de largo alcance y aviones caza. C. J. Polychroniou* La Jornada La guerra en Ucrania llega a un a\u00f1o sin que se avizore el final de los combates, el sufrimiento [&hellip;]<\/p>\n","protected":false},"author":249,"featured_media":31333,"comment_status":"open","ping_status":"closed","sticky":false,"template":"","format":"standard","meta":{"footnotes":""},"categories":[26],"tags":[],"class_list":["post-31332","post","type-post","status-publish","format-standard","has-post-thumbnail","hentry","category-mundo"],"_links":{"self":[{"href":"https:\/\/eloficiodehistoriar.com.mx\/index.php?rest_route=\/wp\/v2\/posts\/31332","targetHints":{"allow":["GET"]}}],"collection":[{"href":"https:\/\/eloficiodehistoriar.com.mx\/index.php?rest_route=\/wp\/v2\/posts"}],"about":[{"href":"https:\/\/eloficiodehistoriar.com.mx\/index.php?rest_route=\/wp\/v2\/types\/post"}],"author":[{"embeddable":true,"href":"https:\/\/eloficiodehistoriar.com.mx\/index.php?rest_route=\/wp\/v2\/users\/249"}],"replies":[{"embeddable":true,"href":"https:\/\/eloficiodehistoriar.com.mx\/index.php?rest_route=%2Fwp%2Fv2%2Fcomments&post=31332"}],"version-history":[{"count":1,"href":"https:\/\/eloficiodehistoriar.com.mx\/index.php?rest_route=\/wp\/v2\/posts\/31332\/revisions"}],"predecessor-version":[{"id":31334,"href":"https:\/\/eloficiodehistoriar.com.mx\/index.php?rest_route=\/wp\/v2\/posts\/31332\/revisions\/31334"}],"wp:featuredmedia":[{"embeddable":true,"href":"https:\/\/eloficiodehistoriar.com.mx\/index.php?rest_route=\/wp\/v2\/media\/31333"}],"wp:attachment":[{"href":"https:\/\/eloficiodehistoriar.com.mx\/index.php?rest_route=%2Fwp%2Fv2%2Fmedia&parent=31332"}],"wp:term":[{"taxonomy":"category","embeddable":true,"href":"https:\/\/eloficiodehistoriar.com.mx\/index.php?rest_route=%2Fwp%2Fv2%2Fcategories&post=31332"},{"taxonomy":"post_tag","embeddable":true,"href":"https:\/\/eloficiodehistoriar.com.mx\/index.php?rest_route=%2Fwp%2Fv2%2Ftags&post=31332"}],"curies":[{"name":"wp","href":"https:\/\/api.w.org\/{rel}","templated":true}]}}