{"id":31339,"date":"2023-03-01T12:48:24","date_gmt":"2023-03-01T18:48:24","guid":{"rendered":"https:\/\/eloficiodehistoriar.com.mx\/?p=31339"},"modified":"2023-03-01T12:48:24","modified_gmt":"2023-03-01T18:48:24","slug":"entre-camaras-flashes-filtros-y-fotografias-familiares-archivo-fotografico-walter-reuter","status":"publish","type":"post","link":"https:\/\/eloficiodehistoriar.com.mx\/?p=31339","title":{"rendered":"Entre c\u00e1maras, flashes, filtros y fotograf\u00edas familiares.  Archivo Fotogr\u00e1fico Walter Reuter"},"content":{"rendered":"<div id=\"article-cont\" class=\"main-cont article-cont actuality\">\n<div class=\"series\">Registro de la intimidad<\/div>\n<div><\/div>\n<div class=\"cabeza\"><q>El ind\u00edgena que vino del otro lado del mar<\/q><\/div>\n<div class=\"sumarios\">\n<p>Walter Reuter era un gran viajero que iba adonde nadie quer\u00eda ir<\/p>\n<\/div>\n<div id=\"article-text\" class=\"text\">\n<div class=\"foto\">\n<div class=\"pie-foto\">Ni\u00f1os triquis brincando, imagen del artista de origen alem\u00e1n Walter Reuter.<\/div>\n<div><\/div>\n<\/div>\n<div class=\"col col1\">\n<div class=\"credito-titulo\"><\/div>\n<div class=\"hemero\">La Jornada<\/p>\n<\/div>\n<p class=\"s-s\">Entre c\u00e1maras fotogr\u00e1ficas, flashes, filtros y fotograf\u00edas familiares, en el Archivo Fotogr\u00e1fico Walter Reuter se encuentran\u00a0<q>m\u00e1s de 150 cartas in\u00e9ditas, escritas en alem\u00e1n antiguo, por Sulamith Siliava, primera esposa del fot\u00f3grafo Walter Reuter<\/q>.<\/p>\n<p>Dicha correspondencia es parte del archivo familiar y personal del fotorreportero, cuyas vicisitudes, desde que sali\u00f3 huyendo perseguido por el r\u00e9gimen de la Alemania nazi en 1933 hasta su llegada a M\u00e9xico en 1942,\u00a0<q>son de novela o de pel\u00edcula<\/q>, comentaron en charla con\u00a0<em>La Jornada<\/em>, Hely Reuter, hija del reconocido fot\u00f3grafo y documentalista alem\u00e1n, y el fot\u00f3grafo e investigador Ariel Arnal, quien actualmente dirige la catalogaci\u00f3n de dicho fondo fotogr\u00e1fico.<\/p>\n<p>La historia y vida de mi padre es muy intensa y curiosa, comparti\u00f3 Hely. Antes de arribar a nuestro pa\u00eds,\u00a0<q>Walter estuvo seis a\u00f1os en Espa\u00f1a, luego en Francia y despu\u00e9s por casi dos a\u00f1os en un campo de trabajos forzados en Argelia<\/q>.<\/p>\n<p>S\u00f3lo se conservan las cartas que Sulamith Siliava le escribi\u00f3 a Walter Reuter, las que \u00e9l le escribi\u00f3 a ella se perdieron, coment\u00f3 Hely. Al estar escritas con una caligraf\u00eda de alem\u00e1n antiguo, uno de los problemas es su traducci\u00f3n, ya que se necesita a un estudioso o pale\u00f3grafo de la lengua alemana.<\/p>\n<p><q>Ese material es muy importante porque estamos seguros de que ah\u00ed se habla de la guerra civil espa\u00f1ola, del periodo en que ella est\u00e1 exiliada en Par\u00eds, con su hijo, mientras \u00e9l est\u00e1 preso en Argelia. Las cartas nos pueden servir para mapear qui\u00e9nes eran los amigos espa\u00f1oles, alemanes y franceses de Walter<\/q>, dijo Arnal.<\/p>\n<p>Hay otro documento que forma parte de su archivo fotogr\u00e1fico, en el que Walter se ofreci\u00f3 como voluntario para ingresar al ej\u00e9rcito franc\u00e9s y luchar contra Alemania, pero como ten\u00eda nacionalidad alemana, el gobierno franc\u00e9s lo tom\u00f3 preso y lo mand\u00f3 a una especie de campo de concentraci\u00f3n, hasta que corroboraron que era antifascista y lo soltaron. El archivo integra tambi\u00e9n\u00a0<q>unas 2 mil fotograf\u00edas estrictamente familiares<\/q>.<\/p>\n<\/div>\n<div class=\"col col2\">\n<p>Walter lleg\u00f3 en 1942 al puerto de Veracruz con su primer hijo, que hab\u00eda nacido en Espa\u00f1a, y su primera esposa, Sulamith Siliava, embarazada de su hija, que dio a luz en M\u00e9xico. De Veracruz se trasladaron a la Ciudad de M\u00e9xico, donde siempre trabaj\u00f3 de manera independiente, nunca estuvo en la n\u00f3mina de ninguna revista o peri\u00f3dico.<\/p>\n<p><q>Trabajaba por proyectos. Alguna instituci\u00f3n o compa\u00f1\u00eda privada lo mandaban a documentar, por ejemplo, a la Selva Lacandona. Se met\u00eda donde nadie se quer\u00eda meter, ya que hab\u00eda que transportarse a lomo de mula para subir la Sierra Tarahumara, o en barcazas para meterse en los manglares. Donde ning\u00fan fot\u00f3grafo quer\u00eda ir, \u00e9l dec\u00eda que s\u00ed, porque era un gran viajero<\/q>, explic\u00f3 Arnal.<\/p>\n<p>A Walter, abund\u00f3 el investigador, \u201cle toc\u00f3 hacer ese tipo de investigaci\u00f3n con, por ejemplo, Juan Rulfo, lo interesante es que ambos tienen tomas muy parecidas sobre ciertas comunidades ind\u00edgenas.<\/p>\n<p class=\"sumario\">Ciudadano del mundo<\/p>\n<p class=\"s-s\"><q>Si bien Walter Reuter se enamor\u00f3 del pa\u00eds, curiosamente nunca se quiso nacionalizar, siempre se mantuvo como alem\u00e1n, a pesar de que el gobierno nazi lo despoj\u00f3 de la nacionalidad alemana, la cual recuper\u00f3 en 1957. Todo el tiempo que vivi\u00f3 en M\u00e9xico su nacionalidad era la espa\u00f1ola, la cual todav\u00eda no se sabe a ciencia cierta c\u00f3mo la obtuvo, pero se cree que se la consigui\u00f3 el c\u00f3nsul mexicano en Marsella, Gilberto Bosques. Es decir, Walter estuvo en M\u00e9xico como espa\u00f1ol de 1942 a 1957<\/q>.<\/p>\n<p>Aunque a final de cuentas, a\u00f1adi\u00f3 Arnal, \u201ca \u00e9l le ten\u00eda sin cuidado la cuesti\u00f3n de las nacionalidades. Cuando estuvo en nuestro pa\u00eds, m\u00e1s que sentirse mexicano, me atrevo a decir que se sent\u00eda y se identificaba con los ind\u00edgenas.<\/p>\n<p><q>La frase que siempre dec\u00eda era que \u00e9l era un ind\u00edgena que hab\u00eda venido del otro lado del mar. Tan profunda era su convivencia y compromiso, que la mitad de sus cenizas se encuentran en el poblado de San Andr\u00e9s Chicahuaxtla, en la Sierra de Oaxaca, donde fue reconocido como mayordomo de la comunidad.<\/q><\/p>\n<\/div>\n<\/div>\n<div class=\"go gui\">\n<div class=\"go-up\"><\/div>\n<\/div>\n<\/div>\n<div id=\"taboola-below-content-thumbnails\" class=\" trc_related_container trc_spotlight_widget tbl-feed-container tbl-feed-frame-DIVIDER  render-late-effect\" data-feed-container-num=\"1\" data-feed-main-container-id=\"taboola-below-content-thumbnails\" data-parent-placement-name=\"Below Content Thumbnails\" data-pub-lang=\"es\">\n<div class=\" tbl-feed-header tbl-logo-right-position\">\n<div class=\"tbl-feed-header-logo\"><\/div>\n<\/div>\n<\/div>\n","protected":false},"excerpt":{"rendered":"<p>Registro de la intimidad El ind\u00edgena que vino del otro lado del mar Walter Reuter era un gran viajero que iba adonde nadie quer\u00eda ir Ni\u00f1os triquis brincando, imagen del artista de origen alem\u00e1n Walter Reuter. La Jornada Entre c\u00e1maras fotogr\u00e1ficas, flashes, filtros y fotograf\u00edas familiares, en el Archivo Fotogr\u00e1fico Walter Reuter se encuentran\u00a0m\u00e1s de [&hellip;]<\/p>\n","protected":false},"author":249,"featured_media":31340,"comment_status":"open","ping_status":"closed","sticky":false,"template":"","format":"standard","meta":{"footnotes":""},"categories":[26],"tags":[],"class_list":["post-31339","post","type-post","status-publish","format-standard","has-post-thumbnail","hentry","category-mundo"],"_links":{"self":[{"href":"https:\/\/eloficiodehistoriar.com.mx\/index.php?rest_route=\/wp\/v2\/posts\/31339","targetHints":{"allow":["GET"]}}],"collection":[{"href":"https:\/\/eloficiodehistoriar.com.mx\/index.php?rest_route=\/wp\/v2\/posts"}],"about":[{"href":"https:\/\/eloficiodehistoriar.com.mx\/index.php?rest_route=\/wp\/v2\/types\/post"}],"author":[{"embeddable":true,"href":"https:\/\/eloficiodehistoriar.com.mx\/index.php?rest_route=\/wp\/v2\/users\/249"}],"replies":[{"embeddable":true,"href":"https:\/\/eloficiodehistoriar.com.mx\/index.php?rest_route=%2Fwp%2Fv2%2Fcomments&post=31339"}],"version-history":[{"count":1,"href":"https:\/\/eloficiodehistoriar.com.mx\/index.php?rest_route=\/wp\/v2\/posts\/31339\/revisions"}],"predecessor-version":[{"id":31341,"href":"https:\/\/eloficiodehistoriar.com.mx\/index.php?rest_route=\/wp\/v2\/posts\/31339\/revisions\/31341"}],"wp:featuredmedia":[{"embeddable":true,"href":"https:\/\/eloficiodehistoriar.com.mx\/index.php?rest_route=\/wp\/v2\/media\/31340"}],"wp:attachment":[{"href":"https:\/\/eloficiodehistoriar.com.mx\/index.php?rest_route=%2Fwp%2Fv2%2Fmedia&parent=31339"}],"wp:term":[{"taxonomy":"category","embeddable":true,"href":"https:\/\/eloficiodehistoriar.com.mx\/index.php?rest_route=%2Fwp%2Fv2%2Fcategories&post=31339"},{"taxonomy":"post_tag","embeddable":true,"href":"https:\/\/eloficiodehistoriar.com.mx\/index.php?rest_route=%2Fwp%2Fv2%2Ftags&post=31339"}],"curies":[{"name":"wp","href":"https:\/\/api.w.org\/{rel}","templated":true}]}}