{"id":31380,"date":"2023-03-03T16:46:16","date_gmt":"2023-03-03T22:46:16","guid":{"rendered":"https:\/\/eloficiodehistoriar.com.mx\/?p=31380"},"modified":"2023-03-03T16:46:16","modified_gmt":"2023-03-03T22:46:16","slug":"confunde-lo-aparente-con-lo-real-lo-fenomenico-con-la-sustancia","status":"publish","type":"post","link":"https:\/\/eloficiodehistoriar.com.mx\/?p=31380","title":{"rendered":"Confunde lo aparente con lo real, lo fenom\u00e9nico con la sustancia"},"content":{"rendered":"<div id=\"article-cont\" class=\"main-cont article-cont analysis\">\n<div class=\"cabeza\">Confundir lo aparente con lo real<\/div>\n<div class=\"sumarios\"><\/div>\n<div class=\"credito-articulo\">Jos\u00e9 Cueli<\/div>\n<div><\/div>\n<div id=\"article-text\" class=\"text\">\n<div class=\"col col1\">\n<div class=\"inicial\">Nuevamente\u00a0regreso a don Quijote; todo se le desmadej\u00f3 brumosamente hasta dar la impresi\u00f3n de que nada era nada, de que todo era un sue\u00f1o, una ilusi\u00f3n, y\u00a0<q>los sue\u00f1os, sue\u00f1os son<\/q>.<\/div>\n<p>\u00a1Ni de ellos somos amos!<\/p>\n<p>Don Quijote confunde lo aparente con lo real, lo fenom\u00e9nico con la sustancia, y de esta confusi\u00f3n de sentimientos hab\u00eda de registrarse su desencanto brusco y progresivo, sus ideales se desvanecen como un sue\u00f1o-delirio confundido con la vida.<\/p>\n<p>Resultado del grado de fijeza en que, peregrino por los campos, se queda inm\u00f3vil y al andar sutilmente se percata de que entra al tiempo (tiempo puro, temporalizaci\u00f3n, recurso de la temporalidad discontinua, pensamiento de la diferencia: derridiana). Porque andar no es otra cosa que tiempo. Lo impalpable, lo misterioso del ser,\u00a0<q>eso<\/q>\u00a0que se nos escapa siempre, se nos va de las manos.<\/p>\n<p>Y, \u00bfc\u00f3mo apresar eso que\u00a0<q>falta<\/q>, eso que no se ve, eso que fluye, denso e impalpable, que no es otra cosa que la firme existencia invisible del ser en contacto con una realidad indefinible que resume lo que buscaba: la faz invulnerable de la vida, su palpitante acecho.<\/p>\n<\/div>\n<div class=\"col col2\">\n<p>\u00bfNo ser\u00e1 que don Quijote nos habla de este ser que, a fuerza de serlo tan oculto se manifiesta no a trav\u00e9s de lo oculto, sino de lo visible; no sumido en la inmutabilidad, sino al contrario, en movimiento constante, movi\u00e9ndose inquietantemente sobre los ef\u00edmeros talones de lo transitorio?<\/p>\n<p>S\u00ed, el Quijote confunde lo aparente con lo real, lo fenom\u00e9nico con la sustancia, y de esta confusi\u00f3n de sentimientos habr\u00eda de registrarse un desencanto brusco y progresivo. Sus ideales se desvanecen como un sue\u00f1o confundido con la vida.<\/p>\n<p>Resultado del grado de fijeza en que, peregrino por los campos y pueblos, se queda inm\u00f3vil y al andar, sutilmente, se percata de que entr\u00f3 al tiempo (tiempo puro, recurso de la temporalidad discontinua, pensamiento de la diferencia derridiana). Porque el andar no es otra cosa que tiempo. Lo impalpable, lo misterioso, el ser,\u00a0<q>eso<\/q>\u00a0que se nos escapa siempre, se nos va de las manos. Y, \u00bfc\u00f3mo apresar eso que\u00a0<q>falta<\/q>, eso que no se ve, eso que fluye, denso e inasible?<\/p>\n<p class=\"email\">\n<\/div>\n<\/div>\n<div class=\"go gui\">\n<div class=\"go-up\"><\/div>\n<\/div>\n<\/div>\n","protected":false},"excerpt":{"rendered":"<p>Confundir lo aparente con lo real Jos\u00e9 Cueli Nuevamente\u00a0regreso a don Quijote; todo se le desmadej\u00f3 brumosamente hasta dar la impresi\u00f3n de que nada era nada, de que todo era un sue\u00f1o, una ilusi\u00f3n, y\u00a0los sue\u00f1os, sue\u00f1os son. \u00a1Ni de ellos somos amos! Don Quijote confunde lo aparente con lo real, lo fenom\u00e9nico con la [&hellip;]<\/p>\n","protected":false},"author":249,"featured_media":31381,"comment_status":"open","ping_status":"closed","sticky":false,"template":"","format":"standard","meta":{"footnotes":""},"categories":[26],"tags":[],"class_list":["post-31380","post","type-post","status-publish","format-standard","has-post-thumbnail","hentry","category-mundo"],"_links":{"self":[{"href":"https:\/\/eloficiodehistoriar.com.mx\/index.php?rest_route=\/wp\/v2\/posts\/31380","targetHints":{"allow":["GET"]}}],"collection":[{"href":"https:\/\/eloficiodehistoriar.com.mx\/index.php?rest_route=\/wp\/v2\/posts"}],"about":[{"href":"https:\/\/eloficiodehistoriar.com.mx\/index.php?rest_route=\/wp\/v2\/types\/post"}],"author":[{"embeddable":true,"href":"https:\/\/eloficiodehistoriar.com.mx\/index.php?rest_route=\/wp\/v2\/users\/249"}],"replies":[{"embeddable":true,"href":"https:\/\/eloficiodehistoriar.com.mx\/index.php?rest_route=%2Fwp%2Fv2%2Fcomments&post=31380"}],"version-history":[{"count":1,"href":"https:\/\/eloficiodehistoriar.com.mx\/index.php?rest_route=\/wp\/v2\/posts\/31380\/revisions"}],"predecessor-version":[{"id":31382,"href":"https:\/\/eloficiodehistoriar.com.mx\/index.php?rest_route=\/wp\/v2\/posts\/31380\/revisions\/31382"}],"wp:featuredmedia":[{"embeddable":true,"href":"https:\/\/eloficiodehistoriar.com.mx\/index.php?rest_route=\/wp\/v2\/media\/31381"}],"wp:attachment":[{"href":"https:\/\/eloficiodehistoriar.com.mx\/index.php?rest_route=%2Fwp%2Fv2%2Fmedia&parent=31380"}],"wp:term":[{"taxonomy":"category","embeddable":true,"href":"https:\/\/eloficiodehistoriar.com.mx\/index.php?rest_route=%2Fwp%2Fv2%2Fcategories&post=31380"},{"taxonomy":"post_tag","embeddable":true,"href":"https:\/\/eloficiodehistoriar.com.mx\/index.php?rest_route=%2Fwp%2Fv2%2Ftags&post=31380"}],"curies":[{"name":"wp","href":"https:\/\/api.w.org\/{rel}","templated":true}]}}