{"id":31384,"date":"2023-03-04T12:24:24","date_gmt":"2023-03-04T18:24:24","guid":{"rendered":"https:\/\/eloficiodehistoriar.com.mx\/?p=31384"},"modified":"2023-03-04T12:24:24","modified_gmt":"2023-03-04T18:24:24","slug":"el-asesinato-de-pasolini-rodeado-de-un-halo-de-misterio-en-el-epicentro-se-encontraba-giuseppe-pino-pelosi","status":"publish","type":"post","link":"https:\/\/eloficiodehistoriar.com.mx\/?p=31384","title":{"rendered":"El asesinato de Pasolini rodeado de un halo de misterio en el epicentro se encontraba Giuseppe\u00a0Pino\u00a0Pelosi"},"content":{"rendered":"<div id=\"article-cont\" class=\"main-cont article-cont actuality\">\n<div class=\"cabeza\">Luego de 5 d\u00e9cadas, piden reabrir el caso de Pier Paolo Pasolini<\/div>\n<div class=\"sumarios\"><\/div>\n<div id=\"article-text\" class=\"text tbl-forkorts-article\">\n<div class=\"foto\">\n<div class=\"pie-foto\">Europa Press<\/div>\n<\/div>\n<div class=\"col\">\n<div class=\"credito-titulo\"><\/div>\n<div class=\"hemero\">La Jornada<\/div>\n<div class=\"hemero\">\nMadrid.<\/div>\n<div class=\"hemero\">Una petici\u00f3n presentada ayer a la Fiscal\u00eda de Roma podr\u00eda desembocar en la reapertura del caso del asesinato del director de cine italiano Pier Paolo Pasolini, muerto a los 53 a\u00f1os en 1975 durante un supuesto altercado con un joven con el que habr\u00eda acordado previamente favores sexuales, en un caso realmente nunca esclarecido por completo, en medio de varias hip\u00f3tesis sobre la intervenci\u00f3n de terceras personas vinculadas incluso a grupos de extrema derecha.<\/div>\n<p>La solicitud corre a cargo del director de cine y allegado de Pasolini, David Grieco, y del guionista Giovanni Giovannetti, quienes sospechan que el director fue realmente v\u00edctima de una trampa la noche del 2 de noviembre de hace casi 50 a\u00f1os en el Idroscalo de Ostia.<\/p>\n<p>El asesinato de Pasolini siempre ha estado rodeado de un halo de misterio en cuyo epicentro se encontraba el \u00fanico condenado por el asesinato del director, Giuseppe\u00a0<em>Pino<\/em>\u00a0Pelosi, el joven que dijo, en principio, haber recibido un pago del director a cambio de sexo y con el que acab\u00f3 enfrent\u00e1ndose a golpes que dejaron a Pasolini tendido en el suelo. Pelosi acab\u00f3 robando el veh\u00edculo Alfa Romeo de Pasolini. En su huida, arroll\u00f3 el cuerpo del director.<\/p>\n<p>Pelosi confes\u00f3 el crimen y fue condenado por el Tribunal Supremo italiano en 1979 a nueve a\u00f1os y dos meses de prisi\u00f3n, pero obtuvo la libertad condicional cuatro a\u00f1os despu\u00e9s.<\/p>\n<p>La narrativa, sin embargo, cambi\u00f3 radicalmente en 2005, cuando Pelosi se retract\u00f3 de su declaraci\u00f3n inicial y responsabiliz\u00f3 del crimen a tres desconocidos; una nueva versi\u00f3n inicialmente respaldada por el hallazgo en 2010 de tres nuevas muestras de ADN que alentaron la hip\u00f3tesis, muy extendida entre allegados y aficionados de Pasolini, de que hab\u00eda sido asesinado por un grupo de neofascistas.<\/p>\n<p>El abogado que ha presentado la solicitud, Stefano Maccioni, ha defendido que\u00a0<q>todav\u00eda es posible llegar a una verdad judicial<\/q>, seg\u00fan recoge\u00a0<em>La Repubblica<\/em>,\u00a0<q>basada en datos cient\u00edficos a partir de las tres muestras de ADN que deben representar el principio de nuevas investigaciones<\/q>.<\/p>\n<p>El propio Maccioni ha defendido en este sentido la teor\u00eda de que Pasolini, en realidad, viaj\u00f3 a Ostia para recuperar unas escenas robadas de su pel\u00edcula\u00a0<em>Sal\u00f2 o los 120 d\u00edas de Sodoma<\/em>, en aquel momento en fase de posproducci\u00f3n.<\/p>\n<p>El ex miembro de la banda criminal de la Magliana, Maurizio Abbatino, confes\u00f3 en su momento que hab\u00eda sido el responsable de ese robo en nombre de su organizaci\u00f3n, que adem\u00e1s manten\u00eda precisamente v\u00ednculos con la extrema derecha italiana.<\/p>\n<p>La hip\u00f3tesis a\u00f1ade que tres hombres asaltaron a Pasolini y a Pelosi, avasallaron al cineasta a golpes, le atropellaron con el Alfa Romeo y amenazaron a Pelosi, que entonces ten\u00eda 17 a\u00f1os, con matar a su familia si relataba lo acontecido.<\/p>\n<\/div>\n<\/div>\n<div class=\"go gui\">\n<div class=\"go-next\"><\/div>\n<div class=\"go-up\"><\/div>\n<\/div>\n<\/div>\n<div id=\"taboola-below-content-thumbnails\" class=\" trc_related_container trc_spotlight_widget tbl-feed-container tbl-feed-frame-DIVIDER  render-late-effect\" data-feed-container-num=\"1\" data-feed-main-container-id=\"taboola-below-content-thumbnails\" data-parent-placement-name=\"Below Content Thumbnails\" data-pub-lang=\"es\">\n<div class=\" tbl-feed-header tbl-logo-right-position\">\n<div class=\"tbl-feed-header-logo\"><\/div>\n<\/div>\n<\/div>\n","protected":false},"excerpt":{"rendered":"<p>Luego de 5 d\u00e9cadas, piden reabrir el caso de Pier Paolo Pasolini Europa Press La Jornada Madrid. Una petici\u00f3n presentada ayer a la Fiscal\u00eda de Roma podr\u00eda desembocar en la reapertura del caso del asesinato del director de cine italiano Pier Paolo Pasolini, muerto a los 53 a\u00f1os en 1975 durante un supuesto altercado con [&hellip;]<\/p>\n","protected":false},"author":249,"featured_media":31385,"comment_status":"open","ping_status":"closed","sticky":false,"template":"","format":"standard","meta":{"footnotes":""},"categories":[26],"tags":[],"class_list":["post-31384","post","type-post","status-publish","format-standard","has-post-thumbnail","hentry","category-mundo"],"_links":{"self":[{"href":"https:\/\/eloficiodehistoriar.com.mx\/index.php?rest_route=\/wp\/v2\/posts\/31384","targetHints":{"allow":["GET"]}}],"collection":[{"href":"https:\/\/eloficiodehistoriar.com.mx\/index.php?rest_route=\/wp\/v2\/posts"}],"about":[{"href":"https:\/\/eloficiodehistoriar.com.mx\/index.php?rest_route=\/wp\/v2\/types\/post"}],"author":[{"embeddable":true,"href":"https:\/\/eloficiodehistoriar.com.mx\/index.php?rest_route=\/wp\/v2\/users\/249"}],"replies":[{"embeddable":true,"href":"https:\/\/eloficiodehistoriar.com.mx\/index.php?rest_route=%2Fwp%2Fv2%2Fcomments&post=31384"}],"version-history":[{"count":1,"href":"https:\/\/eloficiodehistoriar.com.mx\/index.php?rest_route=\/wp\/v2\/posts\/31384\/revisions"}],"predecessor-version":[{"id":31386,"href":"https:\/\/eloficiodehistoriar.com.mx\/index.php?rest_route=\/wp\/v2\/posts\/31384\/revisions\/31386"}],"wp:featuredmedia":[{"embeddable":true,"href":"https:\/\/eloficiodehistoriar.com.mx\/index.php?rest_route=\/wp\/v2\/media\/31385"}],"wp:attachment":[{"href":"https:\/\/eloficiodehistoriar.com.mx\/index.php?rest_route=%2Fwp%2Fv2%2Fmedia&parent=31384"}],"wp:term":[{"taxonomy":"category","embeddable":true,"href":"https:\/\/eloficiodehistoriar.com.mx\/index.php?rest_route=%2Fwp%2Fv2%2Fcategories&post=31384"},{"taxonomy":"post_tag","embeddable":true,"href":"https:\/\/eloficiodehistoriar.com.mx\/index.php?rest_route=%2Fwp%2Fv2%2Ftags&post=31384"}],"curies":[{"name":"wp","href":"https:\/\/api.w.org\/{rel}","templated":true}]}}