{"id":31397,"date":"2023-03-05T13:47:37","date_gmt":"2023-03-05T19:47:37","guid":{"rendered":"https:\/\/eloficiodehistoriar.com.mx\/?p=31397"},"modified":"2023-03-05T13:48:07","modified_gmt":"2023-03-05T19:48:07","slug":"he-tenido-muchas-oportunidades-y-me-han-pasado-cosas-por-ser-mujer-y-aparte-menor-de-edad","status":"publish","type":"post","link":"https:\/\/eloficiodehistoriar.com.mx\/?p=31397","title":{"rendered":"\u201cHe tenido muchas oportunidades y me han pasado cosas por ser mujer y, aparte, menor de edad\u00bb"},"content":{"rendered":"<div id=\"article-cont\" class=\"main-cont article-cont actuality\">\n<div class=\"cabeza\">La pianista Mar\u00eda Hanneman ignora a los que la subestiman por su edad, y\u00a0<q>sigo adelante<\/q><\/div>\n<div class=\"sumarios\">\n<p>La int\u00e9rprete de 16 a\u00f1os se presenta hoy con la OSEM en Texcoco<\/p>\n<\/div>\n<div id=\"article-text\" class=\"text\">\n<div class=\"foto\">\n<div class=\"pie-foto\">En su actuaci\u00f3n, con motivo del D\u00eda Internacional de la Mujer, toca el Concierto no. 23 de Wolfgang Amadeus Mozart, su <q>compositor favorito<\/q>, bajo la batuta de Grace Echauri.<\/div>\n<div><\/div>\n<\/div>\n<div class=\"col col1\">\n<div class=\"credito-autor\">\u00c1ngel Vargas<\/div>\n<div class=\"credito-titulo\"><\/div>\n<div class=\"hemero\">\n<p>La Jornada<\/p>\n<\/div>\n<p class=\"s-s\">Que se le subestime por su g\u00e9nero y edad no es algo que haga mella en el \u00e1nimo de la pianista mexicana Mar\u00eda Hanneman ni en su prop\u00f3sito de convertirse en una gran concertista.<\/p>\n<p>\u201cHe tenido muchas oportunidades, pero s\u00ed me han dicho y pasado cosas por ser mujer y, aparte, menor de edad. Hay mucha gente que me dice que no voy a poder y cosas por el estilo, pero lo que hago es no\u00a0<em>pelarlas\u00a0<\/em>(ignorarlas) y seguir adelante\u201d, afirma.<\/p>\n<p><q>Mis pap\u00e1s siempre me dicen que no haga caso a esas personas, porque quieren molestarme, pero al final no van a lograr ni lastimarme ni hacer que renuncie a la m\u00fasica, porque es lo que quiero hacer y a lo que quiero dedicarme toda mi vida.<\/q><\/p>\n<p>La joven int\u00e9rprete, quien comenz\u00f3 a estudiar su instrumento a los cuatro a\u00f1os y cuenta con un impresionante palmar\u00e9s en premios y concursos de renombre mundial, har\u00e1 una breve pausa en sus estudios de especializaci\u00f3n en Espa\u00f1a para ofrecer un par de presentaciones este mes en M\u00e9xico.<\/p>\n<p>El viernes pasado ofreci\u00f3 una de las dos presentaciones (3 y 5) como solista al lado de la Orquesta Sinf\u00f3nica del Estado de M\u00e9xico (OSEM), con motivo del D\u00eda Internacional de la Mujer, en las que interpreta el Concierto n\u00famero 23 de Wolfgang Amadeus Mozart, su\u00a0<q>compositor favorito<\/q>, bajo la batuta de Grace Echauri, quien participa como directora hu\u00e9sped.<\/p>\n<p>A su corta edad, Mar\u00eda Hanneman se ha revelado como una convencida promotora de la igualdad de g\u00e9nero y del empoderamiento de la mujer, a partir de su percepci\u00f3n de que son temas pendientes por resolver en el mundo y\u00a0<q>m\u00e1s a\u00fan en M\u00e9xico<\/q>, donde, critica, asesinan o desaparecen 11 mujeres a diario.<\/p>\n<\/div>\n<div class=\"col col2\">\n<p><q>Eso est\u00e1 muy feo, muy mal, pero ocurre porque de alguna manera se permite. Es algo que puede empezar con un peque\u00f1o insulto o abuso verbal o emocional en la calle, en las redes sociales o en los medios de comunicaci\u00f3n; pasa much\u00edsimo y es porque se puede<\/q>, sostiene en entrevista con\u00a0<em>La Jornada\u00a0<\/em>v\u00eda telef\u00f3nica desde San Lorenzo El Escorial, Espa\u00f1a, donde se mud\u00f3 al lado de sus padres en septiembre pasado para continuar con su especializaci\u00f3n en el Centro Integrado de M\u00fasica Padre Antonio Soler.<\/p>\n<p><q>Por eso, para m\u00ed, que estoy muy joven, apenas voy a cumplir 17 a\u00f1os y sigo siendo estudiante, esta oportunidad de representar a las chavas j\u00f3venes de mi generaci\u00f3n en estos conciertos es muy importante.<\/q><\/p>\n<p>La joven pianista est\u00e1 convencida de que en la m\u00fasica no caben las distinciones de g\u00e9nero, como tampoco de raza ni condici\u00f3n social:\u00a0<q>No creo que haya una m\u00fasica masculina o femenina; es imposible distinguir el sexo de quien escribi\u00f3 una obra: hay piezas de mujeres muy buenas, muy bonitas, con much\u00edsimo sentimiento, pero tambi\u00e9n de hombres. Creo que es igual, entonces<\/q>.<\/p>\n<p>Lamenta por esa raz\u00f3n que\u00a0<q>en muchos lugares a\u00fan se les dan m\u00e1s oportunidades a los hombres que a las mujeres<\/q>; sin embargo, considera que\u00a0<q>poco a poco nos van abriendo m\u00e1s las puertas, porque la gente se da cuenta que hay muchas mujeres talentosas, tanto compositoras como instrumentistas. Por fortuna, cada vez somos m\u00e1s mujeres en la m\u00fasica<\/q>.<\/p>\n<p>El segundo concierto de Mar\u00eda Hanneman con la OSEM es hoy en la sala Elisa Carrillo del Centro Cultural Mexiquense Bicentenario en Texcoco, a las 12:30 horas.<\/p>\n<\/div>\n<\/div>\n<div class=\"go gui\">\n<div class=\"go-up\"><\/div>\n<\/div>\n<\/div>\n<div id=\"taboola-below-content-thumbnails\" class=\" trc_related_container trc_spotlight_widget tbl-feed-container tbl-feed-frame-DIVIDER render-late-effect\" data-feed-container-num=\"1\" data-feed-main-container-id=\"taboola-below-content-thumbnails\" data-parent-placement-name=\"Below Content Thumbnails\" data-pub-lang=\"es\">\n<div class=\" tbl-feed-header tbl-logo-right-position\">\n<div class=\"tbl-feed-header-logo\"><\/div>\n<\/div>\n<\/div>\n","protected":false},"excerpt":{"rendered":"<p>La pianista Mar\u00eda Hanneman ignora a los que la subestiman por su edad, y\u00a0sigo adelante La int\u00e9rprete de 16 a\u00f1os se presenta hoy con la OSEM en Texcoco En su actuaci\u00f3n, con motivo del D\u00eda Internacional de la Mujer, toca el Concierto no. 23 de Wolfgang Amadeus Mozart, su compositor favorito, bajo la batuta de [&hellip;]<\/p>\n","protected":false},"author":249,"featured_media":31398,"comment_status":"open","ping_status":"closed","sticky":false,"template":"","format":"standard","meta":{"footnotes":""},"categories":[26],"tags":[],"class_list":["post-31397","post","type-post","status-publish","format-standard","has-post-thumbnail","hentry","category-mundo"],"_links":{"self":[{"href":"https:\/\/eloficiodehistoriar.com.mx\/index.php?rest_route=\/wp\/v2\/posts\/31397","targetHints":{"allow":["GET"]}}],"collection":[{"href":"https:\/\/eloficiodehistoriar.com.mx\/index.php?rest_route=\/wp\/v2\/posts"}],"about":[{"href":"https:\/\/eloficiodehistoriar.com.mx\/index.php?rest_route=\/wp\/v2\/types\/post"}],"author":[{"embeddable":true,"href":"https:\/\/eloficiodehistoriar.com.mx\/index.php?rest_route=\/wp\/v2\/users\/249"}],"replies":[{"embeddable":true,"href":"https:\/\/eloficiodehistoriar.com.mx\/index.php?rest_route=%2Fwp%2Fv2%2Fcomments&post=31397"}],"version-history":[{"count":2,"href":"https:\/\/eloficiodehistoriar.com.mx\/index.php?rest_route=\/wp\/v2\/posts\/31397\/revisions"}],"predecessor-version":[{"id":31400,"href":"https:\/\/eloficiodehistoriar.com.mx\/index.php?rest_route=\/wp\/v2\/posts\/31397\/revisions\/31400"}],"wp:featuredmedia":[{"embeddable":true,"href":"https:\/\/eloficiodehistoriar.com.mx\/index.php?rest_route=\/wp\/v2\/media\/31398"}],"wp:attachment":[{"href":"https:\/\/eloficiodehistoriar.com.mx\/index.php?rest_route=%2Fwp%2Fv2%2Fmedia&parent=31397"}],"wp:term":[{"taxonomy":"category","embeddable":true,"href":"https:\/\/eloficiodehistoriar.com.mx\/index.php?rest_route=%2Fwp%2Fv2%2Fcategories&post=31397"},{"taxonomy":"post_tag","embeddable":true,"href":"https:\/\/eloficiodehistoriar.com.mx\/index.php?rest_route=%2Fwp%2Fv2%2Ftags&post=31397"}],"curies":[{"name":"wp","href":"https:\/\/api.w.org\/{rel}","templated":true}]}}