{"id":31401,"date":"2023-03-05T13:57:08","date_gmt":"2023-03-05T19:57:08","guid":{"rendered":"https:\/\/eloficiodehistoriar.com.mx\/?p=31401"},"modified":"2023-03-05T13:57:08","modified_gmt":"2023-03-05T19:57:08","slug":"close-y-con-girl-el-primer-largometraje-del-joven-realizador-belga-lukas-dhont-trata-de-la-adolescencia","status":"publish","type":"post","link":"https:\/\/eloficiodehistoriar.com.mx\/?p=31401","title":{"rendered":"\u00abClose\u00bb y con Girl el primer largometraje del joven realizador belga Lukas Dhont, trata de la adolescencia."},"content":{"rendered":"<div id=\"article-cont\" class=\"main-cont article-cont analysis\">\n<div class=\"series\">Opini\u00f3n<\/div>\n<div><\/div>\n<div class=\"cabeza\">Close<\/div>\n<div class=\"sumarios\"><\/div>\n<div class=\"credito-articulo\">Carlos Bonfil<\/div>\n<div><\/div>\n<div id=\"article-text\" class=\"text\">\n<div class=\"col\">\n<div class=\"inicial\">Girl (2018),\u00a0el primer largometraje del joven realizador belga Lukas Dhont, trataba ya de la adolescencia. Y lo hac\u00eda de manera perturbadora. Su protagonista Lara (V\u00edctor Polster), una joven transg\u00e9nero de 15 a\u00f1os, estudiante de ballet, hab\u00eda nacido ni\u00f1o y atravesaba ahora por un duro proceso de reasignaci\u00f3n de g\u00e9nero. En la trama coexist\u00edan actitudes sociales muy contrastadas: desde el\u00a0<em>bullying<\/em>\u00a0al que la chica era sometida por parte de compa\u00f1eras de clase hasta la inusual solidaridad de su familia que siempre la acompa\u00f1a en las etapas m\u00e1s dif\u00edcil de su transformaci\u00f3n f\u00edsica. La cinta, disponible en Netflix, obtuvo en Cannes la preciada C\u00e1mara de Oro. Cinco a\u00f1os m\u00e1s tarde, Lukas Dhont ofrece un nuevo retrato de adolescencia, emocionalmente m\u00e1s intenso, centrado en la amistad de dos chicos de 13 a\u00f1os. R\u00e9mi (Gustav De Waele) y L\u00e9o (Eden Dambrine), quienes comparten una irresistible atracci\u00f3n afectiva, para ellos todav\u00eda indefinible, intolerable sin embargo para algunos de sus compa\u00f1eros de colegio que los someten a un escarnio verbal agresivo, reservando sus dardos m\u00e1s filosos para L\u00e9o, el joven rubio de apariencia m\u00e1s delicada. Incluso las ni\u00f1as del colegio contemplan al par de amigos con una mezcla de malicia y sorna:\u00a0<q>\u00bfUstedes dos son pareja?<\/q>.<\/div>\n<p>La destreza de Lukas Dhont y su co-guionista Angelo Tijssens consiste en explorar con sobriedad un amplia gama de emociones en sus dos protagonistas centrales. Aunque R\u00e9mi manifiesta una gran sensibilidad art\u00edstica, en especial en sus aficiones musicales, es L\u00e9o quien muestra una perspicacia mayor al advertir los peligros que hace correr a su amigo con la expresi\u00f3n abierta de su afecto. Por ello decide alejarse de \u00e9l, integrarse al grupo de j\u00f3venes hostigadores, sumarse tambi\u00e9n a la pr\u00e1ctica viril del juego de hockey, marcando distancias cada vez m\u00e1s grandes con su compa\u00f1ero. Una suerte de sacrificio expiatorio susceptible de evitarle a su amigo mayores da\u00f1os futuros. Tal vez eso o posiblemente lo contrario: una manera cobarde de deslindarse a tiempo de una amistad muy peculiar, blanco de un rechazo homof\u00f3bico susceptible de da\u00f1arlo m\u00e1s a \u00e9l que a su camarada de juegos y afectos. Queda al espectador la libertad de interpretar a su manera un conflicto moral cuya naturaleza profunda el realizador dejar\u00e1 indefinida.<\/p>\n<p>El punto neur\u00e1gico de la cinta lo marca un episodio tr\u00e1gico que perturbar\u00e1 por completo la estabilidad emocional de las familias de R\u00e9mi y Le\u00f3, sumiendo a este \u00faltimo en una angustia indescriptible. El director Lukas Dhont parece haber asimilado aqu\u00ed a la perfecci\u00f3n la maestr\u00eda con que sus vituales mentores art\u00edsticos, los tambi\u00e9n belgas hermanos Dardenne, diseccionan en sus cintas los sentimientos de remordimiento y culpa que suelen invadir a sus personajes, tanto adultos como adolescentes. Sophie (\u00c9milie Duquenne), la madre de uno de los dos chicos, fue la protagonista de la memorable Rosetta (\u00a0<em>Dardenne<\/em>, 1999), a la edad que ahora tiene su hijo. Su actuaci\u00f3n es magistral. El t\u00edtulo\u00a0<em>Close<\/em>\u00a0alude a una cercan\u00eda afectiva excepcional que el prejuicio moral obligar\u00e1 primero a una ruptura transitoria y m\u00e1s adelante a una funesta separaci\u00f3n irreparable, fruto de la deslealtad y el miedo. Toda una cadena de infortunios y culpas irresueltas que parad\u00f3jicamente habr\u00e1n de unir a un hijo sumido en la desesperaci\u00f3n y a una madre devorada por la p\u00e9rdida y el rencor en un pacto t\u00e1cito de entendimiento y perd\u00f3n. Gran premio del jurado en el pasado Festival de Cannes.<\/p>\n<p>Se exhibe en la sala 2 de la Cineteca Nacional a las 17:30 horas y en salas comerciales.<\/p>\n<p class=\"email\">\n<\/div>\n<\/div>\n<\/div>\n<div id=\"taboola-below-content-thumbnails\" class=\" trc_related_container trc_spotlight_widget tbl-feed-container tbl-feed-frame-DIVIDER  render-late-effect\" data-feed-container-num=\"1\" data-feed-main-container-id=\"taboola-below-content-thumbnails\" data-parent-placement-name=\"Below Content Thumbnails\" data-pub-lang=\"es\">\n<div class=\" tbl-feed-header tbl-logo-right-position\">\n<div class=\"tbl-feed-header-logo\"><\/div>\n<\/div>\n<\/div>\n","protected":false},"excerpt":{"rendered":"<p>Opini\u00f3n Close Carlos Bonfil Girl (2018),\u00a0el primer largometraje del joven realizador belga Lukas Dhont, trataba ya de la adolescencia. Y lo hac\u00eda de manera perturbadora. Su protagonista Lara (V\u00edctor Polster), una joven transg\u00e9nero de 15 a\u00f1os, estudiante de ballet, hab\u00eda nacido ni\u00f1o y atravesaba ahora por un duro proceso de reasignaci\u00f3n de g\u00e9nero. En la [&hellip;]<\/p>\n","protected":false},"author":249,"featured_media":31402,"comment_status":"open","ping_status":"closed","sticky":false,"template":"","format":"standard","meta":{"footnotes":""},"categories":[26],"tags":[],"class_list":["post-31401","post","type-post","status-publish","format-standard","has-post-thumbnail","hentry","category-mundo"],"_links":{"self":[{"href":"https:\/\/eloficiodehistoriar.com.mx\/index.php?rest_route=\/wp\/v2\/posts\/31401","targetHints":{"allow":["GET"]}}],"collection":[{"href":"https:\/\/eloficiodehistoriar.com.mx\/index.php?rest_route=\/wp\/v2\/posts"}],"about":[{"href":"https:\/\/eloficiodehistoriar.com.mx\/index.php?rest_route=\/wp\/v2\/types\/post"}],"author":[{"embeddable":true,"href":"https:\/\/eloficiodehistoriar.com.mx\/index.php?rest_route=\/wp\/v2\/users\/249"}],"replies":[{"embeddable":true,"href":"https:\/\/eloficiodehistoriar.com.mx\/index.php?rest_route=%2Fwp%2Fv2%2Fcomments&post=31401"}],"version-history":[{"count":1,"href":"https:\/\/eloficiodehistoriar.com.mx\/index.php?rest_route=\/wp\/v2\/posts\/31401\/revisions"}],"predecessor-version":[{"id":31403,"href":"https:\/\/eloficiodehistoriar.com.mx\/index.php?rest_route=\/wp\/v2\/posts\/31401\/revisions\/31403"}],"wp:featuredmedia":[{"embeddable":true,"href":"https:\/\/eloficiodehistoriar.com.mx\/index.php?rest_route=\/wp\/v2\/media\/31402"}],"wp:attachment":[{"href":"https:\/\/eloficiodehistoriar.com.mx\/index.php?rest_route=%2Fwp%2Fv2%2Fmedia&parent=31401"}],"wp:term":[{"taxonomy":"category","embeddable":true,"href":"https:\/\/eloficiodehistoriar.com.mx\/index.php?rest_route=%2Fwp%2Fv2%2Fcategories&post=31401"},{"taxonomy":"post_tag","embeddable":true,"href":"https:\/\/eloficiodehistoriar.com.mx\/index.php?rest_route=%2Fwp%2Fv2%2Ftags&post=31401"}],"curies":[{"name":"wp","href":"https:\/\/api.w.org\/{rel}","templated":true}]}}