{"id":31576,"date":"2023-03-18T07:55:45","date_gmt":"2023-03-18T13:55:45","guid":{"rendered":"https:\/\/eloficiodehistoriar.com.mx\/?p=31576"},"modified":"2023-03-18T07:55:45","modified_gmt":"2023-03-18T13:55:45","slug":"por-un-periodismo-critico-y-democratico-por-carlos-payan-velver","status":"publish","type":"post","link":"https:\/\/eloficiodehistoriar.com.mx\/?p=31576","title":{"rendered":"\u00abPor un periodismo cr\u00edtico y democr\u00e1tico\u00bb  Por Carlos Pay\u00e1n Velver\u00a0"},"content":{"rendered":"<div id=\"article-cont\" class=\"main-cont article-cont analysis\">\n<div class=\"series\">Adi\u00f3s, maestro<\/div>\n<div class=\"cabeza\">Por un periodismo cr\u00edtico y democr\u00e1tico<\/div>\n<div class=\"sumarios\"><\/div>\n<div class=\"credito-articulo\">Carlos Pay\u00e1n*<\/div>\n<div><\/div>\n<div id=\"article-text\" class=\"text tbl-forkorts-article\">\n<div class=\"col\">\n<div class=\"inicial\">En medio de la crisis que sacude a nuestra sociedad, los medios de comunicaci\u00f3n y la prensa de M\u00e9xico viven, creemos, un momento contradictorio. Pocas veces ha habido una opini\u00f3n p\u00fablica tan receptiva como ahora, tantos oyentes y televidentes, tantos recursos econ\u00f3micos, t\u00e9cnicos y humanos destinados a producir y transmitir informaci\u00f3n. Pero pocas veces tambi\u00e9n la comunicaci\u00f3n efectiva con la sociedad hab\u00eda sido tan precaria, tan distante, nos parece, de los problemas cruciales que aquejan al pa\u00eds.<\/div>\n<p>Por un lado, la abundancia informativa no ha tra\u00eddo claridad a la opini\u00f3n p\u00fablica. Acaso confusi\u00f3n. Por el otro, parece haber en el sector, como en el conjunto del sistema pol\u00edtico, un problema de legitimidad. Atados a intereses particulares, de orden pol\u00edtico, mercantil o patrimonial, los medios informativos han ido perdiendo credibilidad y eficacia, o bien aprovechan su penetraci\u00f3n para ejercer su prepotencia y una distorsi\u00f3n intencional. Hay excepciones.<\/p>\n<p>El rasgo central de los medios es que ya eran pol\u00edticamente desequilibrados y se han desplazado a\u00fan m\u00e1s hacia la derecha. Los dominan el conservadurismo ideol\u00f3gico y la estrecha l\u00f3gica mercantil, cuando no la alianza extranacional.<\/p>\n<p>En esas condiciones creemos que los m\u00e1s diversos sectores de la sociedad y el propio Estado reclaman nuevas posibilidades de informaci\u00f3n y cr\u00edtica. Para responder a esa expectativa hemos decidido fundar una sociedad para la comunicaci\u00f3n y un peri\u00f3dico diario cuyo nombre, votado en asamblea, habr\u00e1 de ser\u00a0<em>La Jornada<\/em>.<\/p>\n<p>Es nuestra vocaci\u00f3n pol\u00edtica estimular la participaci\u00f3n de lectores en favor de causas que juzgamos fundamentales:<\/p>\n<p>1. La ampliaci\u00f3n y defensa de la soberan\u00eda y la independencia nacionales, as\u00ed como la solidaridad con las luchas que otros pueblos dan para hacer realidad esos principios.<\/p>\n<p>2. La defensa del diario ejercicio de las garant\u00edas individuales y sociales que recogen las leyes fundamentales de M\u00e9xico.<\/p>\n<p>3. El compromiso con las necesidades y demandas de los trabajadores del campo y de la ciudad, as\u00ed como de las mayor\u00edas marginadas del pa\u00eds.<\/p>\n<p>4. La democratizaci\u00f3n formal y real de la vida p\u00fablica mexicana, el ensanchamiento y multiplicaci\u00f3n de su pluralidad pol\u00edtica y el respeto a los derechos leg\u00edtimos de las minor\u00edas.<\/p>\n<p>5. La distribuci\u00f3n igualitaria de la riqueza socialmente creada y la limitaci\u00f3n de privilegios pol\u00edticos y econ\u00f3micos de toda \u00edndole.<\/p>\n<p>Nos proponemos hacer de\u00a0<em>La Jornada<\/em>\u00a0un diario de s\u00f3lida factura profesional, que equilibre a sus p\u00e1ginas la informaci\u00f3n abundante y la reflexi\u00f3n de fondo sobre los problemas de la hora.<\/p>\n<p>Un diario de profesionales de la informaci\u00f3n, basado en la investigaci\u00f3n cuidadosa, el reportaje especial, la cr\u00f3nica libre, la entrevista amplia y oportuna.<\/p>\n<p>Un diario que consigne en sus p\u00e1ginas el movimiento de la sociedad, la realidad diaria y an\u00f3nima de personas y sectores. Esa experiencia de todos los d\u00edas que vive el pa\u00eds real y que no siempre se refleja en las preocupaciones y las declaraciones de la c\u00fapula.<\/p>\n<p>Un diario que d\u00e9 voz a quienes no la tienen.<\/p>\n<p>Un diario moderno y plural, abierto en lo ideol\u00f3gico y en lo pol\u00edtico.<\/p>\n<p>Un diario que convoque a las nuevas corrientes de opini\u00f3n que van surgiendo del medio pol\u00edtico y period\u00edstico, del mundo intelectual, de los centros de investigaci\u00f3n especializados, de los circuitos de diagn\u00f3stico del sector p\u00fablico y aun de la empresa privada.<\/p>\n<p>Un diario que documente la crisis y los cambios que se est\u00e1n gestando en el seno de la sociedad.<\/p>\n<p>Un diario cr\u00edtico, profundamente cr\u00edtico, ajeno al desahogo y al ataque personal, atento a los procesos que marcan la realidad diaria del pa\u00eds y a las condiciones internacionales que lo determinan, en un esp\u00edritu profesional de intensa circulaci\u00f3n de las noticias y las ideas.<\/p>\n<p><em>La Jornada<\/em>\u00a0ser\u00e1 el resumen impreso de cada d\u00eda, fruto de la actividad y el esfuerzo de cada uno de sus trabajadores, de cada uno de sus informantes, de cada uno de sus lectores. Pero antes de ser esa conjunci\u00f3n de esfuerzos y v\u00e9rtigos que cada jornada acumula en las planas de un diario,\u00a0<em>La Jornada<\/em>\u00a0ha de ser el recipiente de la voluntad y la solidaridad de todos y cada uno de ustedes, y de muchos otros mexicanos que tambi\u00e9n pondr\u00e1n aqu\u00ed su voluntad y su solidaridad.<\/p>\n<p>En la hora de la crisis queremos convocar a una nueva jornada de periodismo cr\u00edtico y democr\u00e1tico, planteado en todo momento como un instrumento de solidaridad con las que creemos las mejores causas del pa\u00eds.<\/p>\n<p>Hay dispersi\u00f3n de esfuerzos y se ejercen presiones que tienden a aislar y separar. Nos parece por ello pertinente convocar a la unidad de prop\u00f3sitos, dar a las incertidumbres particulares una causa y una tarea com\u00fan, oponer a la incredulidad, la confianza, el \u00e1nimo, la seguridad en las corrientes vigorosas que recorren de arriba a abajo nuestra sociedad de j\u00f3venes, de fuerzas en continuo nacimiento.<\/p>\n<p>Amigos, bienvenidos a esta jornada solidaria, a esta primera jornada p\u00fablica que da nacimiento a\u00a0<em>La Jornada<\/em>.<\/p>\n<p>*\u00a0<em>Art\u00edculo publicado en el n\u00famero cero de\u00a0<\/em>La Jornada.<\/p>\n<p class=\"email\">\n<\/div>\n<\/div>\n<\/div>\n<div id=\"taboola-below-content-thumbnails\" class=\" trc_related_container trc_spotlight_widget tbl-feed-container tbl-feed-frame-DIVIDER  render-late-effect\" data-feed-container-num=\"1\" data-feed-main-container-id=\"taboola-below-content-thumbnails\" data-parent-placement-name=\"Below Content Thumbnails\" data-pub-lang=\"es\">\n<div class=\" tbl-feed-header tbl-logo-right-position\">\n<div class=\"tbl-feed-header-logo\"><\/div>\n<\/div>\n<\/div>\n","protected":false},"excerpt":{"rendered":"<p>Adi\u00f3s, maestro Por un periodismo cr\u00edtico y democr\u00e1tico Carlos Pay\u00e1n* En medio de la crisis que sacude a nuestra sociedad, los medios de comunicaci\u00f3n y la prensa de M\u00e9xico viven, creemos, un momento contradictorio. Pocas veces ha habido una opini\u00f3n p\u00fablica tan receptiva como ahora, tantos oyentes y televidentes, tantos recursos econ\u00f3micos, t\u00e9cnicos y humanos [&hellip;]<\/p>\n","protected":false},"author":249,"featured_media":31577,"comment_status":"open","ping_status":"closed","sticky":false,"template":"","format":"standard","meta":{"footnotes":""},"categories":[26],"tags":[],"class_list":["post-31576","post","type-post","status-publish","format-standard","has-post-thumbnail","hentry","category-mundo"],"_links":{"self":[{"href":"https:\/\/eloficiodehistoriar.com.mx\/index.php?rest_route=\/wp\/v2\/posts\/31576","targetHints":{"allow":["GET"]}}],"collection":[{"href":"https:\/\/eloficiodehistoriar.com.mx\/index.php?rest_route=\/wp\/v2\/posts"}],"about":[{"href":"https:\/\/eloficiodehistoriar.com.mx\/index.php?rest_route=\/wp\/v2\/types\/post"}],"author":[{"embeddable":true,"href":"https:\/\/eloficiodehistoriar.com.mx\/index.php?rest_route=\/wp\/v2\/users\/249"}],"replies":[{"embeddable":true,"href":"https:\/\/eloficiodehistoriar.com.mx\/index.php?rest_route=%2Fwp%2Fv2%2Fcomments&post=31576"}],"version-history":[{"count":1,"href":"https:\/\/eloficiodehistoriar.com.mx\/index.php?rest_route=\/wp\/v2\/posts\/31576\/revisions"}],"predecessor-version":[{"id":31578,"href":"https:\/\/eloficiodehistoriar.com.mx\/index.php?rest_route=\/wp\/v2\/posts\/31576\/revisions\/31578"}],"wp:featuredmedia":[{"embeddable":true,"href":"https:\/\/eloficiodehistoriar.com.mx\/index.php?rest_route=\/wp\/v2\/media\/31577"}],"wp:attachment":[{"href":"https:\/\/eloficiodehistoriar.com.mx\/index.php?rest_route=%2Fwp%2Fv2%2Fmedia&parent=31576"}],"wp:term":[{"taxonomy":"category","embeddable":true,"href":"https:\/\/eloficiodehistoriar.com.mx\/index.php?rest_route=%2Fwp%2Fv2%2Fcategories&post=31576"},{"taxonomy":"post_tag","embeddable":true,"href":"https:\/\/eloficiodehistoriar.com.mx\/index.php?rest_route=%2Fwp%2Fv2%2Ftags&post=31576"}],"curies":[{"name":"wp","href":"https:\/\/api.w.org\/{rel}","templated":true}]}}