{"id":31579,"date":"2023-03-18T07:59:35","date_gmt":"2023-03-18T13:59:35","guid":{"rendered":"https:\/\/eloficiodehistoriar.com.mx\/?p=31579"},"modified":"2023-03-18T07:59:35","modified_gmt":"2023-03-18T13:59:35","slug":"adios-maestro-escritor-de-la-poesia-secreta","status":"publish","type":"post","link":"https:\/\/eloficiodehistoriar.com.mx\/?p=31579","title":{"rendered":"Adi\u00f3s, maestro, Escritor de la poes\u00eda secreta"},"content":{"rendered":"<div id=\"article-cont\" class=\"main-cont article-cont analysis\">\n<div class=\"series\">Adi\u00f3s, maestro<\/div>\n<div class=\"cabeza\">Escritor de la poes\u00eda secreta<\/div>\n<div class=\"sumarios\"><\/div>\n<div class=\"credito-articulo\">Pablo Espinosa<\/div>\n<div><\/div>\n<div id=\"article-text\" class=\"text\">\n<div class=\"col col1\">\n<div class=\"inicial\">Carlos Pay\u00e1n en primera persona:\u00a0<q>siempre pens\u00e9 que era un escritor que hac\u00eda poes\u00eda, que pertenec\u00eda a la poes\u00eda secreta, acto \u00edntimo<\/q>.<\/div>\n<p>En los tiempos muertos de la redacci\u00f3n del\u00a0<em>Unom\u00e1suno<\/em>, en los amplios espacios de la redacci\u00f3n de\u00a0<em>La Jornada<\/em>, don Carlos escrib\u00eda:<\/p>\n<p><em>Cuando Mack the Knife<br \/>\nya hab\u00eda guardado su arma<br \/>\nKurt Weil compuso<\/em><\/p>\n<p><em>\u201cSpeak low<br \/>\nwhen you speak, love\u2026\u201d<\/em><\/p>\n<p><em>mientras ve\u00eda, sin poder<br \/>\nsiquiera pesta\u00f1ear,<br \/>\nel rostro esplendoroso<br \/>\nde Ava Gardner.<\/em><\/p>\n<p>En sus poemas habla de la dulzura de la melancol\u00eda, del bosque brumoso, de los c\u00e1lidos rayos del sol, de la piel ardiente y la vigilia.<\/p>\n<p>Ten\u00eda predilecci\u00f3n por el siguiente, que escribi\u00f3 y ley\u00f3 ba\u00f1ado en l\u00e1grimas:<\/p>\n<p><em>Sin tus ojos, mi bien,<br \/>\nnada existe;<br \/>\ncuando cierras la cortina azul<br \/>\nde tus p\u00e1rpados<br \/>\nel mundo desaparece.<br \/>\nNo hay Ganges si t\u00fa no lo<br \/>\nmiras,<br \/>\nni cuerpos incendiados<br \/>\nsobre sus floridas barcas<br \/>\nque flotan sobre sus aguas.<br \/>\nNo hay compasi\u00f3n,<br \/>\nni llanto en medio de la noche.<br \/>\nNi hay Dios que se lamente<br \/>\no sude o grite o se conmueva<br \/>\nde tanto ardor y tanto<br \/>\nsilencio.<\/em><\/p>\n<p>Don Carlos Pay\u00e1n reuni\u00f3 algunos de sus poemas en\u00a0<em>Memorial del viento<\/em>, que present\u00f3 el s\u00e1bado 14 de julio de 2018 en Casa Refugio, en la colonia Condesa, y ah\u00ed se despidi\u00f3 de todos.<\/p>\n<\/div>\n<div class=\"col col2\">\n<p>Ah\u00ed se dijo melanc\u00f3lico.\u00a0<q>Soy un ser melanc\u00f3lico. Pero no tengo tristeza por esa melancol\u00eda, tengo gusto por los d\u00edas grises, por la lluvia y los caminos, como los poemas de Vallejo, nom\u00e1s que sin dolor<\/q>.<\/p>\n<p>No es de extra\u00f1ar que Carlos Pay\u00e1n resulte poeta, public\u00f3 al d\u00eda siguiente, en\u00a0<em>La Jornada<\/em>, Hermann Bellinghausen.\u00a0<q>La poes\u00eda siempre estuvo en la m\u00e9dula de su acci\u00f3n y en su actitud ante la vida. M\u00e1s bien cab\u00eda sospechar que era un poeta secreto, agazapado en el organizador de proyectos period\u00edsticos, en el sutil sism\u00f3grafo de im\u00e1genes, en el editor a la caza de la palabra justa asistido por su buen gusto<\/q>.<\/p>\n<p>Gustaba hablar, es decir, escribir, describir, el esplendor dorado del oto\u00f1o, sus doradas mieses. Lo suyo era un telar de sue\u00f1os y deseos \u201cdonde un diminuto p\u00e1jaro \u2013escribi\u00f3 Pay\u00e1n\u2013 aparece suspendido y sorprendido \/ en el aire para quien ha sido testigo activo de la Historia y de nuestras historias\u201d.<\/p>\n<p>El poeta Carlos Pay\u00e1n nos hizo reporteros, nos hizo cronistas, nos hizo llorar de emoci\u00f3n a mitad de la sala donde se hace\u00a0<em>La Jornada\u00a0<\/em>y as\u00ed form\u00f3 a una multitud de locos que supimos que la poes\u00eda y el periodismo son hermanos.<\/p>\n<p>Adi\u00f3s, jefe. Adi\u00f3s, maestro. Adi\u00f3s, poeta.<\/p>\n<p class=\"email\">\n<\/div>\n<\/div>\n<div class=\"go gui\">\n<div class=\"go-up\"><\/div>\n<\/div>\n<\/div>\n","protected":false},"excerpt":{"rendered":"<p>Adi\u00f3s, maestro Escritor de la poes\u00eda secreta Pablo Espinosa Carlos Pay\u00e1n en primera persona:\u00a0siempre pens\u00e9 que era un escritor que hac\u00eda poes\u00eda, que pertenec\u00eda a la poes\u00eda secreta, acto \u00edntimo. En los tiempos muertos de la redacci\u00f3n del\u00a0Unom\u00e1suno, en los amplios espacios de la redacci\u00f3n de\u00a0La Jornada, don Carlos escrib\u00eda: Cuando Mack the Knife ya [&hellip;]<\/p>\n","protected":false},"author":249,"featured_media":31580,"comment_status":"open","ping_status":"closed","sticky":false,"template":"","format":"standard","meta":{"footnotes":""},"categories":[26],"tags":[],"class_list":["post-31579","post","type-post","status-publish","format-standard","has-post-thumbnail","hentry","category-mundo"],"_links":{"self":[{"href":"https:\/\/eloficiodehistoriar.com.mx\/index.php?rest_route=\/wp\/v2\/posts\/31579","targetHints":{"allow":["GET"]}}],"collection":[{"href":"https:\/\/eloficiodehistoriar.com.mx\/index.php?rest_route=\/wp\/v2\/posts"}],"about":[{"href":"https:\/\/eloficiodehistoriar.com.mx\/index.php?rest_route=\/wp\/v2\/types\/post"}],"author":[{"embeddable":true,"href":"https:\/\/eloficiodehistoriar.com.mx\/index.php?rest_route=\/wp\/v2\/users\/249"}],"replies":[{"embeddable":true,"href":"https:\/\/eloficiodehistoriar.com.mx\/index.php?rest_route=%2Fwp%2Fv2%2Fcomments&post=31579"}],"version-history":[{"count":1,"href":"https:\/\/eloficiodehistoriar.com.mx\/index.php?rest_route=\/wp\/v2\/posts\/31579\/revisions"}],"predecessor-version":[{"id":31581,"href":"https:\/\/eloficiodehistoriar.com.mx\/index.php?rest_route=\/wp\/v2\/posts\/31579\/revisions\/31581"}],"wp:featuredmedia":[{"embeddable":true,"href":"https:\/\/eloficiodehistoriar.com.mx\/index.php?rest_route=\/wp\/v2\/media\/31580"}],"wp:attachment":[{"href":"https:\/\/eloficiodehistoriar.com.mx\/index.php?rest_route=%2Fwp%2Fv2%2Fmedia&parent=31579"}],"wp:term":[{"taxonomy":"category","embeddable":true,"href":"https:\/\/eloficiodehistoriar.com.mx\/index.php?rest_route=%2Fwp%2Fv2%2Fcategories&post=31579"},{"taxonomy":"post_tag","embeddable":true,"href":"https:\/\/eloficiodehistoriar.com.mx\/index.php?rest_route=%2Fwp%2Fv2%2Ftags&post=31579"}],"curies":[{"name":"wp","href":"https:\/\/api.w.org\/{rel}","templated":true}]}}