{"id":31586,"date":"2023-03-19T12:13:49","date_gmt":"2023-03-19T18:13:49","guid":{"rendered":"https:\/\/eloficiodehistoriar.com.mx\/?p=31586"},"modified":"2023-03-19T12:13:49","modified_gmt":"2023-03-19T18:13:49","slug":"en-el-foro-sol-se-suscito-un-contagio-masivo-se-trata-de-la-infeccion-gustosos-del-rock","status":"publish","type":"post","link":"https:\/\/eloficiodehistoriar.com.mx\/?p=31586","title":{"rendered":"En el Foro Sol se suscit\u00f3 un contagio masivo. Se trata de la infecci\u00f3n gustosos del rock"},"content":{"rendered":"<div id=\"article-cont\" class=\"main-cont article-cont actuality\">\n<div class=\"cabeza\">Vive Latino re\u00fane a 80 mil en una fiesta de rock, lucha libre y comedia<\/div>\n<div class=\"sumarios\">\n<p>La paz y el orden reinaron en los cinco escenarios dispuestos<\/p>\n<\/div>\n<div id=\"article-text\" class=\"text tbl-forkorts-article\">\n<div class=\"foto\"><\/div>\n<div class=\"col col1\">\n<div class=\"credito-autor\">Juan Jos\u00e9 Olivares<\/div>\n<div class=\"credito-titulo\"><\/div>\n<div class=\"hemero\">La Jornada<\/p>\n<\/div>\n<p class=\"s-s\">En el Foro Sol del Aut\u00f3dromo Hermanos Rodr\u00edguez se suscit\u00f3 un contagio masivo.<\/p>\n<p>No interprete mal querido lector. Se trata de la infecci\u00f3n que ayer captaron miles de gustosos del rock y sonidos circundantes ofrecidos durante la edici\u00f3n 23 del Festival Vive Latino.<\/p>\n<p>R\u00edos de gente fluyeron de un lado para infestarse de buenas rolas y de altos decibeles.<\/p>\n<p>Fue una edici\u00f3n m\u00e1s del que es considerado como uno de los encuentros de rock m\u00e1s relevantes de Latinoam\u00e9rica.<\/p>\n<p>Los festivaleros capitalinos regresaron al Hermanos Rodr\u00edguez, donde adem\u00e1s de melomania, brill\u00f3 la alegr\u00eda y el goce por regresar a las reuniones en vivo.<\/p>\n<p>Cinco escenarios fueron dispuestos para que los mel\u00f3manos se llenaran de m\u00fasica, pero sobre todo, de una extra\u00f1a redenci\u00f3n tras la guerra mundial que fue la pandemia de covid-19.<\/p>\n<p>Volvi\u00f3 el rock a la Magdalena Mixhuca con 40 propuestas musicales que hicieron la delicia de los festivaleros.<\/p>\n<p>Las puertas abrieron en punto de las 13 horas, tiempo en el que ya se ve\u00eda la llegada de gustosos del Vive con al menos tres generaciones.<\/p>\n<p>Pap\u00e1s con sus hijos, hijas e hijes. Todos con sonrisa en cara. Y no s\u00f3lo por escuchar a sus bandas preferidas, sino por volver a sentir la energ\u00eda de\u00a0<em>buenaondez<\/em>\u00a0que se respir\u00f3 por doquier.<\/p>\n<p>Neto Pe\u00f1a y Yoss Bones, fueron los que abrieron el\u00a0<em>show<\/em>. Aunque en cinco proscenios se pudo degustar de todo tipo de g\u00e9nero y ritmo.<\/p>\n<p>Entre los m\u00e1s destacados de la jornada sabatina estuvieron bandas como Reyno, Caligaris, Alem\u00e1n, Austin TV y Le\u00f3n Larregui.<\/p>\n<p>Pero tambi\u00e9n convocaron a una muchedumbre agrupaciones como MC Davo, Sergio Arau, La Santa Cecilia, Carla Morrison, Los Claxons y Daniela Spalla.<\/p>\n<p>La paz y la m\u00fasica reinaron en el Vive, pero tambi\u00e9n el orden. Ya no se ven esas im\u00e1genes de chicos o chicas tirados con el etil encima. Ahora, se respir\u00f3 la avidez por escuchar y sentir la fuerza de los guitarrazos, los golpes de las bater\u00edas y el estruendo de los bajos.<\/p>\n<p>Gran expectativa dej\u00f3 el regreso de Caf\u00e9 Tacvba, que hizo vibrar el foro el\u00a0<em>moshpit<\/em>. Pero tambi\u00e9n el de los argentinos de Miranda y su pop incisivo y dulce.<\/p>\n<p>En tanto, los ingleses de UB40, emancipaban a la exaltada audiencia con su reggae cl\u00e1sico.<\/p>\n<p>Las marejadas de personas, la mayor\u00eda vaso de\u00a0<em>chela<\/em>\u00a0en mano, iban de un lado a otro sin que siquiera hubiese terminado una u otra presentaci\u00f3n. El objetivo era disfrutar de la mayor parte de los conciertos, pero tambi\u00e9n de todo momento, de todo espacio.<\/p>\n<\/div>\n<div class=\"col col2\">\n<p>Y segu\u00eda el ruido intenso con Los Caligaris, Los Claxons y Lila Downs, regalando un poquito de cumbia y sabor.<\/p>\n<p>En otros rincones, los festivaleros se daban su tiempo de\u00a0<em>break<\/em>\u00a0con las luchas. S\u00ed, el pancracio lleg\u00f3 al Vive con cuatro funciones sin l\u00edmite de tiempo. Tambi\u00e9n los juegos mec\u00e1nicos, as\u00ed como la comedia, que se hizo presente con un grupo de\u00a0<em>standuperos<\/em>\u00a0que tuvieron su propia carpa.<\/p>\n<p>Caf\u00e9 Tacvba, Le\u00f3n Larregui, Los Caligaris, Carla Morrison, Sergio Arau y Alem\u00e1n, entre algunos otros grupos locales m\u00e1s daban el banquete sonoro.<\/p>\n<p>Rock, ska, hip hop, trap, reggae y m\u00fasica regional fue ofrecida para el disfrute pospand\u00e9mico de los defe\u00f1os y de uno que otro de provincia que hizo el viaje.\u00a0<q>Junt\u00e9 mis catorcenas para venir<\/q>, dijo Karla, qui\u00e9n vino de Quer\u00e9taro para degustar de Reyno, una banda que se escuch\u00f3 fina y potente.<\/p>\n<p>Gente de toda edad sinti\u00f3 las vibras especiales que ofrece este tradicional encuentro, que tambi\u00e9n cont\u00f3 con la Aldea Musical, d\u00f3nde se ofertaron discos, promocionales oficiales de las disqueras independientes, conferencias, talleres y mini\u00a0<em>showcases<\/em>, con bandas seleccionadas en distintos foros.<\/p>\n<p>Por la tarde, la lluvia amenaz\u00f3 y todos cambiaron su\u00a0<em>outfit<\/em>\u00a0por el de agua. S\u00f3lo fue un aviso para encender m\u00e1s los \u00e1nimos y colocarlos dentro del\u00a0<em>mood<\/em>\u00a0de entrega. Desde cualquier rinc\u00f3n se escucha la m\u00fasica. Fue el alimento que se entreg\u00f3 masivamente.<\/p>\n<p>Cerrar\u00edan la jornada sabatina los\u00a0<em>tacubos<\/em>, Austin TV y Alem\u00e1n, que dejaron sabor delicioso en el ambiente, en el que el esp\u00edritu de la libertad fluy\u00f3 y se dej\u00f3 impregnar por el deseo de explotar a trav\u00e9s de la catarsis de la histeria colectiva.<\/p>\n<p>Una vez m\u00e1s, el Vive Latino lo hizo, reuni\u00f3 a 80 mil personas dispuestas a desembolsar hasta cuatro mil pesos por sentir el aire de las andanadas que emiten los bafles gigantes, que peinaron sus almas hasta altas horas del s\u00e1bado pellizcando el domingo, d\u00eda en el que contin\u00faa el \u00e1gape roquero.<\/p>\n<\/div>\n<\/div>\n<div class=\"go gui\">\n<div class=\"go-up\"><\/div>\n<\/div>\n<\/div>\n","protected":false},"excerpt":{"rendered":"<p>Vive Latino re\u00fane a 80 mil en una fiesta de rock, lucha libre y comedia La paz y el orden reinaron en los cinco escenarios dispuestos Juan Jos\u00e9 Olivares La Jornada En el Foro Sol del Aut\u00f3dromo Hermanos Rodr\u00edguez se suscit\u00f3 un contagio masivo. No interprete mal querido lector. Se trata de la infecci\u00f3n que [&hellip;]<\/p>\n","protected":false},"author":249,"featured_media":31587,"comment_status":"open","ping_status":"closed","sticky":false,"template":"","format":"standard","meta":{"footnotes":""},"categories":[26],"tags":[],"class_list":["post-31586","post","type-post","status-publish","format-standard","has-post-thumbnail","hentry","category-mundo"],"_links":{"self":[{"href":"https:\/\/eloficiodehistoriar.com.mx\/index.php?rest_route=\/wp\/v2\/posts\/31586","targetHints":{"allow":["GET"]}}],"collection":[{"href":"https:\/\/eloficiodehistoriar.com.mx\/index.php?rest_route=\/wp\/v2\/posts"}],"about":[{"href":"https:\/\/eloficiodehistoriar.com.mx\/index.php?rest_route=\/wp\/v2\/types\/post"}],"author":[{"embeddable":true,"href":"https:\/\/eloficiodehistoriar.com.mx\/index.php?rest_route=\/wp\/v2\/users\/249"}],"replies":[{"embeddable":true,"href":"https:\/\/eloficiodehistoriar.com.mx\/index.php?rest_route=%2Fwp%2Fv2%2Fcomments&post=31586"}],"version-history":[{"count":1,"href":"https:\/\/eloficiodehistoriar.com.mx\/index.php?rest_route=\/wp\/v2\/posts\/31586\/revisions"}],"predecessor-version":[{"id":31588,"href":"https:\/\/eloficiodehistoriar.com.mx\/index.php?rest_route=\/wp\/v2\/posts\/31586\/revisions\/31588"}],"wp:featuredmedia":[{"embeddable":true,"href":"https:\/\/eloficiodehistoriar.com.mx\/index.php?rest_route=\/wp\/v2\/media\/31587"}],"wp:attachment":[{"href":"https:\/\/eloficiodehistoriar.com.mx\/index.php?rest_route=%2Fwp%2Fv2%2Fmedia&parent=31586"}],"wp:term":[{"taxonomy":"category","embeddable":true,"href":"https:\/\/eloficiodehistoriar.com.mx\/index.php?rest_route=%2Fwp%2Fv2%2Fcategories&post=31586"},{"taxonomy":"post_tag","embeddable":true,"href":"https:\/\/eloficiodehistoriar.com.mx\/index.php?rest_route=%2Fwp%2Fv2%2Ftags&post=31586"}],"curies":[{"name":"wp","href":"https:\/\/api.w.org\/{rel}","templated":true}]}}