{"id":31605,"date":"2023-03-20T11:58:39","date_gmt":"2023-03-20T17:58:39","guid":{"rendered":"https:\/\/eloficiodehistoriar.com.mx\/?p=31605"},"modified":"2023-03-20T11:58:39","modified_gmt":"2023-03-20T17:58:39","slug":"los-mil-rostros-de-ignacio-lopez-tarso","status":"publish","type":"post","link":"https:\/\/eloficiodehistoriar.com.mx\/?p=31605","title":{"rendered":"Los mil rostros de Ignacio L\u00f3pez Tarso"},"content":{"rendered":"<h1 class=\"ljs-merri\">(1925-2023) Los mil rostros de Ignacio L\u00f3pez Tarso<\/h1>\n<p><span class=\"sem-fecha\">Friday, <\/span><\/p>\n<div id=\"carouselSemControls\" class=\"carousel slide\" data-ride=\"carousel\">\n<div class=\"carousel-inner\">\n<div class=\"carousel-item active\">\n<div class=\"ljs-nota-img\">\n<p class=\"ljs-nota-pie\"><b>Con toda segurid<\/b><b>ad, Ignacio L\u00f3pez Tarso no s\u00f3lo era el actor mexicano m\u00e1s longevo que, pr\u00e1cticamente hasta el d\u00eda de su muerte, segu\u00eda activo en los escenarios y frente a las c\u00e1maras: hace d\u00e9cadas, a fuerza de presencia y gracias a su enorme talento histri\u00f3nico, L\u00f3pez Tarso se convirti\u00f3 en una imagen ic\u00f3nica del arte esc\u00e9nico en\u00a0<\/b><b>M\u00e9xico, lo mismo en el teatro que en la cinematograf\u00eda. <\/b><\/p>\n<p class=\"ljs-nota-pie\"><b>Sobre sus hombros descansa mucho de la calidad interpretativa y de lo m\u00e1s memorable del cine nacional posterior a la llamada \u00e9poca de oro, pues en los a\u00f1os cincuenta, sesenta y setenta es cuando el nacido en Ciudad de M\u00e9xico le dio cuerpo y voz a personajes inolvidables como el sordomundo c\u00e1ndido de\u00a0<\/b><i><b>El hombre de papel<\/b><\/i><b>, el gallero taimado pero ingenuo de\u00a0<\/b><i><b>El gallo de oro<\/b><\/i><b>, el asesino transtornado de\u00a0<\/b><i><b>El profeta Mim\u00ed<\/b><\/i><b>, el pueblerino obnubilado de\u00a0<\/b><i><b>Rapi\u00f1a<\/b><\/i><b>, el velador corrompido y asesinado de\u00a0<\/b><i><b>Los alba\u00f1iles<\/b><\/i><b>\u00a0y el que con seguridad es el m\u00e1s recordado: el le\u00f1ador pobr\u00edsimo de\u00a0<\/b><i><b>Macario<\/b><\/i><b>, por mencionar solamente los m\u00e1s relevantes. <\/b><\/p>\n<p class=\"ljs-nota-pie\"><b>Es un lugar com\u00fan, pero es verdad: la muerte de Ignacio L\u00f3pez Tarso no ha hecho sino inmortalizarlo de manera definitiva.<\/b><\/p>\n<\/div>\n<\/div>\n<\/div>\n<\/div>\n","protected":false},"excerpt":{"rendered":"<p>(1925-2023) Los mil rostros de Ignacio L\u00f3pez Tarso Friday, Con toda seguridad, Ignacio L\u00f3pez Tarso no s\u00f3lo era el actor mexicano m\u00e1s longevo que, pr\u00e1cticamente hasta el d\u00eda de su muerte, segu\u00eda activo en los escenarios y frente a las c\u00e1maras: hace d\u00e9cadas, a fuerza de presencia y gracias a su enorme talento histri\u00f3nico, L\u00f3pez [&hellip;]<\/p>\n","protected":false},"author":249,"featured_media":31606,"comment_status":"open","ping_status":"closed","sticky":false,"template":"","format":"standard","meta":{"footnotes":""},"categories":[26],"tags":[],"class_list":["post-31605","post","type-post","status-publish","format-standard","has-post-thumbnail","hentry","category-mundo"],"_links":{"self":[{"href":"https:\/\/eloficiodehistoriar.com.mx\/index.php?rest_route=\/wp\/v2\/posts\/31605","targetHints":{"allow":["GET"]}}],"collection":[{"href":"https:\/\/eloficiodehistoriar.com.mx\/index.php?rest_route=\/wp\/v2\/posts"}],"about":[{"href":"https:\/\/eloficiodehistoriar.com.mx\/index.php?rest_route=\/wp\/v2\/types\/post"}],"author":[{"embeddable":true,"href":"https:\/\/eloficiodehistoriar.com.mx\/index.php?rest_route=\/wp\/v2\/users\/249"}],"replies":[{"embeddable":true,"href":"https:\/\/eloficiodehistoriar.com.mx\/index.php?rest_route=%2Fwp%2Fv2%2Fcomments&post=31605"}],"version-history":[{"count":1,"href":"https:\/\/eloficiodehistoriar.com.mx\/index.php?rest_route=\/wp\/v2\/posts\/31605\/revisions"}],"predecessor-version":[{"id":31607,"href":"https:\/\/eloficiodehistoriar.com.mx\/index.php?rest_route=\/wp\/v2\/posts\/31605\/revisions\/31607"}],"wp:featuredmedia":[{"embeddable":true,"href":"https:\/\/eloficiodehistoriar.com.mx\/index.php?rest_route=\/wp\/v2\/media\/31606"}],"wp:attachment":[{"href":"https:\/\/eloficiodehistoriar.com.mx\/index.php?rest_route=%2Fwp%2Fv2%2Fmedia&parent=31605"}],"wp:term":[{"taxonomy":"category","embeddable":true,"href":"https:\/\/eloficiodehistoriar.com.mx\/index.php?rest_route=%2Fwp%2Fv2%2Fcategories&post=31605"},{"taxonomy":"post_tag","embeddable":true,"href":"https:\/\/eloficiodehistoriar.com.mx\/index.php?rest_route=%2Fwp%2Fv2%2Ftags&post=31605"}],"curies":[{"name":"wp","href":"https:\/\/api.w.org\/{rel}","templated":true}]}}