{"id":31616,"date":"2023-03-21T13:35:27","date_gmt":"2023-03-21T19:35:27","guid":{"rendered":"https:\/\/eloficiodehistoriar.com.mx\/?p=31616"},"modified":"2023-03-21T13:35:27","modified_gmt":"2023-03-21T19:35:27","slug":"las-mascaras-que-nos-ponemos-son-nuestros-verdaderos-rostros","status":"publish","type":"post","link":"https:\/\/eloficiodehistoriar.com.mx\/?p=31616","title":{"rendered":"Las m\u00e1scaras que nos ponemos son nuestros verdaderos rostros"},"content":{"rendered":"<div id=\"article-cont\" class=\"main-cont article-cont actuality\">\n<div class=\"series\">Dos de tres ca\u00eddas<\/div>\n<div class=\"cabeza\"><q>El mexicano se revela en la m\u00e1scara que porta<\/q>, se\u00f1ala Armando Bartra<\/div>\n<div class=\"sumarios\">\n<p>Para el investigador de la UAM, las cubiertas que elegimos diario para salir a la calle son obras de libertad que dise\u00f1amos, son nuestro verdadero rostro. Y convoca:\u00a0<q>\u00a1Mueran las fotos de ovalito! \u00a1Vivan los antifaces, las caretas, los maquillajes, las pr\u00f3tesis! Inventemos nuestro rostro, porque esta es nuestra \u00fanica realidad<\/q>\u00a0\/\/ Cuarta y \u00faltima entrega<\/p>\n<\/div>\n<div id=\"article-text\" class=\"text\">\n<div class=\"foto\">\n<div class=\"pie-foto\">En entrevista, Armando Bartra explica que enmascararse no es una pr\u00e1ctica exclusiva de los mexicanos. <q>No somos m\u00e1s propensos a hacerlo que en otras culturas<\/q>, aclara.<\/div>\n<div><\/div>\n<div class=\"pie-foto\">Sin embargo, s\u00ed reconoce que en nuestro imaginario social las caretas se han elevado a la categor\u00eda de s\u00edmbolos. Por ejemplo, la del\u00a0<em>Santo,\u00a0<\/em>que representa a\u00a0<q>este mundo de apariencias en el que vivimos<\/q>. En las im\u00e1genes se observa mercanc\u00eda que se oferta afuera de la Arena M\u00e9xico.<\/div>\n<div><\/div>\n<\/div>\n<div class=\"col col1\">\n<div class=\"credito-autor\">Juan Manuel V\u00e1zquez<\/div>\n<div class=\"credito-titulo\"><\/div>\n<div class=\"hemero\">La Jornada<\/p>\n<\/div>\n<p class=\"s-s\">Las m\u00e1scaras que nos ponemos son nuestros verdaderos rostros. No esas superficies encarnadas con las que nacemos como consecuencia de un accidente gen\u00e9tico, sino todas las formas que elegimos para mostrarnos. Una pr\u00e1ctica universal que incluye las cubiertas ceremoniales, carnavalescas, teatrales, de lucha libre o, incluso, los\u00a0<em>piercings,\u00a0<\/em>tatuajes e implantes, explica el soci\u00f3logo Armando Bartra, investigador de la Universidad Aut\u00f3noma Metropolitana (UAM), coordinador de\u00a0<em>La Jornada del Campo\u00a0<\/em>y especialista en historieta popular mexicana.<\/p>\n<p><q>No es algo exclusivo de los mexicanos, no podemos decir que somos m\u00e1s propensos a enmascararnos que en otras culturas<\/q>, aclara.<\/p>\n<p><q>Esa forma de ocultarse para mostrarse creo que ha existido en todas las sociedades en la historia; me refiero a usar la m\u00e1scara como un modo de ser aquello que se quiere ser, de actuar aquello que se necesita actuar.<\/q><\/p>\n<p>Sin embargo, en nuestro imaginario social se suceden m\u00faltiples caretas que se han elevado a la categor\u00eda de s\u00edmbolos.<\/p>\n<p class=\"sumario\">Personaje de profundidad mitol\u00f3gica<\/p>\n<p class=\"s-s\">La de\u00a0<em>Santo,\u00a0<\/em>por ejemplo, es la m\u00e1scara por excelencia en la cultura popular mexicana del siglo XX. No es s\u00f3lo un luchador enmascarado, sino un s\u00edmbolo representado en una m\u00e1scara; esta condici\u00f3n es la que da profundidad mitol\u00f3gica al personaje de plata, sostiene Bartra.<\/p>\n<p>\u201cNo hay que olvidar \u2013contra lo que opinaba Octavio Paz en\u00a0<em>El laberinto de la soledad\u2013<\/em>\u00a0que el mexicano se muestra en el modo de ocultarse; nos revelamos en las m\u00e1scaras que elegimos ponernos; esas caretas son nuestros verdaderos rostros. Por eso los enmascarados son seres terriblemente emblem\u00e1ticos y, en la mitolog\u00eda popular,\u00a0<em>Santo\u00a0<\/em>es la m\u00e1scara viviente.\u201d<\/p>\n<p>Detr\u00e1s de una m\u00e1scara no hay absolutamente nada, s\u00f3lo un vac\u00edo que hace que en la cubierta est\u00e9 el verdadero significado de la realidad. Del mismo modo, a\u00f1ade, que el pasamonta\u00f1as, la pipa y la gorra son el\u00a0<em>subcomandante Marcos\u00a0<\/em>y no Sebasti\u00e1n Guill\u00e9n.<\/p>\n<p><q>Lo que se oculta detr\u00e1s de ese pasamonta\u00f1as puede ser una superficialidad pol\u00edtica que s\u00f3lo interesa a la polic\u00eda<\/q>, apunta.<\/p>\n<p>El s\u00edmbolo de\u00a0<em>Santo\u00a0<\/em>trascendi\u00f3 al hombre que se enfundaba la capucha plateada y que se ganaba la vida a punta de costalazos. En cierto modo \u2013plantea\u2013 Rodolfo Guzm\u00e1n Huerta s\u00f3lo fue un accidente, un portador del mito, porque la verdadera esencia era la m\u00e1scara en s\u00ed.<\/p>\n<\/div>\n<div class=\"col col2\">\n<p><q>La jeta con la que nacemos es una fatalidad biol\u00f3gica, un destino gen\u00e9tico que no elegimos. En cambio, las m\u00e1scaras que nos ponemos todos los d\u00edas para salir a la calle son elegidas por nosotros, son obras de libertad que dise\u00f1amos y confeccionamos, son nuestro verdadero rostro en la medida en que nosotros lo inventamos<\/q>, de ah\u00ed su encanto y su poder de seducci\u00f3n, opina Bartra, quien ya desenmascarado exclama:<\/p>\n<p>\u201c\u00a1Mueran las fotos de ovalito! \u00a1Vivan los antifaces, las caretas, los tatuajes, los\u00a0<em>piercings,\u00a0<\/em>las pr\u00f3tesis, los maquillajes! Hagamos como Rodolfo Guzm\u00e1n e inventemos nuestro rostro, hagamos nuestra m\u00e1scara, porque esta es nuestra \u00fanica realidad.\u201d<\/p>\n<p class=\"sumario\">En pandemia, enigmas tras el cubrebocas<\/p>\n<p class=\"s-s\">Esta idea de cubrirnos la cara para actuar en p\u00fablico tiene otro sentido en esta \u00e9poca. La pandemia del coronavirus nos empuj\u00f3 a experimentar a todos ese v\u00e9rtigo del anonimato. Los rostros ocultos tras un cubrebocas se volvi\u00f3 la forma higi\u00e9nica y simb\u00f3lica de mostrarse en la vida diaria. Pasamos de ser las caras an\u00f3nimas de todos los d\u00edas a ser unos enigmas que simbolizaban el miedo de la humanidad.<\/p>\n<p><q>Ese cubrebocas se convirti\u00f3 en el verdadero rostro de la humanidad. El miedo a la muerte por el virus que se manifest\u00f3 en la cara oculta de todos<\/q>, comenta Bartra.<\/p>\n<p>\u2013En esta era, entonces, \u00bfqu\u00e9 significados adquiere un h\u00e9roe enmascarado como\u00a0<em>Santo?<\/em>\u00a0\u00bfTiene alg\u00fan sentido?<\/p>\n<p>\u2013No quisiera decir que\u00a0<em>Santo\u00a0<\/em>sigue correspondiendo a la visi\u00f3n del h\u00e9roe puro y justiciero en el que todav\u00eda cre\u00edamos en los a\u00f1os 50, 60 y hasta en los 70; no, vivimos en un mundo de m\u00e1scaras, y mientras \u00e9stas sigan siendo la \u00fanica forma de vernos las caras mutuamente la imagen del\u00a0<em>Santo\u00a0<\/em>se mantiene como un emblema v\u00e1lido, lo mismo que los pasamonta\u00f1as zapatistas, y \u2013ni modo\u2013 como las m\u00e1scaras de los pol\u00edticos, y como otras formas de revelarse ocultando.<\/p>\n<p>\u201cTenemos al\u00a0<em>Santo\u00a0<\/em>tan presente en nuestro imaginario colectivo, precisamente porque es el s\u00edmbolo de este mundo de apariencias en el que vivimos; no es que no importe lo que est\u00e1 detr\u00e1s, sino que no estamos muy seguros de que haya algo.\u201d<\/p>\n<\/div>\n<\/div>\n<div class=\"go gui\">\n<div class=\"go-up\"><\/div>\n<\/div>\n<\/div>\n<div id=\"taboola-below-content-thumbnails\" class=\" trc_related_container trc_spotlight_widget tbl-feed-container tbl-feed-frame-DIVIDER  render-late-effect\" data-feed-container-num=\"1\" data-feed-main-container-id=\"taboola-below-content-thumbnails\" data-parent-placement-name=\"Below Content Thumbnails\" data-pub-lang=\"es\">\n<div class=\" tbl-feed-header tbl-logo-right-position\">\n<div class=\"tbl-feed-header-logo\"><\/div>\n<\/div>\n<\/div>\n","protected":false},"excerpt":{"rendered":"<p>Dos de tres ca\u00eddas El mexicano se revela en la m\u00e1scara que porta, se\u00f1ala Armando Bartra Para el investigador de la UAM, las cubiertas que elegimos diario para salir a la calle son obras de libertad que dise\u00f1amos, son nuestro verdadero rostro. Y convoca:\u00a0\u00a1Mueran las fotos de ovalito! \u00a1Vivan los antifaces, las caretas, los maquillajes, [&hellip;]<\/p>\n","protected":false},"author":249,"featured_media":31617,"comment_status":"open","ping_status":"closed","sticky":false,"template":"","format":"standard","meta":{"footnotes":""},"categories":[26],"tags":[],"class_list":["post-31616","post","type-post","status-publish","format-standard","has-post-thumbnail","hentry","category-mundo"],"_links":{"self":[{"href":"https:\/\/eloficiodehistoriar.com.mx\/index.php?rest_route=\/wp\/v2\/posts\/31616","targetHints":{"allow":["GET"]}}],"collection":[{"href":"https:\/\/eloficiodehistoriar.com.mx\/index.php?rest_route=\/wp\/v2\/posts"}],"about":[{"href":"https:\/\/eloficiodehistoriar.com.mx\/index.php?rest_route=\/wp\/v2\/types\/post"}],"author":[{"embeddable":true,"href":"https:\/\/eloficiodehistoriar.com.mx\/index.php?rest_route=\/wp\/v2\/users\/249"}],"replies":[{"embeddable":true,"href":"https:\/\/eloficiodehistoriar.com.mx\/index.php?rest_route=%2Fwp%2Fv2%2Fcomments&post=31616"}],"version-history":[{"count":1,"href":"https:\/\/eloficiodehistoriar.com.mx\/index.php?rest_route=\/wp\/v2\/posts\/31616\/revisions"}],"predecessor-version":[{"id":31618,"href":"https:\/\/eloficiodehistoriar.com.mx\/index.php?rest_route=\/wp\/v2\/posts\/31616\/revisions\/31618"}],"wp:featuredmedia":[{"embeddable":true,"href":"https:\/\/eloficiodehistoriar.com.mx\/index.php?rest_route=\/wp\/v2\/media\/31617"}],"wp:attachment":[{"href":"https:\/\/eloficiodehistoriar.com.mx\/index.php?rest_route=%2Fwp%2Fv2%2Fmedia&parent=31616"}],"wp:term":[{"taxonomy":"category","embeddable":true,"href":"https:\/\/eloficiodehistoriar.com.mx\/index.php?rest_route=%2Fwp%2Fv2%2Fcategories&post=31616"},{"taxonomy":"post_tag","embeddable":true,"href":"https:\/\/eloficiodehistoriar.com.mx\/index.php?rest_route=%2Fwp%2Fv2%2Ftags&post=31616"}],"curies":[{"name":"wp","href":"https:\/\/api.w.org\/{rel}","templated":true}]}}