{"id":31625,"date":"2023-03-21T13:55:16","date_gmt":"2023-03-21T19:55:16","guid":{"rendered":"https:\/\/eloficiodehistoriar.com.mx\/?p=31625"},"modified":"2023-03-21T13:55:16","modified_gmt":"2023-03-21T19:55:16","slug":"benito-juarez-garcia-21-marzo-1806-18-julio-1872","status":"publish","type":"post","link":"https:\/\/eloficiodehistoriar.com.mx\/?p=31625","title":{"rendered":"Benito Ju\u00e1rez Garc\u00eda 21 marzo 1806-18 julio 1872"},"content":{"rendered":"<div class=\"page-header\">\n<div class=\"container\">\n<div class=\"row\">\n<div class=\"header-lg hidden-xs hidden-sm hidden-md\">\n<h1 class=\"cl4\">Benito Ju\u00e1rez Garc\u00eda<\/h1>\n<h1 class=\"cl4\">21 marzo 1806-18 julio 1872<\/h1>\n<\/div>\n<\/div>\n<\/div>\n<\/div>\n<div class=\"container\">\n<div class=\"row\">\n<div class=\"col-xs-12 col-md-12\">\n<p>Naci\u00f3 en San Pablo Guelatao, Oaxaca. Hijo de padres indios zapotecas, se fue a Oaxaca a los trece a\u00f1os, cuando a\u00fan no hablaba castellano. Por poco tiempo fue cosechero de grana, pero encontr\u00f3 un protector en Don Antonio Salanueva, encuadernador y terciario de la Orden Franciscana. Con \u00e9l y con el maestro Domingo Gonz\u00e1lez, aprendi\u00f3 a leer. Se matricul\u00f3 en el Seminario de la Santa Cruz, donde estudi\u00f3 preparatoria; curs\u00f3 latinidad, filosof\u00eda, y concluy\u00f3 el bachillerato en 1827. Al a\u00f1o siguiente ingres\u00f3, sin la aprobaci\u00f3n de su protector, al Instituto de Ciencias y Artes, donde se gradu\u00f3 de abogado en 1834, correspondi\u00e9ndole ser el primer profesionista graduado en dicho Instituto.<\/p>\n<p>En 1831 fue regidor del Ayuntamiento de Oaxaca y en 1833, fue diputado local. En 1841 fue juez de lo civil y al ser derrocado de la Presidencia el Gral. Paredes Arrillaga, Ju\u00e1rez result\u00f3 electo diputado federal. Al volver a Oaxaca, Ju\u00e1rez ocup\u00f3 por poco tiempo la gubernatura a la renuncia de Jos\u00e9 Sime\u00f3n Artega. Al terminar el periodo en agosto de 1848, se present\u00f3 candidato al siguiente periodo y result\u00f3 electo. Procur\u00f3 el equilibrio econ\u00f3mico y ejecut\u00f3 algunas obras p\u00fablicas: caminos, reconstrucci\u00f3n del Palacio de Gobierno, fundaci\u00f3n de escuelas normales; levantamiento de una carta geogr\u00e1fica y la formaci\u00f3n del plano de la ciudad de Oaxaca; reorganiz\u00f3 la Guardia Nacional y dej\u00f3 super\u00e1vit en el tesoro. Termin\u00f3 su mandato en 1852.<\/p>\n<p>Al volver Santa-Anna al poder, muchos liberales son desterrados, entre ellos Ju\u00e1rez, primero a Jalapa y luego a La Habana, tras una breve prisi\u00f3n en San Juan de Ul\u00faa. De La Habana se le deport\u00f3 a Nueva Orl\u00e9ans, donde desembarc\u00f3 en octubre de 1853. Despu\u00e9s, al caer Santa-Anna y llegar Juan \u00c1lvarez y Comonfort a la Presidencia, se le nombra\u00f3 ministro de justicia (octubre &#8211; diciembre, 1855). En noviembre de 1855, se expide la ley sobre administraci\u00f3n de justicia, llamada Ley Ju\u00e1rez, en la que son abolidos los fueros. Nombrado gobernador de Oaxaca, se hace cargo del gobierno el 10 de enero de 1856. Convoc\u00f3 a elecciones y fue designado nuevamente. Al expedirse la Constituci\u00f3n Federal de 1857, la promulg\u00f3.<\/p>\n<p>El 17 de diciembre se proclam\u00f3 el Plan de Tacubaya; Ju\u00e1rez no se solidariz\u00f3 con la nueva pol\u00edtica de Comonfort y fue aprehendido. Fue liberado en enero de 1858 y sali\u00f3 de la capital. En julio de 1859 expidi\u00f3, con el apoyo del grupo radical, las llamadas Leyes de Reforma: independencia del Estado respecto de la Iglesia; ley sobre matrimonio civil, sobre el Registro Civil, la de Panteones y Cementerios, paso de los bienes de la Iglesia a la naci\u00f3n.<\/p>\n<p>Gonz\u00e1lez Ortega, civil improvisado general, llev\u00f3 al triunfo a las armas liberales y entr\u00f3 a la ciudad de M\u00e9xico a fines de diciembre de 1860. Mientras, Ju\u00e1rez hab\u00eda prorrogado su mandato en el Gobierno. Convoc\u00f3 a elecciones y result\u00f3 designado para seguir en el mando. La justa suspensi\u00f3n de pagos que orden\u00f3 respecto de la deuda extranjera, provoc\u00f3 la expedici\u00f3n de Inglaterra, Francia y Espa\u00f1a a Veracruz. Al final, Francia qued\u00f3 sola y en 1862 se inici\u00f3 la Intervenci\u00f3n. El ej\u00e9rcito franc\u00e9s fue detenido en Puebla por Zaragoza, el 5 de mayo de 1862, pero en 1863, a pesar de la heroica defensa de Gonz\u00e1lez Ortega, la ciudad cay\u00f3 tras tres meses de asedio. El 31 de mayo Ju\u00e1rez dej\u00f3 la ciudad de M\u00e9xico, encarnando en el \u00e9xodo la soberan\u00eda de M\u00e9xico.<\/p>\n<p>El ej\u00e9rcito franc\u00e9s se retir\u00f3 por la situaci\u00f3n europea y se inici\u00f3 la restauraci\u00f3n de la Rep\u00fablica. Ju\u00e1rez fue reelecto Presidente nuevamente y tom\u00f3 posesi\u00f3n el 25 de diciembre de 1867. Tuvo que sofocar rebeliones en M\u00e9xico y en Yucat\u00e1n, y en 1871 se rebel\u00f3 Porfirio D\u00edaz. Cuando la rebeli\u00f3n iba declinando, muri\u00f3 Don Benito Ju\u00e1rez, el 18 de julio de 1872, en el Palacio Nacional. Acu\u00f1\u00f3 la frase: El respeto al derecho ajeno, es la paz.<\/p>\n<p>Fuente: Diccionario Porr\u00faa de Historia, Biograf\u00eda y Geograf\u00eda de M\u00e9xico.<\/p>\n<\/div>\n<\/div>\n<\/div>\n","protected":false},"excerpt":{"rendered":"<p>Benito Ju\u00e1rez Garc\u00eda 21 marzo 1806-18 julio 1872 Naci\u00f3 en San Pablo Guelatao, Oaxaca. Hijo de padres indios zapotecas, se fue a Oaxaca a los trece a\u00f1os, cuando a\u00fan no hablaba castellano. Por poco tiempo fue cosechero de grana, pero encontr\u00f3 un protector en Don Antonio Salanueva, encuadernador y terciario de la Orden Franciscana. Con [&hellip;]<\/p>\n","protected":false},"author":249,"featured_media":31626,"comment_status":"open","ping_status":"closed","sticky":false,"template":"","format":"standard","meta":{"footnotes":""},"categories":[26],"tags":[],"class_list":["post-31625","post","type-post","status-publish","format-standard","has-post-thumbnail","hentry","category-mundo"],"_links":{"self":[{"href":"https:\/\/eloficiodehistoriar.com.mx\/index.php?rest_route=\/wp\/v2\/posts\/31625","targetHints":{"allow":["GET"]}}],"collection":[{"href":"https:\/\/eloficiodehistoriar.com.mx\/index.php?rest_route=\/wp\/v2\/posts"}],"about":[{"href":"https:\/\/eloficiodehistoriar.com.mx\/index.php?rest_route=\/wp\/v2\/types\/post"}],"author":[{"embeddable":true,"href":"https:\/\/eloficiodehistoriar.com.mx\/index.php?rest_route=\/wp\/v2\/users\/249"}],"replies":[{"embeddable":true,"href":"https:\/\/eloficiodehistoriar.com.mx\/index.php?rest_route=%2Fwp%2Fv2%2Fcomments&post=31625"}],"version-history":[{"count":1,"href":"https:\/\/eloficiodehistoriar.com.mx\/index.php?rest_route=\/wp\/v2\/posts\/31625\/revisions"}],"predecessor-version":[{"id":31627,"href":"https:\/\/eloficiodehistoriar.com.mx\/index.php?rest_route=\/wp\/v2\/posts\/31625\/revisions\/31627"}],"wp:featuredmedia":[{"embeddable":true,"href":"https:\/\/eloficiodehistoriar.com.mx\/index.php?rest_route=\/wp\/v2\/media\/31626"}],"wp:attachment":[{"href":"https:\/\/eloficiodehistoriar.com.mx\/index.php?rest_route=%2Fwp%2Fv2%2Fmedia&parent=31625"}],"wp:term":[{"taxonomy":"category","embeddable":true,"href":"https:\/\/eloficiodehistoriar.com.mx\/index.php?rest_route=%2Fwp%2Fv2%2Fcategories&post=31625"},{"taxonomy":"post_tag","embeddable":true,"href":"https:\/\/eloficiodehistoriar.com.mx\/index.php?rest_route=%2Fwp%2Fv2%2Ftags&post=31625"}],"curies":[{"name":"wp","href":"https:\/\/api.w.org\/{rel}","templated":true}]}}